{"id":12248,"date":"2014-09-23T15:09:42","date_gmt":"2014-09-23T15:09:42","guid":{"rendered":"https:\/\/archivioturi.lavocedelpaese.info\/index.php\/2014\/09\/23\/si-avvicina-ludienza-per-la-denuncia-presentata-da-biagio-elefante\/"},"modified":"2014-09-23T15:09:42","modified_gmt":"2014-09-23T15:09:42","slug":"si-avvicina-ludienza-per-la-denuncia-presentata-da-biagio-elefante","status":"publish","type":"post","link":"https:\/\/archivioturi.lavocedelpaese.info\/index.php\/2014\/09\/23\/si-avvicina-ludienza-per-la-denuncia-presentata-da-biagio-elefante\/","title":{"rendered":"Si avvicina l\u2019udienza per la denuncia presentata da Biagio Elefante."},"content":{"rendered":"<p><img loading=\"lazy\" decoding=\"async\" src=\"https:\/\/farm3.staticflickr.com\/2082\/2401185941_78500ab971_m.jpg\" width=\"240\" height=\"160\" alt=\"biagio elefante.JPG\" \/><\/p>\n<p style=\"text-align: justify;\">Una piccola novit\u00e0 sul fronte della denuncia presentata da Biagio Elefante riguardante le passate elezioni. Come probabilmente in molti sanno, la prima udienza \u00e8 stata fissata per l\u20198 ottobre e il relatore nominato dal Presidente del Tar avrebbe dovuto essere un certo Giuseppe Alegretti, di Gioia del Colle, il quale, come ci riferisce lo stesso Elefante, a meno di un mese non sarebbe pi\u00f9 disponibile. Sarebbe stato nominato al suo posto il relatore Cocomile, un magistrato \u201cestremamente preciso\u201d. Elefante si chiede quali possano essere i motivi per cui Alegretti non sia pi\u00f9 disponibile: \u201dHo chiesto alla segreteria del Tar, ma mi hanno detto che quello \u00e8 un fatto personale tra il Relatore e il Presidente\u201d. Questi restano sconosciuti, dato che nel fascicolo presentato non vi sarebbero documenti che spieghino questa scelta. \u201cCi potrebbe essere anche un\u2019ipotesi che resta tale \u2013 aggiunge Elefante \u2013 Alegretti \u00e8 di Gioia del Colle, proprio come il consigliere provinciale Claudio de Leopardi che ha autentificato le 180 firme. Pu\u00f2 anche darsi che il relatore abbia visto il ricorso e, dato che viene contestata la regolarit\u00e0 delle firme autentificate da questo soggetto, si potrebbe pensare (senza che questo diventi qualcosa di anormale o di strano) che ci sia stata una legittima astensione per motivi personali\u201d. Sempre luned\u00ec scorso, \u00e8 stata presa visione degli undici di Impegno Comune per Turi che si sono costituiti: mancherebbe solo il consigliere di maggioranza Arianna Gasparro, dato che quando gli altri si sono costituiti, lei non era ancora consigliere. Tuttavia, ci spiega Elefante \u2013&nbsp; \u201cLa vera controparte \u00e8 il Comune insieme alla Commissione che ha proclamato gli eletti\u201d, pur non essendosi il Comune ancora costituito. Per questo, Biagio Elefante ha provveduto a notificare all\u2019Ente la sostituzione del relatore, poich\u00e9, \u201cora potrebbe avere interesse a costituirsi, vedendo che \u00e8 cambiato il collegio giudicante\u201d.<\/p>\n","protected":false},"excerpt":{"rendered":"<p><img loading=\"lazy\" decoding=\"async\" src=\"https:\/\/farm3.staticflickr.com\/2082\/2401185941_78500ab971_m.jpg\" width=\"240\" height=\"160\" alt=\"biagio elefante.JPG\" \/><\/p>\n","protected":false},"author":1,"featured_media":0,"comment_status":"open","ping_status":"closed","sticky":false,"template":"","format":"standard","meta":{"colormag_page_container_layout":"default_layout","colormag_page_sidebar_layout":"default_layout","footnotes":""},"categories":[4],"tags":[],"class_list":["post-12248","post","type-post","status-publish","format-standard","hentry","category-politica"],"_links":{"self":[{"href":"https:\/\/archivioturi.lavocedelpaese.info\/index.php\/wp-json\/wp\/v2\/posts\/12248","targetHints":{"allow":["GET"]}}],"collection":[{"href":"https:\/\/archivioturi.lavocedelpaese.info\/index.php\/wp-json\/wp\/v2\/posts"}],"about":[{"href":"https:\/\/archivioturi.lavocedelpaese.info\/index.php\/wp-json\/wp\/v2\/types\/post"}],"author":[{"embeddable":true,"href":"https:\/\/archivioturi.lavocedelpaese.info\/index.php\/wp-json\/wp\/v2\/users\/1"}],"replies":[{"embeddable":true,"href":"https:\/\/archivioturi.lavocedelpaese.info\/index.php\/wp-json\/wp\/v2\/comments?post=12248"}],"version-history":[{"count":0,"href":"https:\/\/archivioturi.lavocedelpaese.info\/index.php\/wp-json\/wp\/v2\/posts\/12248\/revisions"}],"wp:attachment":[{"href":"https:\/\/archivioturi.lavocedelpaese.info\/index.php\/wp-json\/wp\/v2\/media?parent=12248"}],"wp:term":[{"taxonomy":"category","embeddable":true,"href":"https:\/\/archivioturi.lavocedelpaese.info\/index.php\/wp-json\/wp\/v2\/categories?post=12248"},{"taxonomy":"post_tag","embeddable":true,"href":"https:\/\/archivioturi.lavocedelpaese.info\/index.php\/wp-json\/wp\/v2\/tags?post=12248"}],"curies":[{"name":"wp","href":"https:\/\/api.w.org\/{rel}","templated":true}]}}