{"id":12247,"date":"2014-09-23T09:07:54","date_gmt":"2014-09-23T09:07:54","guid":{"rendered":"https:\/\/archivioturi.lavocedelpaese.info\/index.php\/2014\/09\/23\/parola-a-topputi\/"},"modified":"2014-09-23T09:07:54","modified_gmt":"2014-09-23T09:07:54","slug":"parola-a-topputi","status":"publish","type":"post","link":"https:\/\/archivioturi.lavocedelpaese.info\/index.php\/2014\/09\/23\/parola-a-topputi\/","title":{"rendered":"Parola a Topputi"},"content":{"rendered":"<p><img loading=\"lazy\" decoding=\"async\" src=\"https:\/\/farm4.staticflickr.com\/3898\/15297810275_17ece8b6e7_n.jpg\" width=\"320\" height=\"212\" alt=\"Fabio Topputi\" \/><\/p>\n<p style=\"text-align: justify;\">Chi ha assistito all\u2019ultimo consiglio comunale di certo sapr\u00e0 che Tundo e Birardi avevano presentato un emendamento che non ha avuto vita facile, almeno nei suoi primi giorni di vita. Tuttavia, i due consiglieri non disperano, sperando che la maggioranza possa condividerne la proposta. Chiediamo al consigliere Topputi di spiegarci meglio di cosa si tratta.<\/p>\n<p style=\"text-align: justify;\"><strong>1) Cosa prevedeva l\u2019emendamento e perch\u00e9 l\u2019avete presentato?<\/strong><\/p>\n<p style=\"text-align: justify;\">L\u2019emendamento che abbiamo presentato nello scorso mese di agosto \u00e8 il seguente:<\/p>\n<p style=\"text-align: justify;\">aggiungere, nell\u2019ambito degli articoli 6, 7 ed 8 del Regolamento per la disciplina del Tributo sui servizi indivisibili (TASI) e della deliberazione relativa alle aliquote, la seguente previsione: \u201cSono comunque totalmente esonerate dal pagamento del tributo locale TASI, per un periodo di 5 (Cinque) anni, le nuove attivit\u00e0 economiche, con insediamento in immobili ubicati nel Centro storico, avviate da giovani di et\u00e0 fino al 35.mo anno. L\u2019esonero decorre dall\u2019anno in corso all\u2019inizio dell\u2019attivit\u00e0 e per i 4 (quattro) anni successivi\u201d.<\/p>\n<p style=\"text-align: justify;\">La finalit\u00e0 dell\u2019emendamento \u00e8 quella di dare un incentivo concreto ai giovani fino a 35 anni che intraprendono una nuova attivit\u00e0 economica nel centro storico, non facendoli pagarela TASIper 5 anni. Solo in questo modo si possono incoraggiare i giovani, altrimenti i costi che devono sostenere fin dall\u2019apertura dell\u2019attivit\u00e0 (in termini di tasse a tutti i livelli e contributi INPS) sono semplicemente scoraggianti.<\/p>\n<p style=\"text-align: justify;\">Gi\u00e0 dal Luglio scorso io ed il Dott. Birardi ci stiamo battendo per dare questa opportunit\u00e0 ai giovani turesi ed in entrambe le volte ( a luglio ed agosto) la maggioranza ha detto che condivideva la proposta e che l\u2019avrebbe portata in occasione dell\u2019 approvazione del bilancio previsto per il 30\/09\/2014. Staremo a vedere: \u00e8 chiaro che se non l\u2019approveranno, i componenti della maggioranza avranno chiaramente dimostrato di non voler riconoscere questo incentivo e di lavorare solo a parole per l\u2019incremento dell\u2019occupazione giovanile e per la valorizzazione del centro storico nel nostro Comune. Noi ci batteremo fino all\u2019ultimo.<\/p>\n<p style=\"text-align: justify;\"><strong>2) In opposizione \u00e8 stata contestata una certa velocit\u00e0 nella convocazione del consiglio, in vista delle scadenze. Ritieni, come la Volpicella, che questo vi abbia in qualche modo limitato nelle vostre attivit\u00e0?<\/strong><\/p>\n<p style=\"text-align: justify;\">Il consiglio comunale \u00e8 stato convocato 5 giorni prima della data fissata e tra questi giorni c\u2019era anche il sabato e la domenica. Tra l\u2019altro i fascicoli relativi ai punti all\u2019ordine del giorno erano carenti dei documenti essenziali alla comprensione degli stessi. \u00c8 chiaro che in queste condizioni la vita politica del consigliere comunale di opposizione \u00e8 estremamente impegnativa e disagiata diversamente dai consiglieri di maggioranza che,teoricamente, posso arrivare in consiglio comunale molto pi\u00f9 preparati. \u00c8 evidente, quindi, la discriminazione che spero che il Sindaco provveda ad eliminare semplicemente convocando i consigli comunali di luned\u00ec (s\u00ec da avere i 5 giorni feriali a disposizione dei consiglieri comunali) e predisponendo i fascicoli completi di tutta la documentazione.&nbsp;<\/p>\n<p style=\"text-align: justify;\"><strong>3) L\u2019emendamento non \u00e8 passato. Ritenete valide le motivazioni del segretario?<\/strong><\/p>\n<p style=\"text-align: justify;\">Le motivazioni sono state strumentali. Vedremo, come ho gi\u00e0 detto, in sede di approvazione del bilancio 2014. \u00c8 in quella sede che capir\u00f2 la reale volont\u00e0 della maggioranza consiliare.<\/p>\n<p style=\"text-align: justify;\"><strong>4) Cosa ne pensi della nuova TASI e del costo dei servizi indivisibili? Ritieni che si poteva fare di pi\u00f9 o diversamente?<\/strong><\/p>\n<p style=\"text-align: justify;\">Si deve fare di pi\u00f9: non si pu\u00f2 fare semplicemente i contabili. Compito del politico \u00e8 anche fornire migliori servizi a costi minori semplicemente risparmiando l\u00e0 dove \u00e8 possibile. \u00c8 chiaro che a costi minori corrispondono tasse minori. Bene, \u00e8 questo che deve fare l\u2019Amministrazione comunale: pi\u00f9 politica lungimirante e meno gestione contabile del quotidiano. \u00c8 quello che \u00e8 mancato perla TASIdel 2014.&nbsp; &nbsp;<\/p>\n<p style=\"text-align: justify;\"><strong>5) Per la festa patronale non c\u2019\u00e8 stato bisogno di attingere a finanziamenti comunali. Puoi dirci qualcosa dei bilanci della Pro loco al riguardo?<\/strong><\/p>\n<p style=\"text-align: justify;\">Anche per quest\u2019anno il Nuovo Comitato Festa patronale non ha fatto riferimento alle casse comunali dimostrando di essere capace di finanziare le spese sostenute con le offerte dei cittadini. Di questo \u00e8 stato dato ampiamente conto ai cittadini con la pubblicazione del Rendiconto per gli anni 2013 e 2014 perch\u00e9, nel momento in cui si gestiscono risorse pubbliche, \u00e8 un dovere dare conto pubblicamente della loro utilizzazione oltre ad essere un motivo di trasparenza ed autorevolezza dell\u2019intero operato.<\/p>\n<p style=\"text-align: justify;\">Riguardo la ProLoco, non saprei dire: quando daranno conto della loro gestione, io ed i cittadini turesi avremo modo di apprezzare l\u2019operato di questa Associazione.&nbsp;<\/p>\n","protected":false},"excerpt":{"rendered":"<p><img loading=\"lazy\" decoding=\"async\" src=\"https:\/\/farm4.staticflickr.com\/3898\/15297810275_17ece8b6e7_n.jpg\" width=\"320\" height=\"212\" alt=\"Fabio Topputi\" \/><\/p>\n","protected":false},"author":1,"featured_media":0,"comment_status":"open","ping_status":"closed","sticky":false,"template":"","format":"standard","meta":{"colormag_page_container_layout":"default_layout","colormag_page_sidebar_layout":"default_layout","footnotes":""},"categories":[4],"tags":[],"class_list":["post-12247","post","type-post","status-publish","format-standard","hentry","category-politica"],"_links":{"self":[{"href":"https:\/\/archivioturi.lavocedelpaese.info\/index.php\/wp-json\/wp\/v2\/posts\/12247","targetHints":{"allow":["GET"]}}],"collection":[{"href":"https:\/\/archivioturi.lavocedelpaese.info\/index.php\/wp-json\/wp\/v2\/posts"}],"about":[{"href":"https:\/\/archivioturi.lavocedelpaese.info\/index.php\/wp-json\/wp\/v2\/types\/post"}],"author":[{"embeddable":true,"href":"https:\/\/archivioturi.lavocedelpaese.info\/index.php\/wp-json\/wp\/v2\/users\/1"}],"replies":[{"embeddable":true,"href":"https:\/\/archivioturi.lavocedelpaese.info\/index.php\/wp-json\/wp\/v2\/comments?post=12247"}],"version-history":[{"count":0,"href":"https:\/\/archivioturi.lavocedelpaese.info\/index.php\/wp-json\/wp\/v2\/posts\/12247\/revisions"}],"wp:attachment":[{"href":"https:\/\/archivioturi.lavocedelpaese.info\/index.php\/wp-json\/wp\/v2\/media?parent=12247"}],"wp:term":[{"taxonomy":"category","embeddable":true,"href":"https:\/\/archivioturi.lavocedelpaese.info\/index.php\/wp-json\/wp\/v2\/categories?post=12247"},{"taxonomy":"post_tag","embeddable":true,"href":"https:\/\/archivioturi.lavocedelpaese.info\/index.php\/wp-json\/wp\/v2\/tags?post=12247"}],"curies":[{"name":"wp","href":"https:\/\/api.w.org\/{rel}","templated":true}]}}