{"id":12246,"date":"2014-09-23T11:05:53","date_gmt":"2014-09-23T11:05:53","guid":{"rendered":"https:\/\/archivioturi.lavocedelpaese.info\/index.php\/2014\/09\/23\/arriva-il-funzionario\/"},"modified":"2014-09-23T11:05:53","modified_gmt":"2014-09-23T11:05:53","slug":"arriva-il-funzionario","status":"publish","type":"post","link":"https:\/\/archivioturi.lavocedelpaese.info\/index.php\/2014\/09\/23\/arriva-il-funzionario\/","title":{"rendered":"Arriva il funzionario"},"content":{"rendered":"<p><img loading=\"lazy\" decoding=\"async\" src=\"https:\/\/farm4.staticflickr.com\/3891\/15306251411_92effcf558_n.jpg\" width=\"320\" height=\"180\" alt=\"Il Sindaco di Noci Domenico Nisi\" \/><\/p>\n<p style=\"text-align: justify;\">Una novit\u00e0 in tema di ragioneria e bilanci vede nuovamente protagonista il Comune di Turi, che gi\u00e0 da troppo tempo vive orfano di un funzionario di ragioneria. Lunghe e ardue peripezie ne hanno caratterizzato la storia degli ultimi tempi, creando purtroppo situazioni di blocco e di immobilit\u00e0 da parte dei vari amministratori pubblici. Una situazione difficile da gestire, in vista dell\u2019approvazione del bilancio, che inevitabilmente ha creato non pochi problemi all\u2019Amministrazione Coppi, che ha cercato e chiesto ai vari Comuni una piccola collaborazione, non ricevendo il ben sperato s\u00ec. Tuttavia, negli ultimi giorni sembrerebbe che il vento abbia iniziato a soffiare nel verso giusto, tant\u2019\u00e8 che si vocifera che la situazione si sia momentaneamente sbloccata. \u00c8 lo stesso Sindaco a confermarci l\u2019esistenza di questo spiraglio di luce: luned\u00ec mattina \u00e8 stata presentata una richiesta a Noci per richiedere la presenza sul comune di Turi della loro responsabile di ragioneria, la dott.ssa Margherita D\u2019Alena. \u201cverbalmente ci sono tutti gli accordi \u2013. Venerd\u00ec ho parlato sia con il sindaco di Noci, il dott. Domenico Nisi, sia con la persona interessata, sono tutti disponibili e questa mattina abbiamo fatto la richiesta formale perch\u00e9 ci diano questa possibilit\u00e0, almeno fino alla fine di ottobre per fare il bilancio, perch\u00e9 nel frattempo speriamo anche di creare le condizioni per emanare un bando di mobilit\u00e0 e risolvere il problema alla radice\u201d. Tamponato il problema, dunque, volont\u00e0 di Coppi e quella di dotarsi di un funzionario stabile presso gli uffici dell\u2019Ente comunale, che possa garantire una normale attivit\u00e0 amministrativa ed economica. \u201c Non \u00e8 che possiamo stare a queste condizioni\u201d \u2013 ci confida. Sempre luned\u00ec, in occasione di un\u2019iniziativa a Noci sulla sanit\u00e0, i due sindaci si sono nuovamente incontrati &nbsp;e pare che si sia avuta la conferma di questa collaborazione, seppur non in maniera ufficiale: \u201cIl comune di Noci non ha fatto storie, confermando anzi gli accordi che si andavano prendendo\u201d.&nbsp; L\u2019ufficialit\u00e0 sarebbe dunque una questione di ore e una proforma a quanto gi\u00e0 stabilito.&nbsp;<\/p>\n","protected":false},"excerpt":{"rendered":"<p><img loading=\"lazy\" decoding=\"async\" src=\"https:\/\/farm4.staticflickr.com\/3891\/15306251411_92effcf558_n.jpg\" width=\"320\" height=\"180\" alt=\"Il Sindaco di Noci Domenico Nisi\" \/><\/p>\n","protected":false},"author":1,"featured_media":0,"comment_status":"open","ping_status":"closed","sticky":false,"template":"","format":"standard","meta":{"colormag_page_container_layout":"default_layout","colormag_page_sidebar_layout":"default_layout","footnotes":""},"categories":[4],"tags":[],"class_list":["post-12246","post","type-post","status-publish","format-standard","hentry","category-politica"],"_links":{"self":[{"href":"https:\/\/archivioturi.lavocedelpaese.info\/index.php\/wp-json\/wp\/v2\/posts\/12246","targetHints":{"allow":["GET"]}}],"collection":[{"href":"https:\/\/archivioturi.lavocedelpaese.info\/index.php\/wp-json\/wp\/v2\/posts"}],"about":[{"href":"https:\/\/archivioturi.lavocedelpaese.info\/index.php\/wp-json\/wp\/v2\/types\/post"}],"author":[{"embeddable":true,"href":"https:\/\/archivioturi.lavocedelpaese.info\/index.php\/wp-json\/wp\/v2\/users\/1"}],"replies":[{"embeddable":true,"href":"https:\/\/archivioturi.lavocedelpaese.info\/index.php\/wp-json\/wp\/v2\/comments?post=12246"}],"version-history":[{"count":0,"href":"https:\/\/archivioturi.lavocedelpaese.info\/index.php\/wp-json\/wp\/v2\/posts\/12246\/revisions"}],"wp:attachment":[{"href":"https:\/\/archivioturi.lavocedelpaese.info\/index.php\/wp-json\/wp\/v2\/media?parent=12246"}],"wp:term":[{"taxonomy":"category","embeddable":true,"href":"https:\/\/archivioturi.lavocedelpaese.info\/index.php\/wp-json\/wp\/v2\/categories?post=12246"},{"taxonomy":"post_tag","embeddable":true,"href":"https:\/\/archivioturi.lavocedelpaese.info\/index.php\/wp-json\/wp\/v2\/tags?post=12246"}],"curies":[{"name":"wp","href":"https:\/\/api.w.org\/{rel}","templated":true}]}}