{"id":12242,"date":"2014-09-22T06:53:31","date_gmt":"2014-09-22T06:53:31","guid":{"rendered":"https:\/\/archivioturi.lavocedelpaese.info\/index.php\/2014\/09\/22\/resta-al-fianco-di-renzi\/"},"modified":"2014-09-22T06:53:31","modified_gmt":"2014-09-22T06:53:31","slug":"resta-al-fianco-di-renzi","status":"publish","type":"post","link":"https:\/\/archivioturi.lavocedelpaese.info\/index.php\/2014\/09\/22\/resta-al-fianco-di-renzi\/","title":{"rendered":"Resta&#8230; al fianco di Renzi"},"content":{"rendered":"<p><img loading=\"lazy\" decoding=\"async\" src=\"https:\/\/farm6.staticflickr.com\/5570\/15309242425_ce83120372_n.jpg\" width=\"320\" height=\"240\" alt=\"L'ex sindaco Resta e il premier Matteo Renzi parlano e sorridono\" \/><\/p>\n<p style=\"text-align: justify;\">Le sorti e la vita del premier Matteo Renzi sono state affidate nelle sue mani. Il prof. Onofrio Resta, pneumologo, ex sindaco ed ex assessore provinciale lo abbiamo visto fianco a fianco al presidente Renzi, in visita a Bari sabato scorso, 13 settembre, durante e dopo la cerimonia inaugurale della 78ma Fiera del Levante.<\/p>\n<p style=\"text-align: justify;\"><strong>Professore, lei ci sorprende sempre. L&#8217;abbiamo vista su tutti i tigg\u00ec e sui giornali al fianco di Renzi. Ma come mai? Che ci faceva con Renzi? <\/strong><\/p>\n<p style=\"text-align: justify;\">&#8220;Chiariamo subito. La mia \u00e8 stata una presenza esclusivamente professionale, nemmeno istituzionale, poich\u00e9 non avevo titolo. Una serie di coincidenze e di concomitanze mi hanno portato da lui. Abbiamo allestito uno stand in fiera con la mia scuola di specializzazione di malattie dell&#8217;apparato respiratorio, di cardiologia e oculistica, offrendo uno screening gratuito ai visitatori. Cos\u00ec mi \u00e8 stato chiesto di coordinare tutta l&#8217;attivit\u00e0 sanitaria della fiera, curando i collegamenti con il servizio ambulanze, con l&#8217;ambulatorio di pronto intervento, e con le associazioni di volontariato. In virt\u00f9 di questo, mi \u00e8 stato chiesto di seguire l&#8217;organizzazione dell&#8217;assistenza al premier per eventuali problemi medici che potessero interessarlo durante e dopo la cerimonia inaugurale. In questa veste ho seguito il premier nelle tre ore in cui \u00e8 stato in fiera&#8221;.<\/p>\n<p style=\"text-align: justify;\"><strong>Ci dica cosa le ha confidato? Quali sensazioni ha provato? Come \u00e8 stato il suo rapporto col premier?<\/strong><\/p>\n<p style=\"text-align: justify;\">&#8220;\u00c8 stato un lavoraccio, anche perch\u00e9 la passeggiata dopo la cerimonia non era prevista dal protocollo. A fine discorso, Renzi doveva lasciare la sala, entrare in auto e partire per Mola. Invece, su pressione di Vendola, il premier ha visitato lo stand della Regione Puglia, ben lontano dalla sala inaugurale. Non c&#8217;erano transenne, il premier \u00e8 stato preso d&#8217;assalto per foto, autografi. Il servizio d&#8217;ordine ha faticato tantissimo per contenere la mole di gente. Voi giornalisti avete faticato non poco, basta guardare le immagini. Per fortuna non ci sono stati problemi. Questa esperienza mi \u00e8 gi\u00e0 capitata altre due volte, nel passato. Io e Renzi abbiamo parlato pi\u00f9 volte durante il percorso. Un episodio che mi \u00e8 rimasto impresso \u00e8 che, quando mi sono presentato, e gli ho spiegato perch\u00e9 fossi l\u00ec, lui ha ironizzato facendo una smorfia, quasi scherzando sulla sua salute. Gli ho anche parlato del nostro movimento, che stiamo portando avanti con il presidente Patroni-Griffi, e l&#8217;ho rassicurato sul fatto che noi siamo la classe dirigente che non resiste al cambiamento, ma che lo sostiene, e che lo supporteremo invitandolo a continuare cos\u00ec a Roma. Poi, prima di andare via, essendo mia figlia fissata per Renzi, gli ho chiesto una dedica per Emanuela.&#8221;<\/p>\n<p style=\"text-align: justify;\"><strong>Ha parlato delle primarie? Dello stato della Puglia? Di Emiliano? <\/strong><\/p>\n<p style=\"text-align: justify;\">&#8220;Ha fatto qualche battuta con il sottosegretario Luca Lotti, ma queste cose me le tengo per me.&#8221;<\/p>\n<p style=\"text-align: justify;\"><strong>Come mai non interviene pi\u00f9 su Turi?<\/strong><\/p>\n<p style=\"text-align: justify;\">&#8220;Mia figlia Emanuela me lo impedisce, ma arriver\u00e0 il momento&#8230; &#8220;.<\/p>\n<p style=\"text-align: justify;\"><strong>Per chi? Per Michele Boccardi? A proposito, che ne dice, ce la far\u00e0 a diventare senatore? Nel voto per la Consulta siamo alla 13ma fumata nera&#8230;<\/strong><\/p>\n<p style=\"text-align: justify;\">&#8220;Poveretto lasciamolo stare in pace. Chiss\u00e0 come sta in tensione&#8230; ma secondo me dovrebbe farcela&#8221;.<\/p>\n<p style=\"text-align: justify;\"><strong>E lei ne sarebbe contento? <\/strong><\/p>\n<p style=\"text-align: justify;\">&#8220;Se devo essere onesto, con tutti quelli che stanno a Roma, almeno Boccardi i voti li ha, non so come faccia a prenderli, o se i voti li merita, ma ci sono. Oltretutto vorrei ricordare che, seppure mi \u00e8 stato rinfacciato del contrario, quando ero sindaco alla Camera non ho votato Forza Italia, ma al Senato ho votato e fatto votare Boccardi, perch\u00e9 lo meritava, e non rinnego quella scelta. Capisco che esiste anche una soddisfazione personale, ma Boccardi, per essere utile a Turi e al territorio, dovrebbe un po&#8217; autonomizzarsi: che senso avrebbe fare il senatore in un gruppo di una corrente minoritaria, di un partito che sta per giunta all&#8217;opposizione? E poi, quanto durer\u00e0 questo ruolo?&#8221;.<\/p>\n<p style=\"text-align: justify;\"><strong>Allora lo vede che sta gufando un po&#8217; in queste ore che precedono l&#8217;elezione della Consulta? Il passato \u00e8 tutto cancellato? Tutto finito?<\/strong><\/p>\n<p style=\"text-align: justify;\">&#8220;Mah no, mi interessa poco il destino di Boccardi. D&#8217;altra parte, il mio conto con lui \u00e8 chiuso, con le ultime elezioni comunali, quando Forza Italia, avendo rotto il centro-destra, non solo ha perso il Comune, ma langue all&#8217;opposizione con uno, o forse due consiglieri; cifre molto diverse da quando governava il paese con Gigantelli o con Onofrio Resta, che detto per inciso, aveva unito il centrodestra, ora diviso in tre tronconi e perdente, e che aveva vinto con il 41%. La soddisfazione d&#8217;altra parte \u00e8 doppia, considerando che quasi tutti quelli che mi hanno mandato a casa, tra protagonisti attivi e mandanti, sono a casa peggio di me, e qualcuno anche in malissimo modo.&#8221;<\/p>\n<p style=\"text-align: justify;\"><strong>Che ne pensa del bilancio a Turi e della Tasi al massimo? Che ne pensa, proprio lei che, sarebbe caduto sulle tasse?<\/strong><\/p>\n<p style=\"text-align: justify;\">&#8220;Certo, le prime avvisaglie e i movimenti dell&#8217;amministrazione Coppi non sono poi tanto lontani dalle decisioni che stavamo prendendo noi: stavamo cercando di introitare risorse per garantire servizi, altrimenti a Turi non si riesce manco a pagare gli stipendi. Ma, per esprimere un giudizio completo, attendo il bilancio, se non altro perch\u00e9, non posso dimenticare i circa 400 turesi che hanno votato Resta, e che non sono pochi. Anche per questo continuer\u00f2 a interessarmi delle cose di Turi, seppure da lontano e con maggior serenit\u00e0. Al resto penser\u00e0 mia figlia che ha dimostrato un sorprendente carattere e un interesse e una grande passione per la politica&#8221;.<\/p>\n","protected":false},"excerpt":{"rendered":"<p><img loading=\"lazy\" decoding=\"async\" src=\"https:\/\/farm6.staticflickr.com\/5570\/15309242425_ce83120372_n.jpg\" width=\"320\" height=\"240\" alt=\"L'ex sindaco Resta e il premier Matteo Renzi parlano e sorridono\" \/><\/p>\n","protected":false},"author":1,"featured_media":0,"comment_status":"open","ping_status":"closed","sticky":false,"template":"","format":"standard","meta":{"colormag_page_container_layout":"default_layout","colormag_page_sidebar_layout":"default_layout","footnotes":""},"categories":[4],"tags":[],"class_list":["post-12242","post","type-post","status-publish","format-standard","hentry","category-politica"],"_links":{"self":[{"href":"https:\/\/archivioturi.lavocedelpaese.info\/index.php\/wp-json\/wp\/v2\/posts\/12242","targetHints":{"allow":["GET"]}}],"collection":[{"href":"https:\/\/archivioturi.lavocedelpaese.info\/index.php\/wp-json\/wp\/v2\/posts"}],"about":[{"href":"https:\/\/archivioturi.lavocedelpaese.info\/index.php\/wp-json\/wp\/v2\/types\/post"}],"author":[{"embeddable":true,"href":"https:\/\/archivioturi.lavocedelpaese.info\/index.php\/wp-json\/wp\/v2\/users\/1"}],"replies":[{"embeddable":true,"href":"https:\/\/archivioturi.lavocedelpaese.info\/index.php\/wp-json\/wp\/v2\/comments?post=12242"}],"version-history":[{"count":0,"href":"https:\/\/archivioturi.lavocedelpaese.info\/index.php\/wp-json\/wp\/v2\/posts\/12242\/revisions"}],"wp:attachment":[{"href":"https:\/\/archivioturi.lavocedelpaese.info\/index.php\/wp-json\/wp\/v2\/media?parent=12242"}],"wp:term":[{"taxonomy":"category","embeddable":true,"href":"https:\/\/archivioturi.lavocedelpaese.info\/index.php\/wp-json\/wp\/v2\/categories?post=12242"},{"taxonomy":"post_tag","embeddable":true,"href":"https:\/\/archivioturi.lavocedelpaese.info\/index.php\/wp-json\/wp\/v2\/tags?post=12242"}],"curies":[{"name":"wp","href":"https:\/\/api.w.org\/{rel}","templated":true}]}}