{"id":12241,"date":"2014-09-22T05:49:35","date_gmt":"2014-09-22T05:49:35","guid":{"rendered":"https:\/\/archivioturi.lavocedelpaese.info\/index.php\/2014\/09\/22\/strade-che-disastro\/"},"modified":"2014-09-22T05:49:35","modified_gmt":"2014-09-22T05:49:35","slug":"strade-che-disastro","status":"publish","type":"post","link":"https:\/\/archivioturi.lavocedelpaese.info\/index.php\/2014\/09\/22\/strade-che-disastro\/","title":{"rendered":"Strade: che disastro!"},"content":{"rendered":"<p><img loading=\"lazy\" decoding=\"async\" src=\"https:\/\/farm4.staticflickr.com\/3892\/15122504000_4f93c479c9_n.jpg\" alt=\"no did (2)\" width=\"320\" height=\"240\" \/><\/p>\n<p style=\"text-align: justify;\">\u00c8 di 350 \u20ac la spesa che una nostra concittadina dovr\u00e0 affrontare in seguito ad un incidente accadutole nella mattinata di mercoled\u00ec 17 settembre. <img loading=\"lazy\" decoding=\"async\" style=\"margin-top: 10px; margin-bottom: 10px; margin-left: 10px; float: right;\" src=\"https:\/\/farm6.staticflickr.com\/5579\/15122451289_330ca697ea_n.jpg\" alt=\"no did (1)\" width=\"240\" height=\"320\" \/>A causare il tutto, come lei stessa denuncia sulla pagina Facebook, le nostre strade cittadine. Strade ricche di buche e di rattoppi venuti male, che le hanno procurato la rottura della coppa dell\u2019olio e la relativa sottocoppa, con la conseguente fuoriuscita dell\u2019olio lungo tutto il percorso stradale. Ma parliamo di strade? Di quell\u2019asfalto di colore grigio che dovrebbe coprire i percorsi urbani ed extraurbani ma che, come raccontano le foto, non si vede? Perch\u00e9 effettivamente, come ci racconta la nostra lettrice, Mimma Laruccia, vittima dell\u2019incidente di via Cristoforo Colombo, sono tante le volte che \u00e8 stata reclamata l\u2019attenzione verso quella via che, seppur non centrale, rappresenta il percorso obbligato per diverse famiglie residenti in quella zona. Ma qui si trova il paradosso. Perch\u00e9 se i turesi sono chiamati a pagare tasse e obblighi perch\u00e9 residenti, \u00e8 \u201cda otto anni \u2013 come ci spiega la signora Laruccia \u2013 che abito l\u00ec e ci dicono che quella strada non \u00e8 stata ceduta al comune\u201d. \u201cAllora la chiudessero, evitiamo questi danni!\u201d \u2013 aggiunge arrabbiata per la scarsa attenzione che viene rivolta ai disagi di quella fetta di popolazione che abita nella zona. Una strada, peraltro, priva d\u2019illuminazione pubblica e soggetta a frequentazioni notturne a causa di una struttura in costruzione, che la rende \u201cun vero schifo\u201d.<\/p>\n<p style=\"text-align: justify;\">\u201cSiamo stanchi\u201d \u2013 conclude la vittima di questa vicenda, augurandosi che presto si possa trovare una giusta soluzione alla vicenda di questa strada \u201cdimenticata\u201d del nostro paese.<\/p>\n","protected":false},"excerpt":{"rendered":"<p><img loading=\"lazy\" decoding=\"async\" src=\"https:\/\/farm4.staticflickr.com\/3892\/15122504000_4f93c479c9_n.jpg\" alt=\"no did (2)\" width=\"320\" height=\"240\" \/><\/p>\n","protected":false},"author":1,"featured_media":0,"comment_status":"open","ping_status":"closed","sticky":false,"template":"","format":"standard","meta":{"colormag_page_container_layout":"default_layout","colormag_page_sidebar_layout":"default_layout","footnotes":""},"categories":[7],"tags":[],"class_list":["post-12241","post","type-post","status-publish","format-standard","hentry","category-attualita"],"_links":{"self":[{"href":"https:\/\/archivioturi.lavocedelpaese.info\/index.php\/wp-json\/wp\/v2\/posts\/12241","targetHints":{"allow":["GET"]}}],"collection":[{"href":"https:\/\/archivioturi.lavocedelpaese.info\/index.php\/wp-json\/wp\/v2\/posts"}],"about":[{"href":"https:\/\/archivioturi.lavocedelpaese.info\/index.php\/wp-json\/wp\/v2\/types\/post"}],"author":[{"embeddable":true,"href":"https:\/\/archivioturi.lavocedelpaese.info\/index.php\/wp-json\/wp\/v2\/users\/1"}],"replies":[{"embeddable":true,"href":"https:\/\/archivioturi.lavocedelpaese.info\/index.php\/wp-json\/wp\/v2\/comments?post=12241"}],"version-history":[{"count":0,"href":"https:\/\/archivioturi.lavocedelpaese.info\/index.php\/wp-json\/wp\/v2\/posts\/12241\/revisions"}],"wp:attachment":[{"href":"https:\/\/archivioturi.lavocedelpaese.info\/index.php\/wp-json\/wp\/v2\/media?parent=12241"}],"wp:term":[{"taxonomy":"category","embeddable":true,"href":"https:\/\/archivioturi.lavocedelpaese.info\/index.php\/wp-json\/wp\/v2\/categories?post=12241"},{"taxonomy":"post_tag","embeddable":true,"href":"https:\/\/archivioturi.lavocedelpaese.info\/index.php\/wp-json\/wp\/v2\/tags?post=12241"}],"curies":[{"name":"wp","href":"https:\/\/api.w.org\/{rel}","templated":true}]}}