{"id":12230,"date":"2014-09-10T14:02:20","date_gmt":"2014-09-10T14:02:20","guid":{"rendered":"https:\/\/archivioturi.lavocedelpaese.info\/index.php\/2014\/09\/10\/una-beneficienza-per-lafrica\/"},"modified":"2014-09-10T14:02:20","modified_gmt":"2014-09-10T14:02:20","slug":"una-beneficienza-per-lafrica","status":"publish","type":"post","link":"https:\/\/archivioturi.lavocedelpaese.info\/index.php\/2014\/09\/10\/una-beneficienza-per-lafrica\/","title":{"rendered":"Una beneficienza per l\u2019Africa"},"content":{"rendered":"<p><img loading=\"lazy\" decoding=\"async\" src=\"https:\/\/farm6.staticflickr.com\/5562\/15122163317_9a3f495c33_n.jpg\" width=\"320\" height=\"187\" alt=\"no did (6)\" \/><\/p>\n<p style=\"text-align: justify;\">Domenica 7 Settembre presso una Sala Enotria gremita di spettatori, si \u00e8 tenuto il concerto di solidariet\u00e0 del gruppo \u201cImprobabilband\u201d diretto dal maestro Michele Jamil Marzella. \u201cInsieme per l\u2019Africa\u201d \u00e8 il nome dell\u2019evento che ha visto coinvolte l\u2019associazione \u201cLeonardo \u2026 per una vita in pi\u00f9\u201d e l\u2019Onlus \u201cUmanit\u00e0 solidale glocal\u201d.<\/p>\n<p style=\"text-align: justify;\">L\u2019evento ha permesso di raccogliere un contributo ai progetti che le due associazioni locali, una guidata da Lucia Valentini e l\u2019altra da Maria Pia Lenato, stanno portando avanti gi\u00e0 da diversi anni.<\/p>\n<p style=\"text-align: justify;\">\u201cUna sala parto in Madagascar\u201d \u00e8 l\u2019obiettivo finale e il sogno dell\u2019amato ginecologo, oggi scomparso, Leonardo Dell\u2019Aera, a cui il progetto \u00e8 dedicato. Macchine e attrezzi appropriati per fornire una sala parto in Madagascar. Una scuola a Bambar\u00ec, nella Repubblica Centraficana \u00e8 invece il sogno di 80 ragazzi dai 12 ai 19 anni raccolto dall\u2019associazione Umanit\u00e0 solidale Glocal.<\/p>\n<p style=\"text-align: justify;\">Durante la serata, piccoli gesti di solidariet\u00e0 hanno permesso di aggiungere un importante tassello alla realizzazione di questi progetti in un territorio dove la guerra e le difficolt\u00e0 mettono in ginocchio i sogni di tanti ragazzi e bambini.<\/p>\n<p style=\"text-align: justify;\">Il concerto, magistralmente diretto da Michele Jamil Marzella, ha raccontato, attraverso le note degli artisti, il grido di speranza della popolazione di \u201cMamma Africa\u201d, come sintetizza il Maestro. Un tripudio di emozione, suoni e colori che dalla musica si \u00e8 poi catapultata, o meglio, trasformata in colori, sulla tela dell\u2019artista Giuliano di Cesare che, durante un brano, ha dipinto un quadro con la sua tromba che ha letteralmente sparato i colori, nota dopo nota. Anche la tela, cos\u00ec, \u00e8 entrata a far parte del progetto della serata e la sua vendita ha Il quadro \u00e8 stato venduto all&#8217;asta e il ricavato devoluto al progetto.<\/p>\n","protected":false},"excerpt":{"rendered":"<p><img loading=\"lazy\" decoding=\"async\" src=\"https:\/\/farm6.staticflickr.com\/5562\/15122163317_9a3f495c33_n.jpg\" width=\"320\" height=\"187\" alt=\"no did (6)\" \/><\/p>\n","protected":false},"author":1,"featured_media":0,"comment_status":"open","ping_status":"closed","sticky":false,"template":"","format":"standard","meta":{"colormag_page_container_layout":"default_layout","colormag_page_sidebar_layout":"default_layout","footnotes":""},"categories":[6],"tags":[],"class_list":["post-12230","post","type-post","status-publish","format-standard","hentry","category-cultura"],"_links":{"self":[{"href":"https:\/\/archivioturi.lavocedelpaese.info\/index.php\/wp-json\/wp\/v2\/posts\/12230","targetHints":{"allow":["GET"]}}],"collection":[{"href":"https:\/\/archivioturi.lavocedelpaese.info\/index.php\/wp-json\/wp\/v2\/posts"}],"about":[{"href":"https:\/\/archivioturi.lavocedelpaese.info\/index.php\/wp-json\/wp\/v2\/types\/post"}],"author":[{"embeddable":true,"href":"https:\/\/archivioturi.lavocedelpaese.info\/index.php\/wp-json\/wp\/v2\/users\/1"}],"replies":[{"embeddable":true,"href":"https:\/\/archivioturi.lavocedelpaese.info\/index.php\/wp-json\/wp\/v2\/comments?post=12230"}],"version-history":[{"count":0,"href":"https:\/\/archivioturi.lavocedelpaese.info\/index.php\/wp-json\/wp\/v2\/posts\/12230\/revisions"}],"wp:attachment":[{"href":"https:\/\/archivioturi.lavocedelpaese.info\/index.php\/wp-json\/wp\/v2\/media?parent=12230"}],"wp:term":[{"taxonomy":"category","embeddable":true,"href":"https:\/\/archivioturi.lavocedelpaese.info\/index.php\/wp-json\/wp\/v2\/categories?post=12230"},{"taxonomy":"post_tag","embeddable":true,"href":"https:\/\/archivioturi.lavocedelpaese.info\/index.php\/wp-json\/wp\/v2\/tags?post=12230"}],"curies":[{"name":"wp","href":"https:\/\/api.w.org\/{rel}","templated":true}]}}