{"id":12224,"date":"2014-09-17T09:50:36","date_gmt":"2014-09-17T09:50:36","guid":{"rendered":"https:\/\/archivioturi.lavocedelpaese.info\/index.php\/2014\/09\/17\/cittadinanze-onorarie-ogni-sei-mesi-laggiornamento\/"},"modified":"2014-09-17T09:50:36","modified_gmt":"2014-09-17T09:50:36","slug":"cittadinanze-onorarie-ogni-sei-mesi-laggiornamento","status":"publish","type":"post","link":"https:\/\/archivioturi.lavocedelpaese.info\/index.php\/2014\/09\/17\/cittadinanze-onorarie-ogni-sei-mesi-laggiornamento\/","title":{"rendered":"Cittadinanze onorarie: ogni sei mesi l\u2019aggiornamento"},"content":{"rendered":"<p><img loading=\"lazy\" decoding=\"async\" src=\"https:\/\/farm6.staticflickr.com\/5579\/15283535296_e6d7087f30_n.jpg\" width=\"320\" height=\"211\" alt=\"bambini italiani\" \/><\/p>\n<p style=\"text-align: justify;\">\u201cSarebbero stati 53 i minori con origini straniere nella condizione di ricevere la cittadinanza onoraria, ma solo una ventina hanno deciso di aderire all&#8217;iniziativa\u201d. Sono queste le parole del vicesindaco Lavinia Orlando da noi contattata per commentare i numeri delle assegnazioni della cittadinanza onoraria ricevuta in occasione della giornata del Migrante dello scorso 23 agosto. Circa 20 minori, infatti, hanno &nbsp;materialmente ricevuto la pergamena della cittadinanza, un gesto simbolico ma di grande spessore culturale, che porta a tagliare quel filo di divisione che un\u2019idea, un pregiudizio e diversi chilometri creano. Tante per\u00f2, come vediamo in giro per la nostra cittadina, sono le famiglie di origine straniera che hanno deciso di lasciare la loro terra in cerca di prospettive e speranze per se stessi e per i loro figli. \u00c8 a loro che la nostra Amministrazione ha indirizzato l\u2019attenzione, dietro l\u2019invito che l\u2019Associazione Umanit\u00e0 Solidale Glocal, della presidente Maria Pia Lenato, ha proposto nel corso di diverse occasioni. \u201cAd un anno dalla proposta di Umanit\u00e0 Solidale Glocal \u2013 si leggeva nel gruppo facebook dell\u2019Associaizone &#8211;&nbsp; sottoscritta da 20 altre associazioni turesi, riguardante la cittadinanza onoraria ai minori immigrati regolari, \u00e8 stata approvata la modifica al Regolamento Comunale nel Consiglio. Un passo avanti!\u201d. Infatti, come ha proseguito la vicesindaco: \u201cNoi abbiamo convocato tutte le famiglie dei 53 minori turesi, perch\u00e9 il riconoscimento non pu\u00f2 che avvenire previo consenso di chi esercita la potest\u00e0 sul minore\u201d. \u201cAlcune non si sono presentate \u2013 conferma appunto Lavinia \u2013 poich\u00e9 erano nei rispettivi Paesi di origine ma, dopo aver compreso la valenza dell&#8217;iniziativa, hanno tutte preentato il consenso\u201d. Le pergamene della Cittadinanza sono comunque in Comune e \u201cpronte per essere consegnate in qualsiasi momento ai genitori che vogliano venire\u201d. Nuovi sono anche i nomi di chi, consapevoli dell\u2019atto, hanno fatto richiesta di cittadinanza, ma per ora non possono essere inseriti. Comunque, rassicura la Orlando: \u201cL&#8217;elenco dei minori di origine straniera \u00e8 aggiornato semestralmente, dunque nulla vieta che tra qualche mese si possa procedere ad una nuova assegnazione di piccoli \u201ccittadini ad honorem\u201d, senza attendere il prossimo 23 Agosto.<\/p>\n","protected":false},"excerpt":{"rendered":"<p><img loading=\"lazy\" decoding=\"async\" src=\"https:\/\/farm6.staticflickr.com\/5579\/15283535296_e6d7087f30_n.jpg\" width=\"320\" height=\"211\" alt=\"bambini italiani\" \/><\/p>\n","protected":false},"author":1,"featured_media":0,"comment_status":"open","ping_status":"closed","sticky":false,"template":"","format":"standard","meta":{"colormag_page_container_layout":"default_layout","colormag_page_sidebar_layout":"default_layout","footnotes":""},"categories":[7],"tags":[],"class_list":["post-12224","post","type-post","status-publish","format-standard","hentry","category-attualita"],"_links":{"self":[{"href":"https:\/\/archivioturi.lavocedelpaese.info\/index.php\/wp-json\/wp\/v2\/posts\/12224","targetHints":{"allow":["GET"]}}],"collection":[{"href":"https:\/\/archivioturi.lavocedelpaese.info\/index.php\/wp-json\/wp\/v2\/posts"}],"about":[{"href":"https:\/\/archivioturi.lavocedelpaese.info\/index.php\/wp-json\/wp\/v2\/types\/post"}],"author":[{"embeddable":true,"href":"https:\/\/archivioturi.lavocedelpaese.info\/index.php\/wp-json\/wp\/v2\/users\/1"}],"replies":[{"embeddable":true,"href":"https:\/\/archivioturi.lavocedelpaese.info\/index.php\/wp-json\/wp\/v2\/comments?post=12224"}],"version-history":[{"count":0,"href":"https:\/\/archivioturi.lavocedelpaese.info\/index.php\/wp-json\/wp\/v2\/posts\/12224\/revisions"}],"wp:attachment":[{"href":"https:\/\/archivioturi.lavocedelpaese.info\/index.php\/wp-json\/wp\/v2\/media?parent=12224"}],"wp:term":[{"taxonomy":"category","embeddable":true,"href":"https:\/\/archivioturi.lavocedelpaese.info\/index.php\/wp-json\/wp\/v2\/categories?post=12224"},{"taxonomy":"post_tag","embeddable":true,"href":"https:\/\/archivioturi.lavocedelpaese.info\/index.php\/wp-json\/wp\/v2\/tags?post=12224"}],"curies":[{"name":"wp","href":"https:\/\/api.w.org\/{rel}","templated":true}]}}