{"id":12220,"date":"2014-09-20T14:56:01","date_gmt":"2014-09-20T14:56:01","guid":{"rendered":"https:\/\/archivioturi.lavocedelpaese.info\/index.php\/2014\/09\/20\/al-netto-di-un-estate-un-po-bislacca-proviamo-a-tirarne-le-somme\/"},"modified":"2014-09-20T14:56:01","modified_gmt":"2014-09-20T14:56:01","slug":"al-netto-di-un-estate-un-po-bislacca-proviamo-a-tirarne-le-somme","status":"publish","type":"post","link":"https:\/\/archivioturi.lavocedelpaese.info\/index.php\/2014\/09\/20\/al-netto-di-un-estate-un-po-bislacca-proviamo-a-tirarne-le-somme\/","title":{"rendered":"Al netto di un estate un po bislacca proviamo a tirarne le somme"},"content":{"rendered":"<p><img loading=\"lazy\" decoding=\"async\" src=\"https:\/\/farm6.staticflickr.com\/5214\/5457213058_99ac1b67ba_m.jpg\" width=\"239\" height=\"240\" alt=\"sinistra_ecologia_e_liberta_800_800\" \/><\/p>\n<p style=\"text-align: justify;\">Siamo all\u2019 inizio dell\u2019estate e a poco pi\u00f9 di un mese dall\u2019insediamento della nuova amministrazione.<\/p>\n<p style=\"text-align: justify;\">A seguito di una riunione con le attivit\u00e0 commerciali, non priva di critiche e di perplessit\u00e0, l\u2019amministrazione decide di sperimentare, nell\u2019ottica di una rivalutazione della nostra cittadina e puntando momentaneamente al centro storico, una nuova fascia oraria per l\u2019isola pedonale, tra non pochi mal di pancia. A pochi giorni sempre con l\u2019obbiettivo di voler veder rivivere turi nel suo centro nevralgico, si approvava un regolamento che agevola tutte le attivit\u00e0 commerciali e non solo, che nel centro storico svolgono la loro attivit\u00e0, e la stessa giunta cercava di mettere in piedi, con la collaborazione di associazioni e cittadini, un\u2019estate che potesse aiutare a raggiungere l\u2019obbiettivo. Eppur le polemiche impazzavano, l\u2019odiata isola pedonale era al centro di una tempesta, come quelle che abbiamo visto protagoniste per tutto il mese di Luglio: piogge, temporali, freddo e un\u2019estate che non voleva arrivare.<\/p>\n<p style=\"text-align: justify;\">Ora siamo a settembre l\u2019estate si \u00e8 agli sgoccioli e ora dopo 2 mesi di silenzio vogliamo riproporre alla cittadinanza una domanda: \u00e8 stato proprio un esperimento fallimentare quest\u2019isola pedonale?<\/p>\n<p style=\"text-align: justify;\">Facciamo un piccolo passo indietro di nuovo, e un piccolo sforzo memorico: festival, cinema, concerti, spettacoli, eventi di musica, di sport, di cultura, frivoli, serate di ogni genere e tanto altro; abbiamo visto bimbi liberi di scorrazzare, selfy di piazze piene, e tanta tanta gente che si muoveva dai paesi limitrofi per venire da noi, per non parlare dei giornali a tiratura nazionale che pi\u00f9 di una volta si sono occupati della nostra estate. Merito di associazioni, di gente comune, di commercianti, merito insomma dei turesi, gli stessi dell\u2019anno scorso per carit\u00e0, ma che forse quest\u2019anno hanno risvegliato la voglia di fare, di collaborare, di esserci, forse anche e soprattutto grazie alla possibilit\u00e0 di avere spazi chiusi a disposizione. \u201cPer\u00f2\u201d \u00e8 mancata la fiera, \u201cma\u201d il centro storico ha bisogno di rivivere non solo nei pressi della villa (motivo per cui \u00e8 stato approvato un regolamento), \u201cse\u201d&nbsp; gli eventi non si fossero a volte accavallati, e tanti altri \u201cper\u00f2\u201d, \u201cma\u201d e \u201cse\u201d. Al netto per\u00f2, se questo \u00e8 il risultato, vanno bene le critiche e odiata isola pedonale torna anche l\u2019anno prossimo perch\u00e9 una turi cos\u00ec viva non la vedevamo da anni. E in tutta onesta possiamo dirvi che siamo soddisfatti il nostro primo scopo \u00e8 raggiunto.<\/p>\n","protected":false},"excerpt":{"rendered":"<p><img loading=\"lazy\" decoding=\"async\" src=\"https:\/\/farm6.staticflickr.com\/5214\/5457213058_99ac1b67ba_m.jpg\" width=\"239\" height=\"240\" alt=\"sinistra_ecologia_e_liberta_800_800\" \/><\/p>\n","protected":false},"author":1,"featured_media":0,"comment_status":"open","ping_status":"closed","sticky":false,"template":"","format":"standard","meta":{"colormag_page_container_layout":"default_layout","colormag_page_sidebar_layout":"default_layout","footnotes":""},"categories":[4],"tags":[],"class_list":["post-12220","post","type-post","status-publish","format-standard","hentry","category-politica"],"_links":{"self":[{"href":"https:\/\/archivioturi.lavocedelpaese.info\/index.php\/wp-json\/wp\/v2\/posts\/12220","targetHints":{"allow":["GET"]}}],"collection":[{"href":"https:\/\/archivioturi.lavocedelpaese.info\/index.php\/wp-json\/wp\/v2\/posts"}],"about":[{"href":"https:\/\/archivioturi.lavocedelpaese.info\/index.php\/wp-json\/wp\/v2\/types\/post"}],"author":[{"embeddable":true,"href":"https:\/\/archivioturi.lavocedelpaese.info\/index.php\/wp-json\/wp\/v2\/users\/1"}],"replies":[{"embeddable":true,"href":"https:\/\/archivioturi.lavocedelpaese.info\/index.php\/wp-json\/wp\/v2\/comments?post=12220"}],"version-history":[{"count":0,"href":"https:\/\/archivioturi.lavocedelpaese.info\/index.php\/wp-json\/wp\/v2\/posts\/12220\/revisions"}],"wp:attachment":[{"href":"https:\/\/archivioturi.lavocedelpaese.info\/index.php\/wp-json\/wp\/v2\/media?parent=12220"}],"wp:term":[{"taxonomy":"category","embeddable":true,"href":"https:\/\/archivioturi.lavocedelpaese.info\/index.php\/wp-json\/wp\/v2\/categories?post=12220"},{"taxonomy":"post_tag","embeddable":true,"href":"https:\/\/archivioturi.lavocedelpaese.info\/index.php\/wp-json\/wp\/v2\/tags?post=12220"}],"curies":[{"name":"wp","href":"https:\/\/api.w.org\/{rel}","templated":true}]}}