{"id":12218,"date":"2014-09-17T14:48:38","date_gmt":"2014-09-17T14:48:38","guid":{"rendered":"https:\/\/archivioturi.lavocedelpaese.info\/index.php\/2014\/09\/17\/via-conversano-si-colora-di-verde\/"},"modified":"2014-09-17T14:48:38","modified_gmt":"2014-09-17T14:48:38","slug":"via-conversano-si-colora-di-verde","status":"publish","type":"post","link":"https:\/\/archivioturi.lavocedelpaese.info\/index.php\/2014\/09\/17\/via-conversano-si-colora-di-verde\/","title":{"rendered":"Via Conversano si colora di verde"},"content":{"rendered":"<p><img loading=\"lazy\" decoding=\"async\" src=\"https:\/\/farm6.staticflickr.com\/5553\/15297478532_2a8c55b012_n.jpg\" alt=\"Cambia l'aspetto dell'intera area (1)\" width=\"320\" height=\"240\" \/><\/p>\n<p style=\"text-align: justify;\">Dopo qualche ritardo, iniziano a vedersi i primi risultati e nella seconda met\u00e0 della scorsa settimana, gli operai hanno iniziato a sistemare quella che costituir\u00e0 la flora dell&#8217;area verde nello spazio che fu del rudere dell\u2019Ospedale di via Conversano.. Abbiamo contattato il consigliere Antonello Palmisano, delegato al verde pubblico e paesaggio e alle politiche ambientali.<\/p>\n<p style=\"text-align: justify;\"><strong>Quali vegetazioni sono state preferite e perch\u00e8?<\/strong><\/p>\n<p style=\"text-align: justify;\">\u201cLa scelta delle piante \u00e8 spettata ai progettisti che ci hanno sottoposto una lista di specie botaniche da plantumare. Nella lista erano presenti Lecci, Oleandri, Ginestre, Rosmarino e altre piante tipiche dei climi mediterranei. Come ho gi\u00e0 dichiarato in diverse occasioni, la scelta delle specie da inserire nelle aree urbane di nuova progettazione \u00e8 ormai chiaramente orientata verso quelle piante tipiche del luogo o di territori affini. Essendo la nostra una regione caratterizzata da un suolo altamente drenante e da climi aridi e secchi (eccezion fatta per quest&#8217;eccezionale annata) si prediligono piante capaci di resistere a lunghi periodi di siccit\u00e0 e alle caldi estati pugliesi, diminuendo significativamente sia la necessit\u00e0 idrica che le possibilit\u00e0 di insuccesso. Anche se era pensabile implementare la lista proposta dai progettisti con altre specie arboree, abbiamo preferito non farlo dato i tempi stringenti ed i ritardi accumulati\u201d.<\/p>\n<p style=\"text-align: justify;\"><strong>\u00c8 stato predisposto anche un impianto d\u2019irrigazione? <\/strong><\/p>\n<p style=\"text-align: justify;\">\u201cLa mancanza di una fonte d&#8217;acqua interna da dedicare all&#8217;irrigazione &#8211; non ci sono ne pozzi ne cisterne &#8211; ha fatto desistere i progettisti dal realizzare un impianto irriguo; sar\u00e0 quindi cruciale adoperarsi, almeno per il primo anno, al fine di fornire acqua alle piante fino al loro definitivo attecchimento\u201d.<\/p>\n<p style=\"text-align: justify;\"><img loading=\"lazy\" decoding=\"async\" style=\"line-height: 16.2000007629395px; margin-top: 10px; margin-bottom: 10px; margin-left: 10px; float: right;\" src=\"https:\/\/farm4.staticflickr.com\/3866\/14317132678_f42f3f39ac_n.jpg\" alt=\"Antonello Palmisano\" width=\"320\" height=\"212\" \/><strong>Chi si occuper\u00e0 del suo mantenimento? State pensando ad un giardiniere o alla possibilit\u00e0 di destinare qualcuno per &#8220;lavori socialmente utili&#8221;?<\/strong><\/p>\n<p style=\"text-align: justify;\">\u201cTra non molto i contratti di manutenzione del Verde Pubblico scadranno, sar\u00e0 quindi necessario riaffidare il servizio in toto mediante gara pubblica e nel nuovo capitolato non solo sar\u00e0 inserita la nuova area verde ma anche la manutenzione di molti altri piccoli spazi e singoli alberi monumentali attualmente non contemplati da nessuno dei suddetti accordi.<\/p>\n<p style=\"text-align: justify;\">Ci stiamo muovendo per identificare la modalit\u00e0 migliore per assicurare il decoro del verde e al contempo ci piacerebbe garantire un servizio socialmente utile a favore di disoccupati, disagiati o della popolazione carceraria. Naturalmente intraprendere questi percorsi &#8220;non convenzionali&#8221; risulta pi\u00f9 complicato rispetto ai classici affidamenti ma \u00e8 una sfida che diversi Assessori e Consiglieri della maggioranza ha raccolto\u201d.<\/p>\n<p style=\"text-align: justify;\"><strong>Lungo i viali, saranno sistemate delle panchine e che tipo di illuminazione verr\u00e0 scelta? Pensate, magari a sistemi fotovoltaici?<\/strong><\/p>\n<p style=\"text-align: justify;\">\u201cLa procedura di affidamento conclusasi a giugno 2011 non prevedeva l&#8217;installazione ne dell&#8217;impianto di illuminazione ne degli arredi urbani, sar\u00e0 quindi necessario nella futura programmazione rimediare a questa defiance progettuale e provvedere ad illuminare e rendere pi\u00f9 confortevole e fruibile questo spazio\u201d.<\/p>\n<p style=\"text-align: justify;\"><strong>Supponendo che le condizioni meteo siano clementi e permettano agli operai un lavoro quotidiano, entro quanto tempo potremo godere di quest&#8217;area? <\/strong><\/p>\n<p style=\"text-align: justify;\">\u201cI lavori hanno subito diversi intoppi burocratici a cui ultimamente si sono aggiunti i ritardi dovuti al maltempo, ma ormai l&#8217;area \u00e8 quasi ultimata e sar\u00e0 presto consegnata ai cittadini che potranno fruire di un nuovo spazio verde\u201d.<\/p>\n<p><img loading=\"lazy\" decoding=\"async\" style=\"line-height: 16.2000007629395px; margin-top: 10px; margin-right: 10px; margin-bottom: 10px; float: left;\" src=\"https:\/\/farm6.staticflickr.com\/5565\/15297477392_846ba56c4d_n.jpg\" alt=\"Piante e alberi nella vecchia area del rudere dell'ospedale (3)\" width=\"320\" height=\"240\" \/><strong>Sappiamo, purtroppo, che l&#8217;incuria dei vandali nuoce al pubblico bene! Avete anche in programma un modo per prevenire il tutto?<\/strong><\/p>\n<p style=\"text-align: justify;\">\u201cCredo che la parola incuria, in questo caso non sia opportuna. Negli ultimi mesi, un manipolo di uomini ignoti e &#8220;grandi come coriandoli&#8221; (cit.) ha avuto molta cura nel devastare il bene pubblico; alzandosi alla buon ora o aspettando l&#8217;oscurit\u00e0 della notte, questi signori hanno pi\u00f9 volte divelto, rotto o comunque danneggiato giostrine, fontane e panchine appena risistemate o installate. Attenzione perch\u00e8 non si tratta d\u2019incuria o usura di vecchie installazioni, non mi sembra nemmeno l&#8217;irruenta e violenta mano di un ragazzaccio, in quanto gli atti vandalici sembrano essere stati perpetuati con la giusta attrezzatura e quindi con premeditazione. Questo tipo di nemico, che devasta il nostro paese e mette a rischio persino l&#8217;integrit\u00e0 dei giochi destinati ai bambini credo non lo si possa fermare con semplici divieti e cartellonistica, bisogna intensificare i controlli da parte delle autorit\u00e0 e contare sull&#8217;occhio vigile e attento dei concittadini che spesso difendono le aree dinanzi alle proprie abitazioni dall&#8217;atteggiamento poco civile di altri. Se questi atti d\u2019ignobile vandalismo dovessero perdurare, o se costituissero motivo di pericolo per i cittadini o per l&#8217;ambiente, allora sar\u00e0 possibile e plausibile l&#8217;installazione di impianti di videosorveglianza cos\u00ec come previsto dalle normative\u201d.<\/p>\n<p style=\"text-align: justify;\"><strong>L&#8217;area in questione \u00e8 strettamente legata ad una di maggiore interesse: quello della Lama&#8230; Che tipo di azione di prevenzione si pu\u00f2 pensare per l&#8217;intera area, considerando che a ridosso ci sono molte abitazioni? <\/strong><\/p>\n<p style=\"text-align: justify;\">\u201cIl nuovo piccolo parco si trova a ridosso di una zona d\u2019interesse idrogeologico. Gi\u00e0 in fase progettuale \u00e8 stato tenuto conto di questo garantendo il normale ed ottimale deflusso delle acque verso la lama. La zona in questione ha gi\u00e0 attirato l&#8217;attenzione delle Autorit\u00e0 di Bacino, massimo esponente nella questione idrogeologica italiana; in seguito all&#8217;abbattimento dell&#8217;ospedale e alla conseguente riconfigurazione del &#8220;piano di campagna&#8221;, con la costruzione negli ultimi anni di nuove strutture abitative e non per ultima la presenza delle griglie per il convogliamento delle acque su via Conversano hanno cambiato il normale deflusso delle stesse costringendo le autorit\u00e0 a rivedere gli studi precedenti. La cementificazione ha cambiato l&#8217;aspetto idrogeologico non solo di questa zona ma dell&#8217;intero paese, sar\u00e0 dunque necessario, nei prossimi mesi rivalutare l&#8217;ipotesi di nuovi studi che confermino lo stato attuale dei luoghi e che possa indicarci le migliori soluzioni per il mitigamento delle acque\u201d.<\/p>\n<p style=\"text-align: justify;\"><strong>\u00c8 possibile ancora avere una prosecuzione di via Schumann come inizialmente si suppose, che fiancheggia, appunto, la nuova area verde? <\/strong><\/p>\n<p style=\"text-align: justify;\">La possibilit\u00e0 di proseguimento di via Schumann credo che sia gi\u00e0 al vaglio degli ingegneri della casa municipale e degli assessorati, se ne discuter\u00e0 nella nuova programmazione quando si affronter\u00e0 il nuovo piano viario. La realizzazione di questa piccola bretella garantirebbe agli abitanti del nuovo quartiere sorto a ridosso di via Cisterne di poter raggiungere il centro in maniera pi\u00f9 rapida e sicura.<\/p>\n<p style=\"text-align: justify;\"><strong>Se si verifica un acquazzone pi\u00f9 forte di quello dello scorso luglio, come si pu\u00f2 garantire la sicurezza della zona interessata?<\/strong><\/p>\n<p style=\"text-align: justify;\">\u201cIl nubifragio a cui abbiamo assistito lo scorso 27 luglio \u00e8 di per se un caso di eccezionale rilevanza, un evento climatico non prevedibile e difficile da contenere. Si tratta di quantit\u00e0 di pioggia che di solito cade sui nostri territori durante un intero anno e che, come in questi casi, si \u00e8 concentrata in poche ore. Detto questo \u00e8 facile intuire come eventi straordinari di questa portata siano difficili da contenere proprio per la loro imprevedibilit\u00e0 e per la natura violenta. I residenti di quella zona, per\u00f2 mi dicono di non aver subito disagi dovuti al nubifragio e che la situazione di deflusso delle acque non era preoccupante. Sicuramente ci sono delle zone a maggior rischio, ma non per questo va sottovalutata la questione. L&#8217;aspetto idrogeologico va preso in seria considerazione perch\u00e8 riguarda uno dei caratteri distintivi dell&#8217;intera penisola, \u00e8 necessario dedicarsi agli studi e alla realizzazione di opere preventive. Per fortuna il nostro territorio non presenta rischi di esondazione fluviale ed il sottosuolo carsico ci garantisce una certa protezione dalle alluvioni ma gli eventi a cui assistiamo diventano di portata sempre maggiore ed \u00e8 dunque opportuno prevedere ogni forma di rischio e cercare di arginarla. Spero che le discussioni politiche nei ministeri vertano presto sulla questione &#8220;dissesto idrogeologico&#8221;, e che gli eventi spaventosi a cui spesso assistiamo come quelli che nei giorni scorsi hanno coinvolto il Gargano siano solo l&#8217;ultima di una serie di catastrofici eventi.<\/p>\n<p style=\"text-align: justify;\">Il nostro compito, in merito, \u00e8 quello di mantenere al meglio le opere che garantiscono i normali deflussi delle acque e al contempo cercare di contrastare l&#8217;edilizia selvaggia che nell&#8217;ultimo trentennio ha sconvolto il profilo del paese cementificando anche laddove era pericoloso farlo\u201d.<\/p>\n","protected":false},"excerpt":{"rendered":"<p><img loading=\"lazy\" decoding=\"async\" src=\"https:\/\/farm6.staticflickr.com\/5553\/15297478532_2a8c55b012_n.jpg\" alt=\"Cambia l'aspetto dell'intera area (1)\" width=\"320\" height=\"240\" \/><\/p>\n","protected":false},"author":1,"featured_media":0,"comment_status":"open","ping_status":"closed","sticky":false,"template":"","format":"standard","meta":{"colormag_page_container_layout":"default_layout","colormag_page_sidebar_layout":"default_layout","footnotes":""},"categories":[7],"tags":[],"class_list":["post-12218","post","type-post","status-publish","format-standard","hentry","category-attualita"],"_links":{"self":[{"href":"https:\/\/archivioturi.lavocedelpaese.info\/index.php\/wp-json\/wp\/v2\/posts\/12218","targetHints":{"allow":["GET"]}}],"collection":[{"href":"https:\/\/archivioturi.lavocedelpaese.info\/index.php\/wp-json\/wp\/v2\/posts"}],"about":[{"href":"https:\/\/archivioturi.lavocedelpaese.info\/index.php\/wp-json\/wp\/v2\/types\/post"}],"author":[{"embeddable":true,"href":"https:\/\/archivioturi.lavocedelpaese.info\/index.php\/wp-json\/wp\/v2\/users\/1"}],"replies":[{"embeddable":true,"href":"https:\/\/archivioturi.lavocedelpaese.info\/index.php\/wp-json\/wp\/v2\/comments?post=12218"}],"version-history":[{"count":0,"href":"https:\/\/archivioturi.lavocedelpaese.info\/index.php\/wp-json\/wp\/v2\/posts\/12218\/revisions"}],"wp:attachment":[{"href":"https:\/\/archivioturi.lavocedelpaese.info\/index.php\/wp-json\/wp\/v2\/media?parent=12218"}],"wp:term":[{"taxonomy":"category","embeddable":true,"href":"https:\/\/archivioturi.lavocedelpaese.info\/index.php\/wp-json\/wp\/v2\/categories?post=12218"},{"taxonomy":"post_tag","embeddable":true,"href":"https:\/\/archivioturi.lavocedelpaese.info\/index.php\/wp-json\/wp\/v2\/tags?post=12218"}],"curies":[{"name":"wp","href":"https:\/\/api.w.org\/{rel}","templated":true}]}}