{"id":12213,"date":"2014-09-16T14:41:30","date_gmt":"2014-09-16T14:41:30","guid":{"rendered":"https:\/\/archivioturi.lavocedelpaese.info\/index.php\/2014\/09\/16\/lopposizione-non-ci-sta\/"},"modified":"2014-09-16T14:41:30","modified_gmt":"2014-09-16T14:41:30","slug":"lopposizione-non-ci-sta","status":"publish","type":"post","link":"https:\/\/archivioturi.lavocedelpaese.info\/index.php\/2014\/09\/16\/lopposizione-non-ci-sta\/","title":{"rendered":"L\u2019opposizione non ci sta"},"content":{"rendered":"<p><img loading=\"lazy\" decoding=\"async\" src=\"https:\/\/farm4.staticflickr.com\/3860\/14882987686_1ecbbab86e_n.jpg\" width=\"320\" height=\"212\" alt=\"Mariangela Volpicella (2)\" \/><\/p>\n<p style=\"text-align: justify;\"><strong>Le perplessit\u00e0 di Laera sugli eccessivi costi dei servizi indivisibili e la copertura degli stessi del 100%.<\/strong> Terminato l\u2019intervento di Tardi, l\u2019opposizione insorge. Il primo a prendere la parola \u00e8 Laera, il quale si dice perplesso sul totale dei costi dei servizi indivisibili (cita alcuni comuni in cui questi costi sono nettamente inferiori) e sul fatto che, nonostante il dimezzamento dei trasferimenti statali, si chieda un aumento alle tasche dei contribuenti. Risponde Tardi: \u201cChe a Turi il peso della spesa corrente sia sbilanciato lo sappiamo tutti. Tutti in campagna elettorale hanno parlato di una situazione economica triste e che il 2014 sarebbe stato un anno difficile. Sono d\u2019accordo, ad esempio, che la spesa sull\u2019illuminazione pubblica abbia un impatto notevole, ma mi chiedo: in questi anni \u00e8 stato fatto qualcosa per migliorare questo servizio a Turi?\u201d Secondo Laera le motivazioni presentate da Tardi non giustificherebbero comunque il 100% dei costi dei servizi. A questo punto decide di farsi avanti il Segretario Comunale: \u201cOk, in altri comuni il tasso di copertura non \u00e8 del 100%. Avremmo potuto mettere altri servizi di copertura con cui saremmo arrivati anche noi al 40\/50%. Questo avrebbe significato che la restante parte dei costi avrebbe dovuto necessariamente trovare copertura finanziaria con altre entrate del bilancio. Il tasso di copertura cosa significa? Che con la Tasi noi andiamo a coprire una quota percentuale di quei costi e che la parte restante non coperta trova copertura dal bilancio. Da questo punto di vista, anche noi avremmo potuto fare un discorso di tal genere, ma voglio solo precisare che il minor tasso di copertura che non coincide con il 100% significa che l\u2019Ente d\u00e0 copertura finanziaria agli altri costi del bilancio attraverso le altre entrate. Laera non si arrende, ribadendo che i vari comuni vicini a Turi hanno dato una copertura pi\u00f9 bassa ai servizi indivisibili e sottolineando che gli stessi costi dei servizi siano molto pi\u00f9 bassi rispetto a quelli di Turi, pur avendo molti di questi paesi un maggior numero di abitanti.<\/p>\n<p style=\"text-align: justify;\"><strong>Paolo Tundo si infuria e abbandona l\u2019aula.<\/strong> Non aspetta a dire la sua Paolo Tundo: \u00c8 necessario questo aumento? Io lo vedo esagerato. Per me \u00e8 un fatto gravissimo. Per me non avete valutato soluzioni alternative per chi non superi i 15 mila euro di reddito all\u2019anno. Ci sono delle classi sociali deboli che non ce la fanno ad arrivare a fine mese, colpite loro\u201d.&nbsp; \u00c8&nbsp; arrabbiatissimo il consigliere, il quale, alzando i toni e battendo le mani sul tavolo, prosegue: \u201cDa voi non mi aspettavo questo\u201d. E abbandona l\u2019aula.<\/p>\n<p style=\"text-align: justify;\"><strong>Volpicella: \u201cMi auguro che ci si metta una mano sulla coscienza\u201d.<\/strong> Il consiglio deve proseguire e il Sindaco d\u00e0 la parola a Mariangela Volpicella: \u201c Lo scopo della Tasi \u00e8 coprire i mancati trasferimenti statali che ammontano a circa un milione di euro, ai quali si aggiungono eventualmente circa 50 mila euro di spending review. Praticamente si trattava di approvare la Tasi per coprire poco pi\u00f9 di un milione di euro. Noi invece stiamo chiedendo ai cittadini praticamente il doppio. Gli altri comuni, con grossa responsabilit\u00e0, non hanno fatto altro che richiedere ai cittadini quello che non ci viene pi\u00f9 dallo Stato. Ecco perch\u00e9 quei comuni si ritrovano ad avere percentuali inferiori. Tra i servizi indivisibili non vedo nulla che possa garantire nel sociale. Avreste potuto fare una manovra per agevolare quelle famiglie in stato di difficolt\u00e0. Avreste quantomeno dovuto preoccuparvi di quelle famiglie, che sono tantissime. Forse la gente non sa di quant\u2019\u00e8 il peso della Tasi secondo la vostra scelta. Per una casa che ha una rendita catastale di 450 euro, i cittadini dovranno pagare 189 euro per un\u2019aliquota di 2,5 per mille. A questa poi va aggiunta la Tari, l\u2019Imu per la seconda casa e quant\u2019altro. Mi auguro che ci si metta una mano sulla coscienza\u201d.<\/p>\n<p style=\"text-align: justify;\"><strong>Birardi in linea con l\u2019opposizione.<\/strong> Anche Birardi \u00e8 dello stesso avviso dei suoi colleghi di opposizione: \u201cMi chiedevo, perch\u00e9 invece non abbiamo esentato quelle persone disagiate anche a livello di detrazione?\u201d.<\/p>\n","protected":false},"excerpt":{"rendered":"<p><img loading=\"lazy\" decoding=\"async\" src=\"https:\/\/farm4.staticflickr.com\/3860\/14882987686_1ecbbab86e_n.jpg\" width=\"320\" height=\"212\" alt=\"Mariangela Volpicella (2)\" \/><\/p>\n","protected":false},"author":1,"featured_media":0,"comment_status":"open","ping_status":"closed","sticky":false,"template":"","format":"standard","meta":{"colormag_page_container_layout":"default_layout","colormag_page_sidebar_layout":"default_layout","footnotes":""},"categories":[4],"tags":[],"class_list":["post-12213","post","type-post","status-publish","format-standard","hentry","category-politica"],"_links":{"self":[{"href":"https:\/\/archivioturi.lavocedelpaese.info\/index.php\/wp-json\/wp\/v2\/posts\/12213","targetHints":{"allow":["GET"]}}],"collection":[{"href":"https:\/\/archivioturi.lavocedelpaese.info\/index.php\/wp-json\/wp\/v2\/posts"}],"about":[{"href":"https:\/\/archivioturi.lavocedelpaese.info\/index.php\/wp-json\/wp\/v2\/types\/post"}],"author":[{"embeddable":true,"href":"https:\/\/archivioturi.lavocedelpaese.info\/index.php\/wp-json\/wp\/v2\/users\/1"}],"replies":[{"embeddable":true,"href":"https:\/\/archivioturi.lavocedelpaese.info\/index.php\/wp-json\/wp\/v2\/comments?post=12213"}],"version-history":[{"count":0,"href":"https:\/\/archivioturi.lavocedelpaese.info\/index.php\/wp-json\/wp\/v2\/posts\/12213\/revisions"}],"wp:attachment":[{"href":"https:\/\/archivioturi.lavocedelpaese.info\/index.php\/wp-json\/wp\/v2\/media?parent=12213"}],"wp:term":[{"taxonomy":"category","embeddable":true,"href":"https:\/\/archivioturi.lavocedelpaese.info\/index.php\/wp-json\/wp\/v2\/categories?post=12213"},{"taxonomy":"post_tag","embeddable":true,"href":"https:\/\/archivioturi.lavocedelpaese.info\/index.php\/wp-json\/wp\/v2\/tags?post=12213"}],"curies":[{"name":"wp","href":"https:\/\/api.w.org\/{rel}","templated":true}]}}