{"id":12212,"date":"2014-09-16T14:39:00","date_gmt":"2014-09-16T14:39:00","guid":{"rendered":"https:\/\/archivioturi.lavocedelpaese.info\/index.php\/2014\/09\/16\/aumentano-le-tasse\/"},"modified":"2014-09-16T14:39:00","modified_gmt":"2014-09-16T14:39:00","slug":"aumentano-le-tasse","status":"publish","type":"post","link":"https:\/\/archivioturi.lavocedelpaese.info\/index.php\/2014\/09\/16\/aumentano-le-tasse\/","title":{"rendered":"Aumentano le Tasse"},"content":{"rendered":"<p><img loading=\"lazy\" decoding=\"async\" src=\"https:\/\/farm4.staticflickr.com\/3853\/15274691266_30f4156200_m.jpg\" width=\"135\" height=\"240\" alt=\"L'assessore al bilancio Tardi\" \/><\/p>\n<p style=\"text-align: justify;\"><strong>Approvazione del regolamento per la Tasi.<\/strong> Dopo circa due ore di consiglio comunale, finalmente si arriva a discutere del primo punto all\u2019ordine del giorno: l\u2019approvazione del nuovo \u201cRegolamento per la disciplina del tributo sui servizi indivisibili (TASI)\u201d, in presenza del Revisore Unico dei Conti, la dott.ssa M.D. Liotino. Relaziona Tardi, assessore al bilancio, il quale ne riassume i punti pi\u00f9 importanti. Il regolament\u00f2 viene approvato con 12 voti favorevoli e 5 contrari. Punto saliente della questione \u00e8 che, nel 2014 il Governo ha dato la possibilit\u00e0 ai comuni di aumentare l\u2019aliquota fino a 2,5 per mille. In caso di aliquote superiori, previste per casi eccezionali, gli stessi per\u00f2 sono costretti a prevedere detrazioni. La sommatoria tra Tasi e IMU non deve comunque superare il 10,6 per mille.<\/p>\n<p style=\"text-align: justify;\">Intervenie Tundo, il quale afferma di non condividere la decisione del Governo centrale di lasciare libert\u00e0 ai comuni di decidere su questo. \u201cA Turi ci sono famiglie disastrate, non ce la fanno ad arrivare alla fine del mese\u201d, per questo dice no alla Tasi sulla prima casa. Spera in altre possibilit\u00e0 per far rientrare questi soldi. Cita l\u2019esempio il comune di Bari, che ha previsto delle esenzioni tenendo conto dell\u2019ISEE e non della rendita catastale. \u201cIo mi vergogno in questo consiglio comunale che voi portiate questa cosa. Spero che prevediate almeno esenzioni per i poveri cristi che non sanno come pagare. \u00c8 vergognoso alzare le tasse sulla prima casa. O si fa l\u2019esenzione o io abbandono l\u2019aula e me ne vado. \u00c8 una vergogna. Dovete mettere l\u2019esenzione per chi ha un reddito annuale al di sotto dei 15 mila euro\u201d. Tardi risponde che il comune di Bari ha portato l\u2019Aliquota Tasi al 3,3 per mille; inoltre \u201cl\u2019ISEE non \u00e8 attendibile quanto la rendita catastale, non \u00e8 fotografia veritiera del patrimonio. Noi non facciamo propaganda politica\u201d.<\/p>\n<p style=\"text-align: justify;\">Dopo un chiarimento tra i consiglieri Topputi e Birardi e il segretario Francesco Mancini sul fatto che l\u2019emendamento da loro presentato non possa essere messo ai voti, si passa al secondo punto all\u2019ordine del giorno.<\/p>\n<p style=\"text-align: justify;\"><strong>Approvazione delle aliquote del tributo sui servizi indivisibili (TASI) per l&#8217;anno 2014. <\/strong>Il secondo punto all\u2019ordine del giorno riguarda la formazione della Tasi per anno 2014, il quale viene approvato con 12 voti favorevoli e 4 contrari. Relazione sempre l\u2019assessore Tardi, il quale illustra il gettito complessivo del tributo stimato per l\u2019anno 2014, il quale ammonta ad un totale di 2.128.824,42 euro. Nello specifico, tra questi servizi indivisibili troviamo:<\/p>\n<p style=\"text-align: justify;\">&#8211;&nbsp;&nbsp;&nbsp;&nbsp;&nbsp;&nbsp;&nbsp;&nbsp;&nbsp; Illuminazione pubblica per un costo di \u20ac 642.100,00;<\/p>\n<p style=\"text-align: justify;\">&#8211;&nbsp;&nbsp;&nbsp;&nbsp;&nbsp;&nbsp;&nbsp;&nbsp;&nbsp; Servizio di polizia locale e Protezione civile \u2013 S.U.A.P. \u20ac 504.900,00;<\/p>\n<p style=\"text-align: justify;\">&#8211;&nbsp;&nbsp;&nbsp;&nbsp;&nbsp;&nbsp;&nbsp;&nbsp;&nbsp; Ufficio Tecnico (Lavori pubblici) \u2013 Urbanistica e Gestione del Territorio \u20ac 307.310,00;<\/p>\n<p style=\"text-align: justify;\">&#8211;&nbsp;&nbsp;&nbsp;&nbsp;&nbsp;&nbsp;&nbsp;&nbsp;&nbsp; Parchi e Servizi tutela ambientale del verde e altri servizi relativi al territorio e all\u2019ambiente \u20ac 107.650,00;<\/p>\n<p style=\"text-align: justify;\">&#8211;&nbsp;&nbsp;&nbsp;&nbsp;&nbsp;&nbsp;&nbsp;&nbsp;&nbsp; Attivit\u00e0 culturali e manifestazioni \u2013 Biblioteche \u20ac 98.900,00;<\/p>\n<p style=\"text-align: justify;\">&#8211;&nbsp;&nbsp;&nbsp;&nbsp;&nbsp;&nbsp;&nbsp;&nbsp;&nbsp; Servizi correlati alla viabilit\u00e0 e circolazione stradale \u20ac 100.000,00;<\/p>\n<p style=\"text-align: justify;\">&#8211;&nbsp;&nbsp;&nbsp;&nbsp;&nbsp;&nbsp;&nbsp;&nbsp;&nbsp; Servizi cimiteriali \u20ac 115.800,00;<\/p>\n<p style=\"text-align: justify;\">&#8211;&nbsp;&nbsp;&nbsp;&nbsp;&nbsp;&nbsp;&nbsp;&nbsp;&nbsp; Servizio Canile municipale \u20ac 74.800,00;<\/p>\n<p style=\"text-align: justify;\">&#8211;&nbsp;&nbsp;&nbsp;&nbsp;&nbsp;&nbsp;&nbsp;&nbsp;&nbsp; Anagrafe, Stato civile, Elettorale, Leva e Servizio Statistico \u20ac 177.364,42.<\/p>\n<p style=\"text-align: justify;\">Allo scopo di finanziare, in misura integrale, tutti questi costi e al fine di garantire la loro corretta gestione ed il mantenimento dell\u2019erogazione degli stessi, nonch\u00e9 la conservazione degli equilibri di bilancio, la maggioranza propone di stabilire, per l\u2019anno 2014, le aliquote e le detrazioni relative al tributo per i servizi indivisibili, nelle misure di 0,25 punti percentuali (2,5 per mille) per la Tasi ordinaria e 0,1 punti percentuali (1 per mille), per la Tasi ridotta (per fabbricati rurali ad uso strumentale, per fabbricati di civile abitazione destinati ad alloggi sociali e per alloggi regolarmente assegnati dagli Istituti autonomi per le case popolari IACP e dagli enti di edilizia residenziale e pubblica, comunque denominati, aventi le stesse finalit\u00e0 degli IACP). Sar\u00e0 prevista una detrazione di 50 euro quando nel nucleo familiare vi sia un portatore di handicap con un grado di invalidit\u00e0 del 100%.<\/p>\n","protected":false},"excerpt":{"rendered":"<p><img loading=\"lazy\" decoding=\"async\" src=\"https:\/\/farm4.staticflickr.com\/3853\/15274691266_30f4156200_m.jpg\" width=\"135\" height=\"240\" alt=\"L'assessore al bilancio Tardi\" \/><\/p>\n","protected":false},"author":1,"featured_media":0,"comment_status":"open","ping_status":"closed","sticky":false,"template":"","format":"standard","meta":{"colormag_page_container_layout":"default_layout","colormag_page_sidebar_layout":"default_layout","footnotes":""},"categories":[4],"tags":[],"class_list":["post-12212","post","type-post","status-publish","format-standard","hentry","category-politica"],"_links":{"self":[{"href":"https:\/\/archivioturi.lavocedelpaese.info\/index.php\/wp-json\/wp\/v2\/posts\/12212","targetHints":{"allow":["GET"]}}],"collection":[{"href":"https:\/\/archivioturi.lavocedelpaese.info\/index.php\/wp-json\/wp\/v2\/posts"}],"about":[{"href":"https:\/\/archivioturi.lavocedelpaese.info\/index.php\/wp-json\/wp\/v2\/types\/post"}],"author":[{"embeddable":true,"href":"https:\/\/archivioturi.lavocedelpaese.info\/index.php\/wp-json\/wp\/v2\/users\/1"}],"replies":[{"embeddable":true,"href":"https:\/\/archivioturi.lavocedelpaese.info\/index.php\/wp-json\/wp\/v2\/comments?post=12212"}],"version-history":[{"count":0,"href":"https:\/\/archivioturi.lavocedelpaese.info\/index.php\/wp-json\/wp\/v2\/posts\/12212\/revisions"}],"wp:attachment":[{"href":"https:\/\/archivioturi.lavocedelpaese.info\/index.php\/wp-json\/wp\/v2\/media?parent=12212"}],"wp:term":[{"taxonomy":"category","embeddable":true,"href":"https:\/\/archivioturi.lavocedelpaese.info\/index.php\/wp-json\/wp\/v2\/categories?post=12212"},{"taxonomy":"post_tag","embeddable":true,"href":"https:\/\/archivioturi.lavocedelpaese.info\/index.php\/wp-json\/wp\/v2\/tags?post=12212"}],"curies":[{"name":"wp","href":"https:\/\/api.w.org\/{rel}","templated":true}]}}