{"id":12210,"date":"2014-09-16T14:33:44","date_gmt":"2014-09-16T14:33:44","guid":{"rendered":"https:\/\/archivioturi.lavocedelpaese.info\/index.php\/2014\/09\/16\/mariangela-tira-le-orecchie\/"},"modified":"2014-09-16T14:33:44","modified_gmt":"2014-09-16T14:33:44","slug":"mariangela-tira-le-orecchie","status":"publish","type":"post","link":"https:\/\/archivioturi.lavocedelpaese.info\/index.php\/2014\/09\/16\/mariangela-tira-le-orecchie\/","title":{"rendered":"Mariangela tira le orecchie"},"content":{"rendered":"<p><img loading=\"lazy\" decoding=\"async\" src=\"https:\/\/farm4.staticflickr.com\/3882\/15274617006_bfc1f80d17_m.jpg\" width=\"135\" height=\"240\" alt=\"Il consigliere Mariangela Volpicella\" \/><\/p>\n<p style=\"text-align: justify;\"><strong>La strigliata di orecchie della Volpicella.<\/strong> \u201cVolpicella di nome e di fatto\u201d \u2013 si \u00e8 definita cos\u00ec nel corso dell\u2019ultimo consiglio comunale, durante il quale interviene con parole ammonitrici su quanto, secondo lei, l\u2019Amministrazione Coppi, si sarebbe \u201cdimenticata\u201d di fare. Inizia rimproverando la velocit\u00e0 con cui \u00e8 stato convocato il consiglio e il fatto che si sia ridotti all\u2019ultimo giorno per approvare la Tasi: \u201cOggi 9 settembre siamo qui per approvare la Tasi, ultimo giorno utile per farlo perch\u00e9 entro domani questo consiglio deve sciogliere il provvedimento previsto per legge. Cosa succede: ci si accorge che il 10 settembre scade l\u2019ultimo termine utile per approvare il provvedimento in consiglio, correndo si fa la conferenza dei capigruppo per comunicare la data del consiglio comunale, correndo gioved\u00ec mattina ci arriva la comunicazione del consiglio comunale con tanto di disguido rispetto alla trasmissione dei documenti. Quindi gioved\u00ec arriva la convocazione, consiglio comunale marted\u00ec, commissione luned\u00ec. Detto questo, mi sento di dire che ci limitate del nostro diritto di iniziativa sancito dall\u2019art. 15 del regolamento, dove si dice, al comma 4, che&nbsp; emendamenti, eventuali modifiche o integrazioni possono essere presentate per iscritto entro il secondo giorno lavorativo antecedente a quello dell\u2019adunanza, ovvero entro venerd\u00ec, ma i documenti si sono avuti solo gioved\u00ec. Un provvedimento di questa importanza lo dobbiamo praticamente risolvere in meno di 24 ore, pretendete che in meno di 24 ore dobbiamo studiare il provvedimento, parlarne tra di noi per capire quali possano essere le nostre linee riguardo le varie scelte. I due consiglieri Topputi e Birardi, luned\u00ec hanno presentato un loro emendamento in Commissione, che \u00e8 stato rigettato perch\u00e9 arrivato troppo tardi. Considerato poi che c\u2019erano il sabato e la domenica di mezzo, ci avete anche privato del tempo utile, perch\u00e9 noi lavoriamo, non stiamo senza far nulla dalla mattina alla sera, di poter anche interfacciarci con i dirigenti del settore interessato per poter avere dei chiarimenti rispetto al provvedimento\u201d. L\u2019intervento prosegue con toni sempre pi\u00f9 severi: \u201cVedo che siamo qui da 4 mesi e la Giunta ha approvato niente di meno che&nbsp; 29 delibere in quattro mesi. Che poi la maggiori parte sono pi\u00f9 atti dovuti che altro, per il resto si tratta di feste e festicciole, isola pedonale ecc\u201d. A questo punto rivolge ad ogni assessore presente una domanda: \u201cCosa intende realizzare per il prossimo quinquennio? Che domanda stupida!! Vi siete dimenticati di approvare le linee programmatiche! Ebbene s\u00ec! Lo Statuto dice nell\u2019art. 22 che queste debbano essere presentate entro due mesi dalla prima seduta del consiglio. Nei successivi trenta giorni, il consiglio esamina il programma e su di esso esprime votazione. Ci siamo insediati il 16 giugno ed entro il 16 agosto la Giunta avrebbe dovuto approvare le linee programmatiche. Vi siete dimenticati di approvare la guida che dovrebbe guidarvi per i prossimi cinque anni\u201d. Poi aggiunge ironicamente: \u201cEvidentemente siete cos\u00ec impegnati nelle tante delibere e nei tanti atti, che vi siete dimenticati di studiare lo Statuto. Che non lo conosciate ne sono convinta perch\u00e9 secondo l\u2019articolo 18, se i consiglieri Topputi e Birardi il 24 luglio hanno presentato delle interrogazioni, regolamento vuole che andava convocato un consiglio comunale, quindi data risposta entro il 24 agosto. Se non si riteneva opportuno un consiglio comunale, avreste potuto concordare e fornire delle risposte per iscritto. Ma sono passati circa quindi giorni e nulla \u00e8 stato fatto\u201d. La Volpicella passa poi ai numeri dei costi della nuova Amministrazione: \u201cDa quando ci siamo insediati la Giunta Coppi \u00e8 costata 26.695 euro, praticamente al mese 6614,21, che alla fine dell\u2019anno fanno 80.570, 52. Io da questa Amministrazione mi sarei aspettata un forte senso di responsabilit\u00e0, cio\u00e8 quello di ridurvi quantomeno le indennit\u00e0, alla luce sia di quante se ne sentono sui costi della politica, alla luce delle ristrettezze economiche che ci sono e che voi stessi state riscontrando, e anche alla luce di quanto dichiarato nel lontano consiglio comunale di luglio 2012 da parte di un vostro rappresentante che auspicava addirittura al 50% della riduzione, e noi ce lo riducemmo del 25%. La politica si fa per passione, non perch\u00e9 sto a pensare all\u2019indennit\u00e0. La Giunta Resta costava al comune 3.482 euro al mese che all\u2019anno diventavano 41.791, ovvero la met\u00e0 di quanto costate voi. Risparmiando noi, significa prima di tutto dare pi\u00f9 servizi ai cittadini. Auspicavo a un minimo di questo buon senso da parte vostra\u201d. Infine chiede informazioni sul bando ERP \u201cche ancora non esce e la gente sta ancora aspettando\u201d, notizie sul padiglione D della scuola e come saranno organizzati gli uffici nel momento in cui inizieranno i lavori per la parte interna del comune.<\/p>\n<p style=\"text-align: justify;\"><strong>Menino Coppi non ci sta. <\/strong>Risponde&nbsp; il Sindaco: \u201cLa questione \u00e8 questa, se in due mesi (escludendo agosto) avremmo dovuto risolvere tutti i problemi di Turi che sono stati creati in diversi anni, se avevate queste aspettative nei nostri confronti, significa che ci considerate davvero straordinari. Vi ringrazio che pensate di noi cos\u00ec tanto. Io volevo segnalare che siamo solamente umani\u201d. Poco dopo, facendo sempre riferimento all\u2019intervento della Volpicella, afferma: \u201cHo scoperto come rende vergini una campagna elettorale\u201d. Non manca la controbattuta della Volpicella: \u201cLa campagna elettorale rende tutti ottimi amministratori, ma vi state rendendo conto che cos\u00ec facile non \u00e8\u201d. Coppi ribatte anche sulla questione delle linee programmatiche: \u201c\u00c8 vero, sono passati circa quindici giorni dalla data in cui avremmo dovuto approvarli, il termine di scadenza non \u00e8 perentorio, in settimana le presenteremo . Teniamo conto che di mezzo c\u2019\u00e8 stato agosto e che la cosa ha un po\u2019 rallentato\u201d. Precisa che sulla Tasi stanno tutti deliberando ora, quindi quanto accaduto al comune di Turi non \u00e8 poi cos\u00ec fuori dal normale. Inoltre, la mancanza del funzionario di ragioneria ha costituito un reale problema per l\u2019attivit\u00e0 della sua Amministrazione. \u201cSui lavori al municipio, nei prossimi giorni ci sar\u00e0 una riunione e saremo in grado di capire se resteremo in comune o dovremo spostarci in altra sede\u201d. Infuocata \u00e8 invece la risposta sulla questione indennit\u00e0: \u201cDobbiamo uscire dalla demagogia perch\u00e9 \u00e8 vero che i costi della politica dei piani superiori sono molto alti, ma la stessa cosa non vale per i comuni per il semplice fatto che io, personalmente, in campagna elettorale ho detto di impegnarmi a lasciare il mio lavoro e fare il sindaco. Se io lascio il mio lavoro devo poter avere un minimo di sostentamento, perch\u00e9 questo, in questo momento, \u00e8 il mio lavoro. Il mio lavoro ora \u00e8 dato da un\u2019investitura popolare. Noi non stiamo aumentando, ma mantenendo quello che abbiamo trovato. Credo inoltre che l\u2019indennit\u00e0 per tutti gli amministratori, che si prendono tanta responsabilit\u00e0, che dedicano molto tempo, sia il minimo ed anche giusto\u201d.<\/p>\n","protected":false},"excerpt":{"rendered":"<p><img loading=\"lazy\" decoding=\"async\" src=\"https:\/\/farm4.staticflickr.com\/3882\/15274617006_bfc1f80d17_m.jpg\" width=\"135\" height=\"240\" alt=\"Il consigliere Mariangela Volpicella\" \/><\/p>\n","protected":false},"author":1,"featured_media":0,"comment_status":"open","ping_status":"closed","sticky":false,"template":"","format":"standard","meta":{"colormag_page_container_layout":"default_layout","colormag_page_sidebar_layout":"default_layout","footnotes":""},"categories":[4],"tags":[],"class_list":["post-12210","post","type-post","status-publish","format-standard","hentry","category-politica"],"_links":{"self":[{"href":"https:\/\/archivioturi.lavocedelpaese.info\/index.php\/wp-json\/wp\/v2\/posts\/12210","targetHints":{"allow":["GET"]}}],"collection":[{"href":"https:\/\/archivioturi.lavocedelpaese.info\/index.php\/wp-json\/wp\/v2\/posts"}],"about":[{"href":"https:\/\/archivioturi.lavocedelpaese.info\/index.php\/wp-json\/wp\/v2\/types\/post"}],"author":[{"embeddable":true,"href":"https:\/\/archivioturi.lavocedelpaese.info\/index.php\/wp-json\/wp\/v2\/users\/1"}],"replies":[{"embeddable":true,"href":"https:\/\/archivioturi.lavocedelpaese.info\/index.php\/wp-json\/wp\/v2\/comments?post=12210"}],"version-history":[{"count":0,"href":"https:\/\/archivioturi.lavocedelpaese.info\/index.php\/wp-json\/wp\/v2\/posts\/12210\/revisions"}],"wp:attachment":[{"href":"https:\/\/archivioturi.lavocedelpaese.info\/index.php\/wp-json\/wp\/v2\/media?parent=12210"}],"wp:term":[{"taxonomy":"category","embeddable":true,"href":"https:\/\/archivioturi.lavocedelpaese.info\/index.php\/wp-json\/wp\/v2\/categories?post=12210"},{"taxonomy":"post_tag","embeddable":true,"href":"https:\/\/archivioturi.lavocedelpaese.info\/index.php\/wp-json\/wp\/v2\/tags?post=12210"}],"curies":[{"name":"wp","href":"https:\/\/api.w.org\/{rel}","templated":true}]}}