{"id":12203,"date":"2014-09-10T14:01:43","date_gmt":"2014-09-10T14:01:43","guid":{"rendered":"https:\/\/archivioturi.lavocedelpaese.info\/index.php\/2014\/09\/10\/protezione-civile-un-lavoro-di-volontariato\/"},"modified":"2014-09-10T14:01:43","modified_gmt":"2014-09-10T14:01:43","slug":"protezione-civile-un-lavoro-di-volontariato","status":"publish","type":"post","link":"https:\/\/archivioturi.lavocedelpaese.info\/index.php\/2014\/09\/10\/protezione-civile-un-lavoro-di-volontariato\/","title":{"rendered":"Protezione Civile: un lavoro di volontariato!"},"content":{"rendered":"<p><img loading=\"lazy\" decoding=\"async\" src=\"https:\/\/farm4.staticflickr.com\/3874\/15294361791_da4c648f5d_n.jpg\" width=\"320\" height=\"240\" alt=\"Il Gruppo Comunale della Protezione Civile (1)\" \/><\/p>\n<p style=\"text-align: justify;\">Abbiamo voltato pagina alla grande e lunga parentesi della Festa Patronale. Tanti gli elogi e gli applausi per la sua organizzazione, per la grande presenza di pubblico raggiunta, per le novit\u00e0 apportate. Ma oltre le luci e la festa, un grande lavoro sulla sicurezza, sulla prevenzione e sul controllo dell\u2019incolumit\u00e0 delle persone. \u00c8 per questo che abbiamo voluto incontrare il Gruppo Comunale di Protezione Civile di Turi nella loro sede in piazza S. Orlandi.<\/p>\n<p style=\"text-align: justify;\">\u201cSiamo volontari!\u201d. Sono le parole che aprono la nostra conversazione con il coordinatore Vito Marco Di Pinto, indicando tutti coloro che indossano la divisa della Protezione Civile e \u201ca loro estendo il mio ringraziamento per il grande lavoro svolto nelle serate della Festa Patronale\u201d. Un grazie che dovremmo rivolgere noi stessi, forse ignari di tutto lo sforzo che la Protezione Civile, insieme agli altri organi militari della cittadina, hanno svolto negli scorsi giorni. \u201cEsprimo gratitudine \u2013 prosegue Di Pinto &#8211; al coordinatore Donato Ascatigno ed ai volontari del Gruppo Comunale di Gioia del Colle, per la fattiva collaborazione offerta in occasione della festa di Sant&#8217;Oronzo\u201d. Perch\u00e9 eravamo in tanti. Turi \u00e8 stata invasa da fedeli e curiosi e fondamentale \u00e8 stato l\u2019apporto di chi, messi da parte gli abiti della festa e lontani dalle rispettive famiglie, ha indossato una divisa e lavorato per la sicurezza di tutti.<\/p>\n<p style=\"text-align: justify;\">Sicurezza! Una parola semplice, ma \u201cil 26 agosto, non abita a Turi!\u201d \u2013 precisa il coordinatore del Gruppo Comunale &#8220;Aesclapius&#8221;, con un velo di amara ironia e di rassegnazione. In effetti, come lo stesso ci spiega, nella serata del 26 agosto non \u00e8 possibile fornire soccorso a chi, per sua sfortuna, si sente male in via XX settembre o in piazza S. Orlandi. \u201cPer fortuna non \u00e8 mai accaduto nulla, ma non oso immaginare cosa possa avvenire!\u201d. \u00c8 presente solo un defibrillatore nella sede della Polizia Municipale, ma altro non si potrebbe ipotizzare. Una situazione paradossale, che si scontra tra la tradizione e la sicurezza comune, a cui si unisce la necessit\u00e0 di una maggiore presenza di addetti all\u2019ordine pubblico. \u201cTenere sgombre le maggiori strade della festa e soprattutto via XX settembre, \u00e8 assurdo. Mettere delle transenne? Proposta irrealizzabile, perch\u00e9 sarebbero da impedimento per tutti\u201d. L\u2019attenzione che ognuno quindi dovrebbe porre nei propri confronti \u00e8 fondamentale.<\/p>\n<p style=\"text-align: justify;\">Ma non sono mancate situazioni problematiche. Infatti, \u201cdurante la partenza del carro, ad esempio, centinaia di persone volevano passeggiare\u201d. \u201cLe mule \u2013 prosegue scuotendo la testa &#8211; non sono animali che si possono fermare a piacimento\u201d, hanno bisogno di spazio e tempo per essere coordinate e raggiungere la velocit\u00e0 appropriata per la salita di via Rutigliano. \u201cCome si fa a mettersi davanti, creando problemi e disagi agli animali e persone!\u201d. Sono situazioni che andranno affrontate e sulle quali bisogner\u00e0 lavorare per il prossimo anno. \u201cSpesso poi, l\u2019incivilt\u00e0 dei visitatori, lede l\u2019impegno di ordine pubblico che come volontari ci addossiamo!\u201d. Palese \u00e8 il caso di un nostro socio che il 28 agosto, in via Conversano, era impegnato a preservare la sicurezza di quanti assistevano al concerto. Qualcuno, che non poteva passare con la macchina poich\u00e9 bloccato da transenne &#8211; \u201c\u00e8 andato da un volontario a bestemmiare!\u201d. \u201cLa nostra presenza serve solo per evitare che qualcuno si faccia male. \u00c8 inutile che bestemmi. Se vuoi andare avanti e trovare il palco, vai, ma non puoi prendertela con noi!\u201d.<\/p>\n<p style=\"text-align: justify;\">Grato \u00e8 ancora a chi, il 25 agosto, ha presieduto via Guglielmo De Donato sin dalle 18.00, per garantire la libera circolazione durante la processione serale. Ancora, &nbsp;\u201ccolgo l\u2019occasione per ringraziare quanti volontari il 15 agosto 2014 all\u2019ora di pranzo, alle 13.15, intervengono per spegnere un incendio in localit\u00e0 &#8220;Monteferraro&#8221;. Grazie ai volontari Stefano Angelillo, Mario Palmisano, Felice Gentile e Pino Spinelli per l&#8217;immediata disponibilit\u00e0 e per aver contribuito a salvare un polmone verde del nostro paese\u201d.<\/p>\n<p style=\"text-align: justify;\">Nelle prossime settimane, ci confida il coordinatore Vito Marco Di Pinto potremo usufruire dell\u2019ultimo acquisto fatto dall\u2019ex comandante della Polizia Municipale, Michele Cassano: l\u2019idrovora, con il carrello, il gruppo idrogeno e il faro. \u201cDiventiamo una struttura completa, sempre nel campo di quanto ci compete!\u201d.<\/p>\n<p style=\"text-align: justify;\">\u201cRibadiamo \u2013 conclude il coordinatore \u2013 che auspichiamo che altri giovani volontari abbiano il desiderio di indossare la nostra divisa\u201d. Per chi fosse interessato, pu\u00f2 affacciarsi alla sede del Gruppo Comunale, pu\u00f2 contattare il gruppo face book o all\u2019indirizzo mail: <a href=\"mailto:&lt;a href=\">protezionecivile@comune.turi.va.it<\/a>&#8220;&gt;<a href=\"mailto:protezionecivile@comune.turi.va.it\">protezionecivile@comune.turi.va.it<\/a>.<\/p>\n","protected":false},"excerpt":{"rendered":"<p><img loading=\"lazy\" decoding=\"async\" src=\"https:\/\/farm4.staticflickr.com\/3874\/15294361791_da4c648f5d_n.jpg\" width=\"320\" height=\"240\" alt=\"Il Gruppo Comunale della Protezione Civile (1)\" \/><\/p>\n","protected":false},"author":1,"featured_media":0,"comment_status":"open","ping_status":"closed","sticky":false,"template":"","format":"standard","meta":{"colormag_page_container_layout":"default_layout","colormag_page_sidebar_layout":"default_layout","footnotes":""},"categories":[7],"tags":[],"class_list":["post-12203","post","type-post","status-publish","format-standard","hentry","category-attualita"],"_links":{"self":[{"href":"https:\/\/archivioturi.lavocedelpaese.info\/index.php\/wp-json\/wp\/v2\/posts\/12203","targetHints":{"allow":["GET"]}}],"collection":[{"href":"https:\/\/archivioturi.lavocedelpaese.info\/index.php\/wp-json\/wp\/v2\/posts"}],"about":[{"href":"https:\/\/archivioturi.lavocedelpaese.info\/index.php\/wp-json\/wp\/v2\/types\/post"}],"author":[{"embeddable":true,"href":"https:\/\/archivioturi.lavocedelpaese.info\/index.php\/wp-json\/wp\/v2\/users\/1"}],"replies":[{"embeddable":true,"href":"https:\/\/archivioturi.lavocedelpaese.info\/index.php\/wp-json\/wp\/v2\/comments?post=12203"}],"version-history":[{"count":0,"href":"https:\/\/archivioturi.lavocedelpaese.info\/index.php\/wp-json\/wp\/v2\/posts\/12203\/revisions"}],"wp:attachment":[{"href":"https:\/\/archivioturi.lavocedelpaese.info\/index.php\/wp-json\/wp\/v2\/media?parent=12203"}],"wp:term":[{"taxonomy":"category","embeddable":true,"href":"https:\/\/archivioturi.lavocedelpaese.info\/index.php\/wp-json\/wp\/v2\/categories?post=12203"},{"taxonomy":"post_tag","embeddable":true,"href":"https:\/\/archivioturi.lavocedelpaese.info\/index.php\/wp-json\/wp\/v2\/tags?post=12203"}],"curies":[{"name":"wp","href":"https:\/\/api.w.org\/{rel}","templated":true}]}}