{"id":12198,"date":"2014-09-11T08:40:12","date_gmt":"2014-09-11T08:40:12","guid":{"rendered":"https:\/\/archivioturi.lavocedelpaese.info\/index.php\/2014\/09\/11\/lunione-fa-la-forza\/"},"modified":"2014-09-11T08:40:12","modified_gmt":"2014-09-11T08:40:12","slug":"lunione-fa-la-forza","status":"publish","type":"post","link":"https:\/\/archivioturi.lavocedelpaese.info\/index.php\/2014\/09\/11\/lunione-fa-la-forza\/","title":{"rendered":"L\u2019unione fa la forza"},"content":{"rendered":"<p><img loading=\"lazy\" decoding=\"async\" src=\"https:\/\/farm4.staticflickr.com\/3921\/15110564690_dbabf553bc_n.jpg\" width=\"320\" height=\"213\" alt=\"erinosi_vite3\" \/><\/p>\n<p style=\"text-align: justify;\">L\u2019agricoltura non ha conosciuto tregua in questa estate \u201cbagnata\u201d. Molti i danni arrecati e tanta la desolazione e la rabbia tra gli agricoltori. Le Amministrazioni dei comuni pi\u00f9 colpiti hanno deciso di intervenire, unendo le proprie forze. Incontriamo a tal proposito il consigliere di maggioranza <strong>Antonello Palmisano, <\/strong>delegato all\u2019agricoltura, per farci illustrare in maniera pi\u00f9 dettagliata e precisa quanto accaduto nelle ultime settimane.<\/p>\n<p style=\"text-align: justify;\"><strong>Alcuni comuni hanno deciso di incontrarsi per discutere sui danni provocati dal maltempo all&#8217;agricoltura.<\/strong>&nbsp;<strong>Potresti spiegare bene di cosa si \u00e8 trattato?<\/strong><\/p>\n<p style=\"text-align: justify;\">I nubifragi e le copiose piogge cadute sul nostro territorio nei mesi scorsi hanno provocato non pochi danni alle culture e alle aziende agricole. Il perdurare, inoltre, di condizioni di elevata umidit\u00e0 e le temperature miti hanno favorito la proliferazione di diverse fitopatologie, tra cui la &#8220;Peronospora&#8221; della vite con una virulenta diffusione in diverse zone del sud-est barese, che hanno portato anche alla perdita del raccolto di interi vigneti. Le Amministrazioni comunali si sono dimostrate pronte e attente ed immediatamente ci siamo riuniti presso la casa municipale di Rutigliano per discutere delle problematiche e dei disagi riscontrati nei diversi comuni e per cercare, insieme, delle soluzioni efficaci e concrete.<\/p>\n<p style=\"text-align: justify;\"><strong>Quali sono stati i comuni partecipanti? Quali i pi\u00f9 colpiti?<\/strong><\/p>\n<p style=\"text-align: justify;\">Sono intervenuti i Consiglieri e gli Assessori delegati all&#8217;Agricoltura di Noicattaro, Gioia del colle, Adelfia, Conversano, Acquaviva delle Fonti, Casamassima e Turi. Oltre a fare gli &#8220;onori di casa&#8221; il vicesindaco di Rutigliano, Giuseppe Valenzano ha espresso un messaggio di solidariet\u00e0, vicinanza nell&#8217;azione e nella reazione da parte degli altri comuni limitrofi i cui assessorati non hanno potuto partecipare. Ognuno dei diversi rappresentanti ha presentato una situazione diffusa di disagi alle strutture e alle colture.<\/p>\n<p style=\"text-align: justify;\"><strong>Quanti incontri ci sono stati?&nbsp;<\/strong><\/p>\n<p style=\"text-align: justify;\">Il 24 luglio scorso c&#8217;\u00e8 stato, sempre a Rutigliano, il primo incontro tra esperti agronomi, istituzioni politiche ed imprenditori agricoli. Da allora altri tre incontri ci hanno visti impegnati nell&#8217;individuazione delle strategie da adottare per giungere ad un reale intervento a favore delle aziende colpite dal maltempo di questo insolito 2014<\/p>\n<p style=\"text-align: justify;\"><strong>Ce ne saranno altri?&nbsp;<\/strong><\/p>\n<p style=\"text-align: justify;\">Stiamo preparando un documento unico da approvare nei diversi Consigli Comunali e volto a richiedere in maniera forte l&#8217;intervento della Regione Puglia e del Ministero delle Politiche Agricole nell&#8217;attivazione di tutte le misure previste in caso di calamit\u00e0 o eventi meteorologici eccezionali, quindi saranno necessari ulteriori incontri per l&#8217;approvazione del testo e anche perch\u00e9 si \u00e8 unanimemente deciso di continuare ad incontrarci e di agire su tutti i fronti possibili sino al raggiungimento delle migliori condizioni per l&#8217;agricoltura pugliese, cogliendo l&#8217;occasione anche per sviluppare strategie di rilancio promosse dall&#8217;unione dei Comuni.<\/p>\n<p style=\"text-align: justify;\"><strong>\u00c8 &nbsp;stato calcolato, anche approssimativamente, l&#8217;ammontare dei danni subiti?<\/strong><\/p>\n<p style=\"text-align: justify;\">\u00c8 prematuro cercare di quantificare le perdite di prodotto o i danni subiti sia perch\u00e9 la stagione di raccolta dell&#8217;uva da tavola e da vino non si \u00e8 ancora conclusa sia perch\u00e9 \u00e8 opportuno quantificare il danno subito da tante aziende che praticano la policoltura e che sono state coinvolte sia dalle grandinate primaverili che dai nubifragi estivi. Per fortuna gli eventi climatici e le infestazioni di<em>&nbsp;Plasmopara viticola<\/em>&nbsp;(il &nbsp;microrganismo responsabile della Peronospora) non hanno coinvolto l&#8217;intero territorio in maniera uniforme e se \u00e8 vero che si vedono tanti vigneti completamente arsi e senza grappoli \u00e8 anche vero che in molti altri, grazie alle coperture con i teli in plastica e con ingenti investimenti in manodopera il frutto \u00e8 sano e di qualit\u00e0. &nbsp; &nbsp;<\/p>\n<p style=\"text-align: justify;\"><strong>A quali soluzioni si \u00e8 giunti?<\/strong><\/p>\n<p style=\"text-align: justify;\">Le soluzioni non possono ridursi alla mera richiesta di agevolazioni ed interventi d&#8217;aiuto, bisogna mettere i nostri produttori nelle condizioni di poter produrre con le stesse garanzie di cui godono i nostri concorrenti. Purtroppo, oltre alle coperture e ai trattamenti fitosanitari per contenere le patologie, a fronte di eccezionali situazioni climatiche, come quelle vissute quest&#8217;anno, c&#8217;\u00e8 poco da fare. Gli interventi preventivi sono stati spesso impediti dal costante maltempo e dall&#8217;impraticabilit\u00e0 dei terreni, le compagnie assicurative hanno spesso scoraggiato la sottoscrizione di polizze attraverso la richiesta di premi troppo onerosi e non convenienti per i produttori. Una tra le soluzioni proposte e su cui ci stiamo orientando \u00e8 quella di sperimentare polizze con premi finanziabili o agevolati. Per un&#8217;azione risolutiva pi\u00f9 duratura riteniamo invece necessario agire attraverso i nostri rappresentanti parlamentari ed europarlamentari affinch\u00e9 possano intervenire a favore di politiche agricole pi\u00f9 attente alle reali esigenze dei produttori italiani.<\/p>\n<p style=\"text-align: justify;\"><strong>Cosa si spera di ottenere?<\/strong><\/p>\n<p style=\"text-align: justify;\">L&#8217;intervento dei &#8220;Ministeri&#8221; \u00e8 indispensabile su pi\u00f9 fronti: \u00e8 necessario provvedere alla copertura finanziaria per le tante richieste di stato di calamit\u00e0; \u00e8 inoltre necessario intervenire a livello legislativo per risolvere le tante lacune e i forti caratteri restrittivi che portano ogni reale problematica riscontrabile in agricoltura fuori dal quadro d&#8217;intervento. Inoltre bisogna agire unitamente alle compagnie assicurative per giungere ad accordi e convenzioni che possano mettere i produttori meridionali nelle condizioni di poter sottoscrive polizze assicurative a costi accessibili.<\/p>\n<p style=\"text-align: justify;\"><strong>Cosa diresti agli agricoltori turesi che hanno dovuto far fronte a questa estate estremamente piovosa?<\/strong><\/p>\n<p style=\"text-align: justify;\">Gli agricoltori sanno che annate come queste sono da considerarsi rare ed eccezionali dati i nostri climi secchi ed aridi, ma c&#8217;\u00e8 anche da sottolineare come negli ultimi anni siano sempre pi\u00f9 evidenti i lenti ed inesorabili cambiamenti climatici; questo non vuol ancora dire che dobbiamo abituarci all&#8217;idea di vivere in un paese &#8220;tropicale&#8221; ma che dobbiamo tener conto che gli eventi che consideravamo eccezionali diventano sempre pi\u00f9 frequenti e che fitopatologie che ritenevamo quasi estranee sono invece sempre in agguato. Una situazione simile deve essere stimolo per una pi\u00f9 attenta valutazione dei rischi e per la prevenzione da mettere in atto nei prossimi anni. \u00c8 chiaro, inoltre, come l&#8217;aggregazione tra i produttori sia ancora una volta l&#8217;unica strada percorribile, le nuove politiche agricole infatti agevolano le grosse realt\u00e0 produttive lontane dalla nostra che \u00e8 invece altamente frazionata. Unirsi in definitiva garantisce orizzonti migliori sia in casi tragici come questo, sia poter rilanciare e valorizzare i nostri prodotti, la nostra agricoltura, la nostra economia.<\/p>\n","protected":false},"excerpt":{"rendered":"<p><img loading=\"lazy\" decoding=\"async\" src=\"https:\/\/farm4.staticflickr.com\/3921\/15110564690_dbabf553bc_n.jpg\" width=\"320\" height=\"213\" alt=\"erinosi_vite3\" \/><\/p>\n","protected":false},"author":1,"featured_media":0,"comment_status":"open","ping_status":"closed","sticky":false,"template":"","format":"standard","meta":{"colormag_page_container_layout":"default_layout","colormag_page_sidebar_layout":"default_layout","footnotes":""},"categories":[7],"tags":[],"class_list":["post-12198","post","type-post","status-publish","format-standard","hentry","category-attualita"],"_links":{"self":[{"href":"https:\/\/archivioturi.lavocedelpaese.info\/index.php\/wp-json\/wp\/v2\/posts\/12198","targetHints":{"allow":["GET"]}}],"collection":[{"href":"https:\/\/archivioturi.lavocedelpaese.info\/index.php\/wp-json\/wp\/v2\/posts"}],"about":[{"href":"https:\/\/archivioturi.lavocedelpaese.info\/index.php\/wp-json\/wp\/v2\/types\/post"}],"author":[{"embeddable":true,"href":"https:\/\/archivioturi.lavocedelpaese.info\/index.php\/wp-json\/wp\/v2\/users\/1"}],"replies":[{"embeddable":true,"href":"https:\/\/archivioturi.lavocedelpaese.info\/index.php\/wp-json\/wp\/v2\/comments?post=12198"}],"version-history":[{"count":0,"href":"https:\/\/archivioturi.lavocedelpaese.info\/index.php\/wp-json\/wp\/v2\/posts\/12198\/revisions"}],"wp:attachment":[{"href":"https:\/\/archivioturi.lavocedelpaese.info\/index.php\/wp-json\/wp\/v2\/media?parent=12198"}],"wp:term":[{"taxonomy":"category","embeddable":true,"href":"https:\/\/archivioturi.lavocedelpaese.info\/index.php\/wp-json\/wp\/v2\/categories?post=12198"},{"taxonomy":"post_tag","embeddable":true,"href":"https:\/\/archivioturi.lavocedelpaese.info\/index.php\/wp-json\/wp\/v2\/tags?post=12198"}],"curies":[{"name":"wp","href":"https:\/\/api.w.org\/{rel}","templated":true}]}}