{"id":12170,"date":"2014-08-07T07:08:51","date_gmt":"2014-08-07T07:08:51","guid":{"rendered":"https:\/\/archivioturi.lavocedelpaese.info\/index.php\/2014\/08\/07\/nella-chjazze-di-femene-si-parla-di-turi\/"},"modified":"2014-08-07T07:08:51","modified_gmt":"2014-08-07T07:08:51","slug":"nella-chjazze-di-femene-si-parla-di-turi","status":"publish","type":"post","link":"https:\/\/archivioturi.lavocedelpaese.info\/index.php\/2014\/08\/07\/nella-chjazze-di-femene-si-parla-di-turi\/","title":{"rendered":"Nella Chj\u00e0zze di f\u00e8mene si parla di Turi"},"content":{"rendered":"<p><img loading=\"lazy\" decoding=\"async\" src=\"https:\/\/farm4.staticflickr.com\/3850\/14663127408_6eca859ffc_n.jpg\" width=\"320\" height=\"212\" alt=\"DSC_7002\" \/><\/p>\n<p style=\"text-align: justify;\">Gli scherzi di questa estate hanno solo rinviato le risate, e da domenica 27 luglio, piazza Antico Ospedale ha accolto tanti turesi nella serata di mercoled\u00ec 30 luglio per la presentazione di \u201cM\u00e8n\u00f9cce s\u2019acch\u00e8se \u2026 f\u00f2rse\u201d. Da commedia a libro, Pasquale Del Re ha realizzato una fotografia della tradizione turese, che parte dal dialetto, fino a toccare gli usi, gli spazi, i costumi di un tempo, avvicinando, con la commedia, anche un pubblico pi\u00f9 giovane.<\/p>\n<p style=\"text-align: justify;\">\u201cCe b\u00e8lla men\u00f2nne\u201d ha avviato il percorso della presentazione lungo le vie di una Turi degli anni \u201960 \u2013 \u201970, in cui la celebrazione di un matrimonio riparatore tra due giovani di diversa estrazione sociale ha concentrato l\u2019attenzione dell\u2019intera platea. Risate, colpi di scena e immancabili pettegolezzi regalati dalle attrici de \u201cI d\u00ecscjad\u00ecsce\u201d che hanno messo in scena delle parti della commedia e che ha permesso a tutti di entrare nelle vicende delle famiglie turesi, emblemi di un tempo che fu, abitanti di spazi che oggi in molti ricordano e in numerosi non conoscono.<\/p>\n<p style=\"text-align: justify;\">Elogiato il grande lavoro di Pasquale del Re da parte del sindaco Menino Coppi e dell\u2019avvocato Caterina Coppi, presidente del Lions Club di Conversano \u2013 che ha patrocinato l\u2019iniziativa \u2013 le parole del prof. Raffaele Valentini. Un ringraziamento all\u2019autore per l\u2019idea di creare, attraverso la commedia, uno spaccato di vita popolare, dove al centro troviamo il dialetto. \u201cLingua che si sta perdendo e che va tutelata\u201d \u2013 risuona nella piazza, nella lode all\u2019autore che \u00e8 stato in grado di portare una testimonianza scritta della nostra lingua popolare.<\/p>\n<p style=\"text-align: justify;\">Gli interpreti Tina Cervellera, Immacolata tutta pelliccia e senza peli, Anna Cipriani, Nonna Jangel\u00ecne, Fanio Coppi, Dott. Guarnieri, Giampiero Coppi, Martino, Mariangela Di Lauro, Comare Mari\u00e8tte, Francesca Gentile, Comare Andon\u00e8tte, Irene Mastronardi, Jann\u00ecne, Lilli Susca, la zia V\u00ecatrice, Roberta Zita, Menuccia, Pasquale Del Re, Pepp\u00ecne, dal vivo, o in proiezione, hanno dato un assaggio dello spessore storico-culturale dell\u2019opera di Pasquale del Re.<\/p>\n<p style=\"text-align: justify;\">Ripercorrendo le immagini sulle grotte di Turi o sulla Sala Giuseppina &#8211; aperta nel 1952 e chiusa nel 1967 &#8211; patrimonio cittadino e luogo per i festeggiamenti dei matrimoni, in \u201cM\u00e8n\u00f9cce s\u2019acch\u00e8se \u2026 f\u00f2rse\u201d trovano spazio anche riflessioni su concetti come la dote, l\u2019origine dell\u2019abito bianco, risalente al Romanticismo, i confetti ( la leggenda greca sul perch\u00e9 dentro vi sia la mandorla, simbolo di giovinezza impetuosa e amore immortale), le bomboniere e tanto altro.<\/p>\n<p style=\"text-align: justify;\">Non basta che sedersi e iniziare a leggere \u201cM\u00e8n\u00f9cce s\u2019acch\u00e8se \u2026 f\u00f2rse\u201d.<\/p>\n<p style=\"text-align: justify;\"><em>Si ringrazia per le foto Maria Teresa D&#8217;Aprile.<\/em><\/p>\n<p><object width=\"640\" height=\"480\"><param name=\"flashvars\" value=\"offsite=true&amp;lang=it-it&amp;page_show_url=%2Fphotos%2F91470992%40N02%2Fsets%2F72157646244189934%2Fshow%2F&amp;page_show_back_url=%2Fphotos%2F91470992%40N02%2Fsets%2F72157646244189934%2F&amp;set_id=72157646244189934&amp;jump_to=\" \/><param name=\"movie\" value=\"https:\/\/www.flickr.com\/apps\/slideshow\/show.swf?v=143270\" \/><param name=\"allowFullScreen\" value=\"true\" \/><embed type=\"application\/x-shockwave-flash\" src=\"https:\/\/www.flickr.com\/apps\/slideshow\/show.swf?v=143270\" allowfullscreen=\"true\" flashvars=\"offsite=true&amp;lang=it-it&amp;page_show_url=%2Fphotos%2F91470992%40N02%2Fsets%2F72157646244189934%2Fshow%2F&amp;page_show_back_url=%2Fphotos%2F91470992%40N02%2Fsets%2F72157646244189934%2F&amp;set_id=72157646244189934&amp;jump_to=\" width=\"640\" height=\"480\" \/><\/object><\/p>\n","protected":false},"excerpt":{"rendered":"<p><img loading=\"lazy\" decoding=\"async\" src=\"https:\/\/farm4.staticflickr.com\/3850\/14663127408_6eca859ffc_n.jpg\" width=\"320\" height=\"212\" alt=\"DSC_7002\" \/><\/p>\n","protected":false},"author":1,"featured_media":0,"comment_status":"open","ping_status":"closed","sticky":false,"template":"","format":"standard","meta":{"colormag_page_container_layout":"default_layout","colormag_page_sidebar_layout":"default_layout","footnotes":""},"categories":[6],"tags":[],"class_list":["post-12170","post","type-post","status-publish","format-standard","hentry","category-cultura"],"_links":{"self":[{"href":"https:\/\/archivioturi.lavocedelpaese.info\/index.php\/wp-json\/wp\/v2\/posts\/12170","targetHints":{"allow":["GET"]}}],"collection":[{"href":"https:\/\/archivioturi.lavocedelpaese.info\/index.php\/wp-json\/wp\/v2\/posts"}],"about":[{"href":"https:\/\/archivioturi.lavocedelpaese.info\/index.php\/wp-json\/wp\/v2\/types\/post"}],"author":[{"embeddable":true,"href":"https:\/\/archivioturi.lavocedelpaese.info\/index.php\/wp-json\/wp\/v2\/users\/1"}],"replies":[{"embeddable":true,"href":"https:\/\/archivioturi.lavocedelpaese.info\/index.php\/wp-json\/wp\/v2\/comments?post=12170"}],"version-history":[{"count":0,"href":"https:\/\/archivioturi.lavocedelpaese.info\/index.php\/wp-json\/wp\/v2\/posts\/12170\/revisions"}],"wp:attachment":[{"href":"https:\/\/archivioturi.lavocedelpaese.info\/index.php\/wp-json\/wp\/v2\/media?parent=12170"}],"wp:term":[{"taxonomy":"category","embeddable":true,"href":"https:\/\/archivioturi.lavocedelpaese.info\/index.php\/wp-json\/wp\/v2\/categories?post=12170"},{"taxonomy":"post_tag","embeddable":true,"href":"https:\/\/archivioturi.lavocedelpaese.info\/index.php\/wp-json\/wp\/v2\/tags?post=12170"}],"curies":[{"name":"wp","href":"https:\/\/api.w.org\/{rel}","templated":true}]}}