{"id":12161,"date":"2014-08-01T15:18:17","date_gmt":"2014-08-01T15:18:17","guid":{"rendered":"https:\/\/archivioturi.lavocedelpaese.info\/index.php\/2014\/08\/01\/gemelli-chiusi-in-casa-intervengono-i-carabinieri\/"},"modified":"2014-08-01T15:18:17","modified_gmt":"2014-08-01T15:18:17","slug":"gemelli-chiusi-in-casa-intervengono-i-carabinieri","status":"publish","type":"post","link":"https:\/\/archivioturi.lavocedelpaese.info\/index.php\/2014\/08\/01\/gemelli-chiusi-in-casa-intervengono-i-carabinieri\/","title":{"rendered":"Gemelli chiusi in casa. Intervengono i Carabinieri."},"content":{"rendered":"<p><img loading=\"lazy\" decoding=\"async\" src=\"https:\/\/farm9.staticflickr.com\/8104\/8634574312_9a5048c333_n.jpg\" width=\"320\" height=\"240\" alt=\"Carabinieri\" \/><\/p>\n<p style=\"text-align: justify;\">\u00c9 l&#8217;incubo di ogni madre essere allontanata dal proprio bambino contro la sua volont\u00e0. Immaginiamo ora questo incubo moltiplicato per due, perch\u00e9 i protagonisti di questa vicenda sono due piccoli gemelli, e consideriamo l&#8217;incubo inversamente proporzionale all&#8217;et\u00e0, in questo caso abnorme, considerato che i due gemellini hanno circa due anni e mezzo di vita. La madre in questione deve essersi sicuramente sentita venir meno, quando ha scoperto che la porta alle sue spalle si era sfortunatamente e inavvertitamente chiusa, lasciandola fuori casa e rendendo quel muro che la separava dai suoi piccoli il pi\u00f9 grande nemico mai avuto in vita sua. Tempestivo \u00e8 stato l&#8217;intervento dei Carabinieri del Comando di Turi, i quali, sentendo piangere i bambini all&#8217;interno dell&#8217;abitazione, non hanno esitato a mettersi all&#8217;opera, riuscendo ad aprire la porta e a ricongiungere la madre e i suoi piccoli. Come si dice in questi casi, tutto \u00e8 bene quel che finisce bene. I nostri super eroi non avranno i super poteri e non saranno di certo in grado di volare con un mantello, ma di certo sono dotati di gran cuore, che poi \u00e8 il potere pi\u00f9 grande.<\/p>\n","protected":false},"excerpt":{"rendered":"<p><img loading=\"lazy\" decoding=\"async\" src=\"https:\/\/farm9.staticflickr.com\/8104\/8634574312_9a5048c333_n.jpg\" width=\"320\" height=\"240\" alt=\"Carabinieri\" \/><\/p>\n","protected":false},"author":1,"featured_media":0,"comment_status":"open","ping_status":"closed","sticky":false,"template":"","format":"standard","meta":{"colormag_page_container_layout":"default_layout","colormag_page_sidebar_layout":"default_layout","footnotes":""},"categories":[8],"tags":[],"class_list":["post-12161","post","type-post","status-publish","format-standard","hentry","category-cronaca"],"_links":{"self":[{"href":"https:\/\/archivioturi.lavocedelpaese.info\/index.php\/wp-json\/wp\/v2\/posts\/12161","targetHints":{"allow":["GET"]}}],"collection":[{"href":"https:\/\/archivioturi.lavocedelpaese.info\/index.php\/wp-json\/wp\/v2\/posts"}],"about":[{"href":"https:\/\/archivioturi.lavocedelpaese.info\/index.php\/wp-json\/wp\/v2\/types\/post"}],"author":[{"embeddable":true,"href":"https:\/\/archivioturi.lavocedelpaese.info\/index.php\/wp-json\/wp\/v2\/users\/1"}],"replies":[{"embeddable":true,"href":"https:\/\/archivioturi.lavocedelpaese.info\/index.php\/wp-json\/wp\/v2\/comments?post=12161"}],"version-history":[{"count":0,"href":"https:\/\/archivioturi.lavocedelpaese.info\/index.php\/wp-json\/wp\/v2\/posts\/12161\/revisions"}],"wp:attachment":[{"href":"https:\/\/archivioturi.lavocedelpaese.info\/index.php\/wp-json\/wp\/v2\/media?parent=12161"}],"wp:term":[{"taxonomy":"category","embeddable":true,"href":"https:\/\/archivioturi.lavocedelpaese.info\/index.php\/wp-json\/wp\/v2\/categories?post=12161"},{"taxonomy":"post_tag","embeddable":true,"href":"https:\/\/archivioturi.lavocedelpaese.info\/index.php\/wp-json\/wp\/v2\/tags?post=12161"}],"curies":[{"name":"wp","href":"https:\/\/api.w.org\/{rel}","templated":true}]}}