{"id":12158,"date":"2014-08-01T14:51:56","date_gmt":"2014-08-01T14:51:56","guid":{"rendered":"https:\/\/archivioturi.lavocedelpaese.info\/index.php\/2014\/08\/01\/limpegno-per-turi-di-leo-spada\/"},"modified":"2014-08-01T14:51:56","modified_gmt":"2014-08-01T14:51:56","slug":"limpegno-per-turi-di-leo-spada","status":"publish","type":"post","link":"https:\/\/archivioturi.lavocedelpaese.info\/index.php\/2014\/08\/01\/limpegno-per-turi-di-leo-spada\/","title":{"rendered":"L&#8217;impegno per Turi di Leo Spada"},"content":{"rendered":"<p><img loading=\"lazy\" decoding=\"async\" src=\"https:\/\/farm3.staticflickr.com\/2899\/14480633766_bcce97fba1_n.jpg\" width=\"320\" height=\"212\" alt=\"Leo Spada (2)\" \/><\/p>\n<p style=\"text-align: justify;\">Leo Spada, capogruppo e consigliere di maggioranza, delegato all&#8217;innovazione tecnologica, agli affari cimiteriali, agli spettacoli e agli eventi, ai gemellaggi, ai rapporti con le associazioni e al randagismo, incontra i nostri microfoni per discutere sulle attivit\u00e0 che l&#8217;Amministrazione Coppi sta portando avanti in questi giorni. Iniziamo, chiedendo qualche novit\u00e0 su Impegno per Turi e ci conferma la nomina a commissario pro tempore del dott. Renzo Camposeo, in quanto l&#8217;ex coordinatore, l&#8217;ingegnere Piero Camposeo, per statuto, essendo diventato assessore, ha dovuto lasciare la carica. Renzo Camposeo rester\u00e0 in carica fino agli inizi di ottobre, quando, successivamente ai nuovi tesseramenti, si proceder\u00e0 alla nomina di un nuovo coordinatore e di un nuovo direttivo. La domanda successiva ci conduce al lavoro che l&#8217;attuale Amministrazione ha svolto e sta svolgendo in questi giorni e del suo impegno personale in qualit\u00e0 di capogruppo: \u201csono stato promotore di alcuni lavori che si stanno compiendo in questi giorni\u201d \u2013 ci spiega. Molte proposte hanno potuto avere esecutivit\u00e0 in questi giorni, grazie allo sblocco che si \u00e8 avuto dal Governo sugli interventi diretti. Una nuova possibilit\u00e0, che ha visto Spada collaborare con l&#8217;ass. Camposeo nella manutenzione di p.zza Venusio, dove sono stati eliminati tutti i pali del vecchio impianto di illuminazione (ne sono stati lasciati alcuni nelle zone definite pi\u00f9 buie, dove non c&#8217;era altra possibilit\u00e0). Nel mezzo del parco \u00e8 stata montata una torre-faro che riesce a illuminare l&#8217;80% della superficie della piazza. Si \u00e8 avuta cura del verde, che si trovava in uno stato di completo abbandono e proprio nella giornata di gioved\u00ec 31 si \u00e8 provveduto al ripristino e alla sostituzione delle giostrine. In aggiunta, sono state montate due altalene in due aiuole centrali e a breve verr\u00e0 ripristinata quella parte di superficie asfaltata che nel tempo si era usurata. La stessa attenzione sar\u00e0 riservata alla fontanina della villa piccola. Parlando sempre di fontane, il discorso volge su quella della villa comunale, per la quale i lavori di restauro sono previsti a partire da luned\u00ec 4 agosto. Chiediamo come mai non abbiano pi\u00f9 optato per lo stagno: \u201cNon abbiamo scelto lo stagno perch\u00e9 richiederebbe dei tempi molti pi\u00f9 lunghi. Altro motivo, sono i costi minimi che ci consentono di apportare alla fontana anche modifiche che ne andranno a migliorare l&#8217;efficienza\u201d. Quale delegato ai servizi cimiteriali, Leo Spada ci spiega che gli stessi sono stati affidati ad una cooperativa che, a partire dalla settimana prossima, prender\u00e0 le consegne dei lavori da effettuare al cimitero. \u201cLa manutenzione \u2013 ci tiene a sottolineare il Consigliere &#8211; sar\u00e0 totale\u201d. Si starebbe poi portando avanti il discorso sul rifacimento dei loculi andati distrutti, valutando anche la possibilit\u00e0 di ampliarne la capacit\u00e0, allargando il cimitero: al momento, infatti, non vi sarebbero loculi liberi per far fronte alle eventuali emergenze. Naturalmente, ci dice, si sta portando avanti anche il discorso delle strade, lavorando momentaneamente sul riempimento della miriade di buche presenti a Turi. Quale delegato agli eventi, ci parla del calendario previsto per agosto, \u201cdi notevole importanza \u2013 ci spiega \u2013 in quanto tiene conto di tutte le fasce di et\u00e0 e di tutte le esigenze\u201d. Il fine vuole essere migliorare la qualit\u00e0 della permanenza per le strade del paese, incentivando i turesi a restare ed invitando i cittadini dei paesi vicini a venire: in questo modo si vorrebbero favorire anche quei commercianti che resterebbero aperti la sera, poich\u00e9 portando pi\u00f9 gente per le strade equivarrebbe a un maggiore guadagno per gli esercenti. Chiediamo infine al consigliere Spada se sia stato trovato un funzionario di ragioneria: ci confida che \u00e8 stata individuata una persona il cui nome non pu\u00f2 ancora essere svelato, perch\u00e9 si attende la sua nomina ufficiale. E ci spiega che \u201cmolti atti comunali dipendono dall&#8217;approvazione del bilancio: da questa nomina si sbloccheranno molte situazioni che per questa mancanza sono rimaste bloccate fino ad ora\u201d.<\/p>\n","protected":false},"excerpt":{"rendered":"<p><img loading=\"lazy\" decoding=\"async\" src=\"https:\/\/farm3.staticflickr.com\/2899\/14480633766_bcce97fba1_n.jpg\" width=\"320\" height=\"212\" alt=\"Leo Spada (2)\" \/><\/p>\n","protected":false},"author":1,"featured_media":0,"comment_status":"open","ping_status":"closed","sticky":false,"template":"","format":"standard","meta":{"colormag_page_container_layout":"default_layout","colormag_page_sidebar_layout":"default_layout","footnotes":""},"categories":[4],"tags":[],"class_list":["post-12158","post","type-post","status-publish","format-standard","hentry","category-politica"],"_links":{"self":[{"href":"https:\/\/archivioturi.lavocedelpaese.info\/index.php\/wp-json\/wp\/v2\/posts\/12158","targetHints":{"allow":["GET"]}}],"collection":[{"href":"https:\/\/archivioturi.lavocedelpaese.info\/index.php\/wp-json\/wp\/v2\/posts"}],"about":[{"href":"https:\/\/archivioturi.lavocedelpaese.info\/index.php\/wp-json\/wp\/v2\/types\/post"}],"author":[{"embeddable":true,"href":"https:\/\/archivioturi.lavocedelpaese.info\/index.php\/wp-json\/wp\/v2\/users\/1"}],"replies":[{"embeddable":true,"href":"https:\/\/archivioturi.lavocedelpaese.info\/index.php\/wp-json\/wp\/v2\/comments?post=12158"}],"version-history":[{"count":0,"href":"https:\/\/archivioturi.lavocedelpaese.info\/index.php\/wp-json\/wp\/v2\/posts\/12158\/revisions"}],"wp:attachment":[{"href":"https:\/\/archivioturi.lavocedelpaese.info\/index.php\/wp-json\/wp\/v2\/media?parent=12158"}],"wp:term":[{"taxonomy":"category","embeddable":true,"href":"https:\/\/archivioturi.lavocedelpaese.info\/index.php\/wp-json\/wp\/v2\/categories?post=12158"},{"taxonomy":"post_tag","embeddable":true,"href":"https:\/\/archivioturi.lavocedelpaese.info\/index.php\/wp-json\/wp\/v2\/tags?post=12158"}],"curies":[{"name":"wp","href":"https:\/\/api.w.org\/{rel}","templated":true}]}}