{"id":12154,"date":"2014-08-05T14:35:11","date_gmt":"2014-08-05T14:35:11","guid":{"rendered":"https:\/\/archivioturi.lavocedelpaese.info\/index.php\/2014\/08\/05\/isola-pedonale-la-storia-infinita\/"},"modified":"2014-08-05T14:35:11","modified_gmt":"2014-08-05T14:35:11","slug":"isola-pedonale-la-storia-infinita","status":"publish","type":"post","link":"https:\/\/archivioturi.lavocedelpaese.info\/index.php\/2014\/08\/05\/isola-pedonale-la-storia-infinita\/","title":{"rendered":"Isola pedonale: la storia infinita"},"content":{"rendered":"<p><img loading=\"lazy\" decoding=\"async\" src=\"https:\/\/farm4.staticflickr.com\/3848\/14841868974_5c9e8048ab_m.jpg\" width=\"181\" height=\"240\" alt=\"l'assessore Pedone\" \/><\/p>\n<p style=\"text-align: justify;\">Prima di iniziare con i punti all&#8217;ordine del giorno, il Consiglio Comunale ha dato luogo ad un&#8217;animata discussione, riguardante la spinosa questione dell&#8217;Isola pedonale, il punto dolente di questa estate bagnata. Riportiamo una piccola cronaca di quanto accaduto, raccogliendo gli interventi pi\u00f9 decisivi.<strong><\/strong><\/p>\n<p style=\"text-align: justify;\"><strong>Birardi<\/strong> chiede all&#8217;assessore Pedone a che punto sia la questione dell&#8217;isola pedonale. Il 7 luglio \u00e8 stato protocollato da circa 20 commercianti una raccolta di firme che chiedeva la riapertura di via XX settembre, perch\u00e9 gli stessi lamentano riscontri economicamente negativi.<strong><\/strong><\/p>\n<p style=\"text-align: justify;\"><strong>Pedone <\/strong>risponde che i commercianti avrebbero dovuto presentare un&#8217;ulteriore proposta, poich\u00e9 alcuni di loro volevano la riapertura della via che fiancheggia piazza Sandro Pertini (la via di fronte Cristalli di Zucchero), con la possibilit\u00e0 di svolta a sinistra e non a destra, quindi lasciando la strada che costeggia piazza Aldo Moro chiusa al traffico. Le sue perplessit\u00e0 risiedono nel fatto che di quelle venti sottoscrizioni, gli esercenti che restano aperti la sera sono cinque o sei. Gli altri sono attivit\u00e0 commerciali che la sera al massimo chiudono alle 21, in quanto non sono pizzerie, bar o paninoteche. Inoltre, con ci sono problematiche serie di parcheggio, in quanto c&#8217;\u00e8 Largo Pozzi. Abbiamo voluto sperimentare quest&#8217;anno e deciso di portare a termine questa sperimentazione. I commercianti lamentavano un&#8217;ulteriore cosa: nella programmazione dell&#8217;estate turese pare siano presenti pochi eventi in Villa, che non ci siano molte attrattive. A questo \u00e8 stata prospettata un&#8217;altra soluzione, quella di raggrupparsi in associazioni di categoria o associazioni culturali e far leva su quella che \u00e8 la loro attivit\u00e0, come accade negli altri paesi in cui esistono associazioni culturali parallele alle attivit\u00e0 commerciali, che vanno a svolgere questa funzione a costo zero e che andrebbero a valorizzare anche artisti di Turi. Le associazioni permetterebbero di risparmiare sulle attivit\u00e0 di gestione, perch\u00e9 non si tratterebbe di imprese. Si avrebbe il doppio vantaggio di animare il paese e riempirsi il locale. Per queste ragioni si \u00e8 deciso di continuare. \u201cSe non andiamo a smuovere determinate logiche in questo paese, non lo cambieremo mai\u201d.<strong><\/strong><\/p>\n<p style=\"text-align: justify;\"><strong>Birardi <\/strong>resta fermo sulla sua posizione: la maggioranza non vuole andare incontro a una certa fetta della popolazione. \u00c8 stata fatta l&#8217;isola pedonale, ma non ci si \u00e8 preoccupati poi di far guadagnare le attivit\u00e0 economiche.<strong><\/strong><\/p>\n<p style=\"text-align: justify;\"><strong>Notarnicola,<\/strong> delegato alle attivit\u00e0 produttive, interviene energicamente: \u201cDottore \u00e8 ipocrisia quello che sta dicendo\u201d. Gran parte di coloro che hanno presentato la petizione dovrebbe chiudere alle 21, l&#8217;interferenza alla loro attivit\u00e0 \u00e8 di mezz&#8217;ora. \u201cQuindi non riesco a capire dove sia l&#8217;inghippo dell&#8217;isola pedonale\u201d. Probabilmente sta nel fatto che c&#8217;era l&#8217;abitudine a non far rispettare l&#8217;orario di chiusura. Questi negozi pare chiudessero alle 23. \u201cA questo punto non \u00e8 importante dare un valore sociale alla villa, alle famiglie che vogliono portare i loro figli l\u00ec? Dei commercianti, solo quattro persone sono interessate, gli altri esercenti che hanno firmato devono chiudere alle nove. Queste persone devono rispettare gli orari. La maggioranza \u00e8 ferma sul voler riqualificare il centro storico e la villa\u201d. Viene inoltre ricordato dal consigliere che, con l&#8217;approvazione del regolamento sugli incentivi alle attivit\u00e0 del centro storico, questi commercianti potranno godere di rimborsi e di contributi da scalcolare sulle loro tasse, perch\u00e9 \u201c la maggioranza vuole un centro storico sociale che possa intersecare sia l&#8217;aspetto commerciale che l&#8217;aspetto sociale\u201d.<strong><\/strong><\/p>\n<p style=\"text-align: justify;\"><strong>Orlando<\/strong> interviene per chiarire la questione degli eventi. Esiste un calendario per l&#8217;estate turese con manifestazioni sparse per tutto il paese, in particolar modo nel centro storico, in villa, in via XX settembre e a Largo Pozzi. Il calendario di agosto non \u00e8 ancora chiuso perch\u00e9 ci sono ancora eventi in aggiunta. \u201cDa parte nostra c&#8217;\u00e8 l&#8217;intento di animare il paese\u201d. In alcuni casi sar\u00e0 a costo zero, per altri ci saranno accordi di collaborazione, che sono sempre stati fatti ed \u00e8 giusto che gli artisti vengano pagati.<strong><\/strong><\/p>\n<p style=\"text-align: justify;\"><strong>Topputi <\/strong>contribuisce a rafforzare la linea di discussione aperta dal suo capogruppo:<strong> <\/strong>forse la maggioranza dei commercianti non rientrerebbe in questo caso, ma il problema di due o tre attivit\u00e0 esercenti \u00e8 reale, loro hanno effettivamente riscontrato un calo nelle vendite.<strong><\/strong><\/p>\n<p style=\"text-align: justify;\"><strong>Laera <\/strong>riflette sul fatto che magari l&#8217;iniziativa andasse prima sperimentata: in un momento di crisi economica, forse il provvedimento avrebbe dovuto essere pi\u00f9 bilanciato, riguardando ad esempio non l&#8217;intera settimana, ma inizialmente solo qualche giorno. Bisogna s\u00ec valutare l&#8217;aspetto sociale, ma non a discapito degli esercenti. <strong><\/strong><\/p>\n<p style=\"text-align: justify;\"><strong>Pedone <\/strong>rincara la dose, chiedendo quasi ironicamente ai consiglieri di opposizione se coscienti di quello che \u00e8 stato votato nello scorso consiglio comunale sul regolamento per la valorizzazione del centro storico. In quel documento, votato all&#8217;unanimit\u00e0, \u00e8 previsto, oltre alla zona a traffico limitato, ulteriori zone di isola pedonale per valorizzare il centro storico. \u201cIo spero che questo sia ben chiaro a tutti. Dobbiamo anche essere propedeutici a quello che abbiamo votato in consiglio comunale\u201d. <strong><\/strong><\/p>\n<p style=\"text-align: justify;\"><strong>Laera<\/strong>, in risposta,<strong> <\/strong>sottolinea un aspetto: le zone a traffico limitato attualmente sono quasi del tutto sprovviste di attivit\u00e0 commerciali.<\/p>\n","protected":false},"excerpt":{"rendered":"<p><img loading=\"lazy\" decoding=\"async\" src=\"https:\/\/farm4.staticflickr.com\/3848\/14841868974_5c9e8048ab_m.jpg\" width=\"181\" height=\"240\" alt=\"l'assessore Pedone\" \/><\/p>\n","protected":false},"author":1,"featured_media":0,"comment_status":"open","ping_status":"closed","sticky":false,"template":"","format":"standard","meta":{"colormag_page_container_layout":"default_layout","colormag_page_sidebar_layout":"default_layout","footnotes":""},"categories":[4],"tags":[],"class_list":["post-12154","post","type-post","status-publish","format-standard","hentry","category-politica"],"_links":{"self":[{"href":"https:\/\/archivioturi.lavocedelpaese.info\/index.php\/wp-json\/wp\/v2\/posts\/12154","targetHints":{"allow":["GET"]}}],"collection":[{"href":"https:\/\/archivioturi.lavocedelpaese.info\/index.php\/wp-json\/wp\/v2\/posts"}],"about":[{"href":"https:\/\/archivioturi.lavocedelpaese.info\/index.php\/wp-json\/wp\/v2\/types\/post"}],"author":[{"embeddable":true,"href":"https:\/\/archivioturi.lavocedelpaese.info\/index.php\/wp-json\/wp\/v2\/users\/1"}],"replies":[{"embeddable":true,"href":"https:\/\/archivioturi.lavocedelpaese.info\/index.php\/wp-json\/wp\/v2\/comments?post=12154"}],"version-history":[{"count":0,"href":"https:\/\/archivioturi.lavocedelpaese.info\/index.php\/wp-json\/wp\/v2\/posts\/12154\/revisions"}],"wp:attachment":[{"href":"https:\/\/archivioturi.lavocedelpaese.info\/index.php\/wp-json\/wp\/v2\/media?parent=12154"}],"wp:term":[{"taxonomy":"category","embeddable":true,"href":"https:\/\/archivioturi.lavocedelpaese.info\/index.php\/wp-json\/wp\/v2\/categories?post=12154"},{"taxonomy":"post_tag","embeddable":true,"href":"https:\/\/archivioturi.lavocedelpaese.info\/index.php\/wp-json\/wp\/v2\/tags?post=12154"}],"curies":[{"name":"wp","href":"https:\/\/api.w.org\/{rel}","templated":true}]}}