{"id":12104,"date":"2014-07-22T08:42:33","date_gmt":"2014-07-22T08:42:33","guid":{"rendered":"https:\/\/archivioturi.lavocedelpaese.info\/index.php\/2014\/07\/22\/nasce-turi-in-movimento\/"},"modified":"2014-07-22T08:42:33","modified_gmt":"2014-07-22T08:42:33","slug":"nasce-turi-in-movimento","status":"publish","type":"post","link":"https:\/\/archivioturi.lavocedelpaese.info\/index.php\/2014\/07\/22\/nasce-turi-in-movimento\/","title":{"rendered":"Nasce \u201cTuri in MoVimento\u201d"},"content":{"rendered":"<p style=\"text-align: justify;\"><img loading=\"lazy\" decoding=\"async\" src=\"https:\/\/farm4.staticflickr.com\/3866\/14706763662_6156a03d6f_n.jpg\" alt=\"M5S Turi\" width=\"320\" height=\"213\" \/><\/p>\n<p style=\"text-align: justify;\">Il Movimento 5 stelle di Turi si concede ai microfoni de <em>La voce del paese<\/em> su alcune questioni di attualit\u00e0 politica: in particolare ci si \u00e8 confrontati sulla loro apparente scomparsa dalle scene e sulla paralisi della nuova Amministrazione Coppi.<\/p>\n<p style=\"text-align: justify;\"><strong>Dopo le elezioni elettorali, pare sia calato il sipario sui 5 stelle di Turi. Cosa \u00e8 successo?<\/strong><\/p>\n<p style=\"text-align: justify;\">Non abbiamo gettato la spugna, anzi&#8230; Dopo le elezioni abbiamo sentito il bisogno di fondare un\u2019associazione che si richiami ai valori del movimento, con l\u2019intento di consolidare e far crescere il gruppo &nbsp;di cittadini che hanno sostenuto attivamente la lista presentatasi nelle scorse consultazioni elettorali.<\/p>\n<p style=\"text-align: justify;\">Pertanto ci siamo riuniti e, pochi giorni fa, e stiamo dan vita all\u2019associazione \u201cTuri in MoVimento\u201d.<\/p>\n<p style=\"text-align: justify;\">Ci poniamo cos\u00ec l\u2019obiettivo di seguire pi\u00f9 da vicino il governo locale della cosa pubblica, di studiare e comprendere al meglio il funzionamento della macchina amministrativa, al fine di verificare la correttezza delle procedure e di segnalare le eventuali irregolarit\u00e0. Come associazione, puntiamo a far pervenire all\u2019amministrazione comunale le nostre proposte alternative o migliorative riguardanti il governo della nostra comunit\u00e0. Pertanto invitiamo i cittadini, interessati a far parte dell\u2019associazione, a visitare il sito www.turi5stelle.it : abbiamo bisogno di forze giovani, desiderose di impegnarsi e disposte a dedicare parte del proprio tempo libero al bene comune.<\/p>\n<p style=\"text-align: justify;\"><strong>385 turesi il 25 maggio hanno votato per voi. Come giudicate questo risultato? Vi aspettavate di pi\u00f9?<\/strong><\/p>\n<p style=\"text-align: justify;\">Riteniamo che il risultato sia abbastanza positivo: le elezioni comunali hanno dinamiche molto diverse da<\/p>\n<p style=\"text-align: justify;\">quelle europee. C\u2019\u00e8 il rammarico di non essere riusciti ad ottenere una rappresentanza in consiglio, ma di<\/p>\n<p style=\"text-align: justify;\">sicuro questa esperienza \u00e8 stata nel complesso positiva, anche perch\u00e8 si \u00e8 formato un gruppo di persone<\/p>\n<p style=\"text-align: justify;\">giovani che sar\u00e0 sempre pi\u00f9 affiatato, motivato e credibile agli occhi della cittadinanza.<\/p>\n<p style=\"text-align: justify;\"><strong>Un commento su quanto accaduto in questi primi due mesi di vita della nuova Amministrazione Coppi. <\/strong><\/p>\n<p style=\"text-align: justify;\">Queste prime settimane della nuova amministrazione hanno visto come protagonista la vicenda Lenato, esempio lampante dei limiti della politica dei partiti che, pur di vincere, scende a patti e si allea con persone che fino al giorno prima non erano affatto stimate o addirittura venivano giudicate in modo assai negativo. Dal momento che in tanti sapevano che Lenato era un ex dipendente comunale \u201cchiacchierato\u201d, la sua candidatura era gi\u00e0 politicamente inopportuna. Una volta eletto, per precauzione, avrebbero dovuto tenerlo fuori dalla giunta; invece il sindaco lo ha nominato assessore, assegnandoli addirittura la delega al bilancio! Delle due l\u2019una: o il primo cittadino \u00e8 masochista oppure doveva rispettare degli accordi che a noi mtutti non \u00e8 dato conoscere. Che tristezza!<\/p>\n<p style=\"text-align: justify;\"><strong>L&#8217;opposizione ha parlato di &#8220;paralisi&#8221; e di &#8220;mancanza di un indirizzo politico&#8221;. Siete della stessa&nbsp;<\/strong><strong>opinione?<\/strong><\/p>\n<p style=\"text-align: justify;\">La paralisi \u00e8 una diretta conseguenza della vicenda Lenato. L\u2019indirizzo politico dell\u2019amministrazione non \u00e8 chiaro: abbiamo l\u2019impressione che la maggioranza si affidi completamente al sindaco e attenda le sue mosse, prima di agire. Noi conserviamo copia del programma elettorale a li aspettiamo al varco. Vedremo come si muoveranno sui temi cari ai cittadini quali la tassazione sulla casa, l\u2019addizionale comunale, la manutenzione delle strade, l\u2019urbanistica, la citt\u00e0 metropolitana e la raccolta differenziata dei rifiuti.<\/p>\n<p style=\"text-align: justify;\"><strong>Dopo i recenti avvenimenti politici, le dimissioni di un Assessore, qualche spaccatura all&#8217;interno&nbsp;<\/strong><strong>dell&#8217;opposizione, cosa direste a chi non vi ha votato?<\/strong><\/p>\n<p style=\"text-align: justify;\">Chi non ci ha votato ha scelto ancora una volta la vecchia politica dei partiti, a livello comunale camuffati da liste civiche, tutte costituite all\u2019ultimo momento, senza alcuna programmazione politico-amministrativa e con il solo fine di raccattare il maggior numero di voti possibili. Le conseguenze sono sotto gli occhi di tutti. Oltre alle scosse in seno alla maggioranza, anche l\u2019opposizione in consiglio mostra i suoi limiti: gli imprenditori locali, che hanno fortemente voluto le due liste, sembrano agire sempre e solo per il proprio tornaconto personale e la spaccatura degli eletti in consiglio ne costituisce un segnale evidente.<\/p>\n<p style=\"text-align: justify;\">Insomma, \u00e8 un film gi\u00e0 visto. Ma noi non ci arrendiamo: mese dopo mese cercheremo di essere ancor pi\u00f9 convincenti e affidabili agli occhi dei turesi.<\/p>\n","protected":false},"excerpt":{"rendered":"<p style=\"text-align: justify;\"><img loading=\"lazy\" decoding=\"async\" src=\"https:\/\/farm4.staticflickr.com\/3866\/14706763662_6156a03d6f_n.jpg\" alt=\"M5S Turi\" width=\"320\" height=\"213\" \/><\/p>\n","protected":false},"author":1,"featured_media":0,"comment_status":"open","ping_status":"closed","sticky":false,"template":"","format":"standard","meta":{"colormag_page_container_layout":"default_layout","colormag_page_sidebar_layout":"default_layout","footnotes":""},"categories":[4],"tags":[],"class_list":["post-12104","post","type-post","status-publish","format-standard","hentry","category-politica"],"_links":{"self":[{"href":"https:\/\/archivioturi.lavocedelpaese.info\/index.php\/wp-json\/wp\/v2\/posts\/12104","targetHints":{"allow":["GET"]}}],"collection":[{"href":"https:\/\/archivioturi.lavocedelpaese.info\/index.php\/wp-json\/wp\/v2\/posts"}],"about":[{"href":"https:\/\/archivioturi.lavocedelpaese.info\/index.php\/wp-json\/wp\/v2\/types\/post"}],"author":[{"embeddable":true,"href":"https:\/\/archivioturi.lavocedelpaese.info\/index.php\/wp-json\/wp\/v2\/users\/1"}],"replies":[{"embeddable":true,"href":"https:\/\/archivioturi.lavocedelpaese.info\/index.php\/wp-json\/wp\/v2\/comments?post=12104"}],"version-history":[{"count":0,"href":"https:\/\/archivioturi.lavocedelpaese.info\/index.php\/wp-json\/wp\/v2\/posts\/12104\/revisions"}],"wp:attachment":[{"href":"https:\/\/archivioturi.lavocedelpaese.info\/index.php\/wp-json\/wp\/v2\/media?parent=12104"}],"wp:term":[{"taxonomy":"category","embeddable":true,"href":"https:\/\/archivioturi.lavocedelpaese.info\/index.php\/wp-json\/wp\/v2\/categories?post=12104"},{"taxonomy":"post_tag","embeddable":true,"href":"https:\/\/archivioturi.lavocedelpaese.info\/index.php\/wp-json\/wp\/v2\/tags?post=12104"}],"curies":[{"name":"wp","href":"https:\/\/api.w.org\/{rel}","templated":true}]}}