{"id":12099,"date":"2014-07-22T05:03:34","date_gmt":"2014-07-22T05:03:34","guid":{"rendered":"https:\/\/archivioturi.lavocedelpaese.info\/index.php\/2014\/07\/22\/a-turi-un-casting-deccezione\/"},"modified":"2014-07-22T05:03:34","modified_gmt":"2014-07-22T05:03:34","slug":"a-turi-un-casting-deccezione","status":"publish","type":"post","link":"https:\/\/archivioturi.lavocedelpaese.info\/index.php\/2014\/07\/22\/a-turi-un-casting-deccezione\/","title":{"rendered":"A Turi un casting d\u2019eccezione"},"content":{"rendered":"<p><img loading=\"lazy\" decoding=\"async\" src=\"https:\/\/farm6.staticflickr.com\/5591\/14683836506_5f7636d298_m.jpg\" alt=\"La giuria della selezione turese\" width=\"180\" height=\"240\" \/><\/p>\n<p style=\"text-align: justify;\">Si \u00e8 svolto presso il Black Davil caf\u00e8 di Turi, nel pomeriggio di venerd\u00ec 11 luglio, la prima delle selezioni alla XI edizione di Miss e Mister Citt\u00e0 di Bari 2014. Il casting itinerante per Bari e provincia, che ha avuto Turi come sua prima tappa, ha visto la partecipazione di una nota Hair stylist turese, Maria Teresa Petruzzi del Diario delle Donne, che ha preparato le partecipanti alla selezione.<\/p>\n<p style=\"text-align: justify;\">Nella giuria, oltre ai membri dell\u2019associazione \u201cTerranostra\u201d, ideatori del concorso, anche la referente ed organizzatrice di zona, Anna Maria Camponobile e Paolo Spinelli del Blackdevilcaf\u00e8.<\/p>\n<p><img loading=\"lazy\" decoding=\"async\" src=\"https:\/\/farm3.staticflickr.com\/2934\/14520172209_c10d409194_m.jpg\" alt=\"Una delle acconciature di Maria Teresa Petruzzi\" width=\"180\" height=\"240\" style=\"margin-top: 10px; margin-bottom: 10px; margin-left: 10px; float: right;\" \/><\/p>\n<p style=\"text-align: justify;\">Dallo scorso 11 luglio, un percorso tra i paesi e le bellezze della nostra terra affiancher\u00e0 le selezioni per un concorso in collaborazione con il Comune di Bari e Punto Tv, il canale 660 del digitale terrestre. \u201cQuesto \u00e8 il primo anno che il concorso \u2018Miss e Mister Citt\u00e0 di Bari\u2019 approda in televisione\u201d \u2013 ci conferma l\u2019organizzatrice turese, Anna Maria Camponobile, puntualizzando come quest\u2019opportunit\u00e0 non \u00e8 finalizzata esclusivamente alle bellezze delle nostre concittadine o concittadini, ma anche dell\u2019intera Turi. \u201cScorci di paesaggi, il fascino del Palazzo Marchesale, passaggi del nostro centro storico \u2013 hanno fatto da cornice e racconto all\u2019apertura del casting itinerante, portando una finestra del neo nato canale televisivo sulla nostra Turi, attraverso l\u2019occasione del Concorso della Citt\u00e0 di Bari\u201d \u2013 precisa la Camponobile.<\/p>\n<p style=\"text-align: justify;\">Diverse saranno le tappe di questo casting itinerante che si concluder\u00e0 il prossimo 30 agosto, con la finale dell\u2019XI edizione a Palese, dove i vincitori, incoronati e fasciati, potranno vedere aperte le porte a spot pubblicitari, produzioni televisive e cinematografiche.<\/p>\n<p style=\"text-align: justify;\">Dieci i ragazzi selezionati a Turi, da una giuria che, assieme ai sopra indicati turesi, comprendeva i componenti dell\u2019Associaizone barese. Parliamo del Presidente Vito Basile, Laura Palasciano, Direttrice del Casting ed Emilia Ciancio, Tutor Moda. A presentare gli appuntamenti e la grande manifestazione finale, l\u2019Art Director, Tommy De Ceglie.<\/p>\n<p style=\"text-align: justify;\">\u201cRingraziamo \u2013 precisa la Camponobile \u2013 il Blackdevilcaf\u00e8, Maria Teresa Petruzzi del Diario delle Donne, Andrea Saffi e Previa e pH per il loro supporto nella realizzazione di queste riprese televisive e per il concorso\u201d.<\/p>\n<p style=\"text-align: justify;\">Questo pomeriggio, alle 15.20, la prima puntata su PuntoTv. Questa sera, alle ore 20.00 si potr\u00e0 assistere alla replica.<\/p>\n","protected":false},"excerpt":{"rendered":"<p><img loading=\"lazy\" decoding=\"async\" src=\"https:\/\/farm6.staticflickr.com\/5591\/14683836506_5f7636d298_m.jpg\" alt=\"La giuria della selezione turese\" width=\"180\" height=\"240\" \/><\/p>\n","protected":false},"author":1,"featured_media":0,"comment_status":"open","ping_status":"closed","sticky":false,"template":"","format":"standard","meta":{"colormag_page_container_layout":"default_layout","colormag_page_sidebar_layout":"default_layout","footnotes":""},"categories":[6],"tags":[],"class_list":["post-12099","post","type-post","status-publish","format-standard","hentry","category-cultura"],"_links":{"self":[{"href":"https:\/\/archivioturi.lavocedelpaese.info\/index.php\/wp-json\/wp\/v2\/posts\/12099","targetHints":{"allow":["GET"]}}],"collection":[{"href":"https:\/\/archivioturi.lavocedelpaese.info\/index.php\/wp-json\/wp\/v2\/posts"}],"about":[{"href":"https:\/\/archivioturi.lavocedelpaese.info\/index.php\/wp-json\/wp\/v2\/types\/post"}],"author":[{"embeddable":true,"href":"https:\/\/archivioturi.lavocedelpaese.info\/index.php\/wp-json\/wp\/v2\/users\/1"}],"replies":[{"embeddable":true,"href":"https:\/\/archivioturi.lavocedelpaese.info\/index.php\/wp-json\/wp\/v2\/comments?post=12099"}],"version-history":[{"count":0,"href":"https:\/\/archivioturi.lavocedelpaese.info\/index.php\/wp-json\/wp\/v2\/posts\/12099\/revisions"}],"wp:attachment":[{"href":"https:\/\/archivioturi.lavocedelpaese.info\/index.php\/wp-json\/wp\/v2\/media?parent=12099"}],"wp:term":[{"taxonomy":"category","embeddable":true,"href":"https:\/\/archivioturi.lavocedelpaese.info\/index.php\/wp-json\/wp\/v2\/categories?post=12099"},{"taxonomy":"post_tag","embeddable":true,"href":"https:\/\/archivioturi.lavocedelpaese.info\/index.php\/wp-json\/wp\/v2\/tags?post=12099"}],"curies":[{"name":"wp","href":"https:\/\/api.w.org\/{rel}","templated":true}]}}