{"id":12089,"date":"2014-07-21T07:37:28","date_gmt":"2014-07-21T07:37:28","guid":{"rendered":"https:\/\/archivioturi.lavocedelpaese.info\/index.php\/2014\/07\/21\/alla-ricerca-del-prodotto-turi\/"},"modified":"2014-07-21T07:37:28","modified_gmt":"2014-07-21T07:37:28","slug":"alla-ricerca-del-prodotto-turi","status":"publish","type":"post","link":"https:\/\/archivioturi.lavocedelpaese.info\/index.php\/2014\/07\/21\/alla-ricerca-del-prodotto-turi\/","title":{"rendered":"Alla ricerca del \u201cProdotto Turi\u201d"},"content":{"rendered":"<p><img loading=\"lazy\" decoding=\"async\" src=\"https:\/\/farm4.staticflickr.com\/3276\/2657839781_2328de4d7f_n.jpg\" width=\"320\" height=\"240\" alt=\"CILIEGIE  ferrovia\" \/><\/p>\n<p style=\"text-align: justify;\">Con la nuova Amministrazione Coppi viene meno l&#8217;Assessorato all&#8217;agricoltura, che diviene una delega assegnata al consigliere di maggioranza Antonello Palmisano. \u201cPer l&#8217;agricoltura, in realt\u00e0 c&#8217;\u00e8 poco da fare perch\u00e9, nel senso che le competenze delegate agli assessorati all&#8217;agricoltura sono veramente risicati. Sono pochissime le responsabilit\u00e0 attribuite a questi Uffici. Attualmente si riducono all&#8217;assegnazione del carburante e alla realizzazione dei corsi per i patentini per i fitofarmaci. Il resto delle decisioni vengono prese o dalla Regione oppure dal Ministero delle Politiche Agricole &#8211; giustifica cos\u00ec la scelta del gruppo che attualmente guida Turi e di cui lui stesso \u00e8 parte. Naturalmente questo non vuol dire che noi ci siamo arresi a questa condizione. So che non posso agire nell&#8217;immediato, per\u00f2 sto cercando di tenermi sempre in contatto sia con la Regione Puglia, sia con i Ministeri\u201d. Palmisano ci anticipa la volont\u00e0 di creare un tavolo tecnico che si interfacci con queste Istituzioni, anche perch\u00e9 lo stesso Ministero dell&#8217;Agricoltura pare abbia manifestato la volont\u00e0 di coinvolgere Turi in una progettazione in vista di quelle che saranno le prossime direttive &#8211; \u201cci \u00e8 stato chiesto un nostro parere tecnico, da agricoltori. Stiamo cercando di intervenire all&#8217;apice\u201d.<\/p>\n<p style=\"text-align: justify;\"><strong>La formazione.<\/strong> Alla radice, invece il punto di partenza deve essere la formazione. Turi attualmente non ha un ufficio dell&#8217;agricoltura; \u201cquello esistente \u2013 ci spiega il consigliere &#8211; \u00e8 davvero limitato a pochissime funzioni, non ha iniziativa di impresa. Cos\u00ec l&#8217;agricoltura non decoller\u00e0 mai, gli agricoltori non avranno mai il punto della situazione, se non c&#8217;\u00e8 qualcuno che lo faccia per loro, non hanno consulenze se non dai CAF o dalle organizzazioni di categoria, che cercano di venire incontro alle esigenze dei lavoratori, ma la cosa finisce qui\u201d. Si tratterebbe di creare una base formativa, anche tra i giovani, che possa aiutarli, magari, ad avviare un&#8217;azienda, a chiedere un finanziamento oppure guidarli da un punto di vista burocratico o tecnico, per esempio nella scelta di cosa coltivare. \u201cOggi \u2013 ribadisce il Consigliere \u2013 un contadino non ha questi supporti, quindi penso che il Comune, per quel poco che pu\u00f2 fare, visto che non ha altri poteri, debba innanzitutto garantire questa formazione a tutti i livelli, con corsi di potatura, di innesto ed intervenire su tanti altri fronti\u201d.<\/p>\n<p style=\"text-align: justify;\"><strong>\u201cProdotto Turi\u201d<\/strong>. Sul fronte \u201cmarketing territoriale\u201d, lo stesso Palmisano ci conferma che la situazione sia in&nbsp; \u201cstato di abbandono\u201d, perch\u00e9 non c&#8217;\u00e8 nessuno che se ne occupi. Turi ha molte potenzialit\u00e0 dal punto di vista turistico: \u00e8 un paese che si trova al centro della Puglia, quindi potrebbe essere una buona base di appoggio per poter visitare la Regione; inoltre vi sono i prodotti tipici da valorizzare, come le ciliegie, le percoche, la faldacchea. La volont\u00e0 \u00e8 quella di creare un \u201cprodotto Turi\u201d in cui coinvolgere albergatori e ristoratori, ma anche i produttori, e portare questa identit\u00e0 fuori dai confini turesi. \u201cPensavamo, ad esempio, con la Pro loco di fare la Sagra della Ciliegia all&#8217;estero, in Lussemburgo o Germania\u201d. Turi non ha partecipato alla Bit, alla Fruit logistica di Berlino, ad esempio, o ad altre manifestazioni di sponsorizzazione turistica in questo senso. \u201cIo sinceramente avrei fatto fatica a vedere lo stand <em>Turi<\/em> perch\u00e9 non credo che ad oggi sia stato fatto un \u201cprodotto Turi\u201d. Ci abbiamo messo un po&#8217; tutto dentro, per\u00f2 la chiara identit\u00e0 non \u00e8 stata data. Ed \u00e8 proprio quello che vorrei cercare di fare io, insieme a tutti coloro che sono legati a questo discorso\u201d. Nell&#8217;intenzione di Palmisano, ci sarebbe anche la volont\u00e0 di realizzare un catalogo del paese e creare uno spazio espositivo da portare poi nelle varie fiere.<\/p>\n<p style=\"text-align: justify;\"><strong>Gli \u201ceducational\u201d<\/strong>. Un&#8217;altra ambizione, sarebbe quella di creare dei punti di riferimento turistici, i cosiddetti \u201ceducational\u201d: si determinano quelli che possono essere dei forti attrattori turistici e si individuano quelle persone o attivit\u00e0 che riescano a muovere grossi gruppi di turisti, che siano essi semplici cittadini o possessori di agenzie di viaggi e tour operator. Li si invita a Turi gratuitamente, mostrando quello che c&#8217;\u00e8 di pi\u00f9 bello da vedere. Nel momento in cui terminerebbe questa visita, non ci sarebbe da far altro che aspettare che loro tornino a casa e spargano la voce. L&#8217;idea dell&#8217; Educational \u00e8 proprio quella di guidare il turista, che non deve vagare senza una meta, puntando poi sulla migliore pubblicit\u00e0 possibile, ovvero il passaparola. \u201cLe statistiche dicono che il passaparola, pi\u00f9 di un volantino o della pubblicit\u00e0, ha un effetto concreto. Noi ce le abbiamo le possibilit\u00e0 per realizzare tutto questo. Abbiamo tanti B&amp;B che sono bellissimi, abbiamo le piccole casette del centro storico, fatte di pietra, dove ti svegli la mattina e senti l&#8217;odore del centro storico pugliese. Non mancano neppure i luoghi di ristorazione. \u00c8 importante canalizzare queste informazioni affinch\u00e9 non si disperdano nel nulla. A Turi manca infatti un centro di riferimento turistico a cui poter chiedere\u201d. Altro punto importante diviene dunque la volont\u00e0 di istituzionalizzare gli uffici turismo, ovvero punti di informazione turistica, magari coinvolgendo in questa attivit\u00e0 la Pro Loco di Turi.<\/p>\n","protected":false},"excerpt":{"rendered":"<p><img loading=\"lazy\" decoding=\"async\" src=\"https:\/\/farm4.staticflickr.com\/3276\/2657839781_2328de4d7f_n.jpg\" width=\"320\" height=\"240\" alt=\"CILIEGIE  ferrovia\" \/><\/p>\n","protected":false},"author":1,"featured_media":0,"comment_status":"open","ping_status":"closed","sticky":false,"template":"","format":"standard","meta":{"colormag_page_container_layout":"default_layout","colormag_page_sidebar_layout":"default_layout","footnotes":""},"categories":[7],"tags":[],"class_list":["post-12089","post","type-post","status-publish","format-standard","hentry","category-attualita"],"_links":{"self":[{"href":"https:\/\/archivioturi.lavocedelpaese.info\/index.php\/wp-json\/wp\/v2\/posts\/12089","targetHints":{"allow":["GET"]}}],"collection":[{"href":"https:\/\/archivioturi.lavocedelpaese.info\/index.php\/wp-json\/wp\/v2\/posts"}],"about":[{"href":"https:\/\/archivioturi.lavocedelpaese.info\/index.php\/wp-json\/wp\/v2\/types\/post"}],"author":[{"embeddable":true,"href":"https:\/\/archivioturi.lavocedelpaese.info\/index.php\/wp-json\/wp\/v2\/users\/1"}],"replies":[{"embeddable":true,"href":"https:\/\/archivioturi.lavocedelpaese.info\/index.php\/wp-json\/wp\/v2\/comments?post=12089"}],"version-history":[{"count":0,"href":"https:\/\/archivioturi.lavocedelpaese.info\/index.php\/wp-json\/wp\/v2\/posts\/12089\/revisions"}],"wp:attachment":[{"href":"https:\/\/archivioturi.lavocedelpaese.info\/index.php\/wp-json\/wp\/v2\/media?parent=12089"}],"wp:term":[{"taxonomy":"category","embeddable":true,"href":"https:\/\/archivioturi.lavocedelpaese.info\/index.php\/wp-json\/wp\/v2\/categories?post=12089"},{"taxonomy":"post_tag","embeddable":true,"href":"https:\/\/archivioturi.lavocedelpaese.info\/index.php\/wp-json\/wp\/v2\/tags?post=12089"}],"curies":[{"name":"wp","href":"https:\/\/api.w.org\/{rel}","templated":true}]}}