{"id":12080,"date":"2014-07-14T13:54:46","date_gmt":"2014-07-14T13:54:46","guid":{"rendered":"https:\/\/archivioturi.lavocedelpaese.info\/index.php\/2014\/07\/14\/targhe-per-ringraziare\/"},"modified":"2014-07-14T13:54:46","modified_gmt":"2014-07-14T13:54:46","slug":"targhe-per-ringraziare","status":"publish","type":"post","link":"https:\/\/archivioturi.lavocedelpaese.info\/index.php\/2014\/07\/14\/targhe-per-ringraziare\/","title":{"rendered":"Targhe per ringraziare"},"content":{"rendered":"<p><img loading=\"lazy\" decoding=\"async\" src=\"https:\/\/farm6.staticflickr.com\/5506\/14464562400_29e6c2cf75_n.jpg\" width=\"320\" height=\"212\" alt=\"Al termione il taglio della torta\" \/><\/p>\n<p style=\"text-align: justify;\">Una serata tutta dedicata ai ringraziamenti quella dello scorso venerd\u00ec 4 luglio. Presso la Sala Consiliare del Palazzo Municipale, l\u2019associazione Nuova Pro Loco ha voluto incontrare tutti coloro che con impegno, dedizione, volont\u00e0 e determinazione hanno collaborato in diversi modi e con diverse attenzioni all\u2019ottima riuscita della XXIV Sagra della Ciliegia Ferrovia.<\/p>\n<p style=\"text-align: justify;\">\u201cUn grande successo si ottiene con un lavoro di squadra. Grazie a voi tutti\u201d \u2013 era la frase che decorava la torta gustata al termine dei \u201cgrazie\u201d e che ha rappresentato il lietmotiv dell\u2019intera manifestazione. \u201cPerch\u00e9 un buon risultato \u00e8 il frutto del lavoro di molti, di un impegno che non si vede e che coinvolge tutti. Ogni azione \u00e8 finalizzata alla crescita e valorizzazione della nostra Turi\u201d \u2013 \u00e8 il messaggio lanciato dalla presidente della Pro Loco, Rina Spinelli, in apertura alla serata.<\/p>\n<p style=\"text-align: justify;\">Cos\u00ec, un\u2019occasione per rivedere e riabbracciare coloro che in sinergia hanno operato dietro le quinte di una manifestazione che ha portato a Turi una grandissima presenza, ha permesso all\u2019associazione turistica di offrire una targa di riconoscimento ai numerosi partecipanti.<\/p>\n<p style=\"text-align: justify;\">Dall\u2019Amministrazione Comunale di Turi, nelle figure del Sindaco Menino Coppi, dell\u2019Assessore alla Cultura e Vicesindaco, Lavinia Orlando e del consigliere delegato all\u2019agricoltura e marketing territoriale Antonello Palmisano, al Consigliere di minoranza Mariangela Volpicella. Un \u201cgrazie\u201d al Comando della Stazione Carabinieri di Turi, della Polizia Municipale di Turi, dell\u2019Istituto di Vigilanza Metronotte di Turi, della Protezione Civile di Turi, del Turi Soccorso, della Croce Blu di Turi e della Classe 2\u00b0 A della Scuola Primaria dell\u2019Istituto &#8211; Comprensivo \u201cResta-De Donato\u201d di Turi.<\/p>\n<p style=\"text-align: justify;\">Uno dopo l\u2019altro gli sponsor Giuliano Puglia Fruit, La Pernice, Orchidea e Catucci ecologia servizi ambientali, i produttori, le Associazioni, il Dottor Franco D\u2019Aprile, al Signor Giovanni Miccolis, al Signor Peppino Scotella hanno ricevuto l\u2019omaggio della Pro Loco per una festa, che, come ha sostenuto lo stesso consigliere Palmisano \u00e8 \u201cla festa nei nostri produttori e della nostra ciliegia\u201d, avvalendosi dell\u2019esperienza di essere stato espositore \u2013 qualche anno fa \u2013 ed ora politico.<\/p>\n<p style=\"text-align: justify;\">Per l\u2019occasione, la Pro Loco ha ribadito l\u2019appuntamento ai prossimi eventi estivi, quali la Sagra della Percoca e la Festa del Borgo antico, previsti rispettivamente per agosto e settembre. \u201cStiamo comunque lavorando ad un nuovo progetto, che ci auguriamo di poter annunciare con entusiasmo al termine di questa estate\u201d \u2013 ha poi aggiunto la Presidente Rina Spinelli, che ha lasciato intendere un lavoro sempre mirato alla valorizzazione della nostra terra e del nostro territorio. Nell\u2019occasione, la Vicesindaco Orlando ha rimarcato la collaborazione dell\u2019amministrazione con il Fai, invitando a votare \u201cLa Terra del Cuore\u201d per sostenere Turi e le sue bellezze architettoniche, \u201caffinch\u00e8 si possa ottenere un finanziamento per ristrutturare alcuni elementi del nostro patrimonio e poter accedere all\u2019Expo 2015\u201d.<\/p>\n<p><object width=\"640\" height=\"480\"><param name=\"flashvars\" value=\"offsite=true&amp;lang=it-it&amp;page_show_url=%2Fphotos%2F91470992%40N02%2Fsets%2F72157645679828624%2Fshow%2F&amp;page_show_back_url=%2Fphotos%2F91470992%40N02%2Fsets%2F72157645679828624%2F&amp;set_id=72157645679828624&amp;jump_to=\" \/><param name=\"movie\" value=\"https:\/\/www.flickr.com\/apps\/slideshow\/show.swf?v=143270\" \/><param name=\"allowFullScreen\" value=\"true\" \/><embed type=\"application\/x-shockwave-flash\" src=\"https:\/\/www.flickr.com\/apps\/slideshow\/show.swf?v=143270\" allowfullscreen=\"true\" flashvars=\"offsite=true&amp;lang=it-it&amp;page_show_url=%2Fphotos%2F91470992%40N02%2Fsets%2F72157645679828624%2Fshow%2F&amp;page_show_back_url=%2Fphotos%2F91470992%40N02%2Fsets%2F72157645679828624%2F&amp;set_id=72157645679828624&amp;jump_to=\" width=\"640\" height=\"480\" \/><\/object><\/p>\n","protected":false},"excerpt":{"rendered":"<p><img loading=\"lazy\" decoding=\"async\" src=\"https:\/\/farm6.staticflickr.com\/5506\/14464562400_29e6c2cf75_n.jpg\" width=\"320\" height=\"212\" alt=\"Al termione il taglio della torta\" \/><\/p>\n","protected":false},"author":1,"featured_media":0,"comment_status":"open","ping_status":"closed","sticky":false,"template":"","format":"standard","meta":{"colormag_page_container_layout":"default_layout","colormag_page_sidebar_layout":"default_layout","footnotes":""},"categories":[7],"tags":[],"class_list":["post-12080","post","type-post","status-publish","format-standard","hentry","category-attualita"],"_links":{"self":[{"href":"https:\/\/archivioturi.lavocedelpaese.info\/index.php\/wp-json\/wp\/v2\/posts\/12080","targetHints":{"allow":["GET"]}}],"collection":[{"href":"https:\/\/archivioturi.lavocedelpaese.info\/index.php\/wp-json\/wp\/v2\/posts"}],"about":[{"href":"https:\/\/archivioturi.lavocedelpaese.info\/index.php\/wp-json\/wp\/v2\/types\/post"}],"author":[{"embeddable":true,"href":"https:\/\/archivioturi.lavocedelpaese.info\/index.php\/wp-json\/wp\/v2\/users\/1"}],"replies":[{"embeddable":true,"href":"https:\/\/archivioturi.lavocedelpaese.info\/index.php\/wp-json\/wp\/v2\/comments?post=12080"}],"version-history":[{"count":0,"href":"https:\/\/archivioturi.lavocedelpaese.info\/index.php\/wp-json\/wp\/v2\/posts\/12080\/revisions"}],"wp:attachment":[{"href":"https:\/\/archivioturi.lavocedelpaese.info\/index.php\/wp-json\/wp\/v2\/media?parent=12080"}],"wp:term":[{"taxonomy":"category","embeddable":true,"href":"https:\/\/archivioturi.lavocedelpaese.info\/index.php\/wp-json\/wp\/v2\/categories?post=12080"},{"taxonomy":"post_tag","embeddable":true,"href":"https:\/\/archivioturi.lavocedelpaese.info\/index.php\/wp-json\/wp\/v2\/tags?post=12080"}],"curies":[{"name":"wp","href":"https:\/\/api.w.org\/{rel}","templated":true}]}}