{"id":12071,"date":"2014-07-15T11:56:33","date_gmt":"2014-07-15T11:56:33","guid":{"rendered":"https:\/\/archivioturi.lavocedelpaese.info\/index.php\/2014\/07\/15\/il-consiglio-non-e-unaula-di-tribunale\/"},"modified":"2014-07-15T11:56:33","modified_gmt":"2014-07-15T11:56:33","slug":"il-consiglio-non-e-unaula-di-tribunale","status":"publish","type":"post","link":"https:\/\/archivioturi.lavocedelpaese.info\/index.php\/2014\/07\/15\/il-consiglio-non-e-unaula-di-tribunale\/","title":{"rendered":"\u201cIl Consiglio non \u00e8 un\u2019aula di tribunale\u201d"},"content":{"rendered":"<p><img loading=\"lazy\" decoding=\"async\" src=\"https:\/\/farm4.staticflickr.com\/3838\/14500405571_d31dcac6f4_n.jpg\" width=\"320\" height=\"212\" alt=\"Mariangela Volpicella (2)\" \/><\/p>\n<p style=\"text-align: justify;\">Il Consigliere di opposizione Mariangela Volpicella, che ha assunto una posizione differente dal resto della minoranza, dice la sua sul caso Lenato.<\/p>\n<p style=\"text-align: justify;\"><strong>Consigliere, lei non ha firmato la richiesta di consiglio monotematico straordinario sul caso Lenato. Ci spiega perch\u00e9, cos\u00ec fughiamo ogni dubbio?<\/strong><\/p>\n<p style=\"text-align: justify;\">\u201cLa convocazione di un consiglio comunale monotematico, sulla base di una denuncia (dove ad oggi i dettagli non sono ancora chiari), apre il varco ad un modo di fare politica giustizialista, che non caratterizza n\u00e9 me, n\u00e9 Forza Italia. Ho ritenuto inopportuna la convocazione di un consiglio comunale ad hoc poich\u00e9 il Consiglio Comunale non pu\u00f2 diventare un\u2019aula d&#8217;inquisizione. Se c\u2019\u00e8 una denuncia, allora vorr\u00e0 dire che ci sar\u00e0 un giudice ad esprimere le dovute valutazioni\u201d.<\/p>\n<p style=\"text-align: justify;\"><strong>Al di l\u00e0 della sua firma, qual \u00e8 la sua opinione personale sul caso Lenato? Non doveva candidarsi?<\/strong><\/p>\n<p style=\"text-align: justify;\">\u201cOgnuno \u00e8 libero di farlo; non spetta, di certo, a me fare considerazioni sulla candidatura di Vito Lenato in questa tornata elettorale, poich\u00e9 cadrei nell\u2019errore di esprimere un parere che apparterrebbe comunque alla sfera personale e non a quella politica\u201d.&nbsp;<\/p>\n<p style=\"text-align: justify;\"><strong>E il sindaco? Tutto questo silenzio la sorprende?<\/strong><\/p>\n<p style=\"text-align: justify;\">\u201cLa cosa che mi sorprende di pi\u00f9 \u00e8 l\u2019inerzia di questa amministrazione. Dopo un mese e mezzo le delibere fatte sono state pochissime, tra l\u2019altro atti dovuti e non frutto di scelte politiche\u201d.<\/p>\n<p style=\"text-align: justify;\"><strong>Naturalmente il suo punto di vista \u00e8 libero, non vogliamo metterlo in dubbio. Per\u00f2 lei appartiene a un gruppo e a un partito. Come vede in questo momento Forza Italia e che ne pensa del calo di consensi a livello nazionale?<\/strong><\/p>\n<p style=\"text-align: justify;\">\u201c\u00c8 indiscutibile il calo di consensi che Forza Italia ha registrato negli ultimi tempi a livello nazionale, ma credo che le motivazioni siano strettamente connesse alla scissione del PDL in Forza Italia, Nuovo Centro Destra e Fratelli D\u2019Italia. Se sommiamo i risultati registrati alle europee da Forza Italia 16.82%, NCD 4.38% e Fratelli d\u2019Italia 3.66%, si ritorna al valore storico del PDL pari a quasi il 25%\u201d.<\/p>\n<p style=\"text-align: justify;\"><strong>Lei oltre ad essere consigliere Comunale, ricopre anche un ruolo all\u2019interno del partito, infatti \u00e8 Vice Coordinatrice di Forza Italia. Quali sono gli obiettivi futuri di Forza Italia?<\/strong><\/p>\n<p style=\"text-align: justify;\">\u201cDopo la rinascita di Forza Italia, avvenuta solo qualche mese fa, si \u00e8 subito partiti dalla definizione e nomina dei coordinamenti regionali e provinciali a marzo scorso. Il prossimo obiettivo \u00e8 quello di ristrutturare il partito, di aprire le sedi, di nominare i coordinatori cittadini, di creare una nuova classe dirigente. In merito a ci\u00f2 ho l&#8217;intenzione, entro fine mese, di attuarlo in 9 comuni della provincia di Bari, tra cui Turi. Per quanto riguarda Turi, nei prossimi giorni terr\u00f2 una riunione dove far\u00f2 il punto della situazione, esporr\u00f2 le linee guida che Forza Italia si pone, sonder\u00f2 chi \u00e8 intenzionato ad aderire al partito; in seconda istanza si proceder\u00e0 anche alla nomina del coordinatore cittadino, all\u2019apertura della sede e all\u2019inaugurazione. Conto di raggiungere tutto questo entro poche settimane e da quel momento in poi, in qualit\u00e0 di consigliere comunale e rappresentante dei miei elettori, potr\u00f2 confrontarmi sui vari provvedimenti e sulle varie posizioni da assumere in consiglio comunale con l&#8217;aiuto del futuro coordinatore cittadino e con tutto il neo gruppo di Forza Italia locale. Mi pongo l&#8217;obiettivo di creare un gruppo che parta dal basso, con un&#8217;ossatura forte e che sappia affrontare in maniera compatta le sfide che ci attenderanno\u201d.&nbsp;<\/p>\n<p style=\"text-align: justify;\"><strong>Ha qualche rammarico per come si \u00e8 concluso il mandato di Resta e per il conseguente risultato elettorale del centro-destra?<\/strong><\/p>\n<p style=\"text-align: justify;\">\u201cNon ho nessun rammarico per come si \u00e8 conclusa l\u2019esperienza della passata amministrazione poich\u00e9 durante il mio mandato elettorale ho fatto il massimo per Turi e i Turesi. Quando a novembre ho rassegnato le mie dimissioni, l\u2019ho fatto per giusta causa:&nbsp; impedire che venisse applicata una tassa sui rifiuti indegna che avrebbe vessato cittadini e imprese. Queste elezioni hanno dimostrato che Turi \u00e8 un paese di centro destra; basti pensare che Forza Italia alle europee ha ottenuto il 29% dei consensi raddoppiando la media nazionale che ha raggiunto quasi il 17%. L\u2019esito negativo alle amministrative \u00e8 unicamente riconducibile alla scissione del centro destra, infatti c\u2019erano 3 liste tutte appartenenti alla stessa area politica\u201d.<\/p>\n<p style=\"text-align: justify;\"><strong>Quali dovrebbero essere secondo lei le priorit\u00e0 dell&#8217;amministrazione Coppi? Quali provvedimenti dovrebbe subito adottare?<\/strong><\/p>\n<p style=\"text-align: justify;\">\u201cLe priorit\u00e0 sono elencate nel loro contratto che hanno fatto con i cittadini ovvero nel programma. Io non posso dire loro quello che devono fare, peccherei di presunzione, il mio ruolo \u00e8 quello di vigilare&#8230; Il resto lo verificheranno i cittadini turesi\u201d.&nbsp;<\/p>\n<p style=\"text-align: justify;\"><strong>Lei \u00e8 stata vicesindaco, un ruolo certamente di responsabilit\u00e0. Ritiene che l&#8217;attuale suo successore sar\u00e0 in grado di ricoprire quel ruolo?<\/strong><\/p>\n<p style=\"text-align: justify;\">\u201cAuguro a Lavinia Orlando buon lavoro, la reputo una persona capace e credo che far\u00e0 bene per il nostro paese\u201d.<\/p>\n<p style=\"text-align: justify;\"><strong>La giunta di Coppi le piace o avrebbe scelto diversamente?<\/strong><\/p>\n<p style=\"text-align: justify;\">\u201cNon posso giudicare se mi piace o meno. In politica, se piace o non piace, dipende soprattutto da quello che saranno in grado di fare e come sapranno amministrare il nostro paese . Oggi mi torna difficile esprimere un giudizio perch\u00e9 fino ad ora, dopo un mese e mezzo, questa giunta ha fatto molto molto poco\u201d.<\/p>\n<p style=\"text-align: justify;\"><strong>Spesso si polemizza e si dice che ogni sua scelta sia condizionata da Michele Boccardi. Cosa si sente di dire?<\/strong><\/p>\n<p style=\"text-align: justify;\">\u201cIn merito a ci\u00f2 tolgo ogni dubbio e spazio a giudizi affrettati: da sempre, sia quando ero vicesindaco, sia ora che sono consigliere di opposizione, ogni scelta non \u00e8 altro che frutto di decisioni politiche personali e non di \u201csuggerimenti\u201d da parte del Consigliere Regionale. Michele Boccardi mi ha sempre lasciata libera di amministrare, di fare le mie personali valutazioni e le scelte politiche. Naturalmente, essendo vice Coordinatrice Provinciale di Forza Italia, mi confronto con il Coordinamento Provinciale per valutare quali linee politiche seguire rispetto a particolari temi. Non appena si nominer\u00e0 il coordinamento cittadino, avr\u00f2 il dovere e l&#8217;obbligo di confrontarmi anche nella sede locale. Per concludere tengo a precisare, per fugare ogni dubbio, che da quando sono diventata Vicesindaco nel maggio 2012, ho rimesso il mandato di assistente o segretaria del Consigliere Regionale Michele Boccardi, e da pi\u00f9 di 2 anni questo ruolo \u00e8 ricoperto da un\u2019altra persona\u201d.<\/p>\n<p style=\"text-align: justify;\">&nbsp; &nbsp; &nbsp; &nbsp; &nbsp;&nbsp;<\/p>\n","protected":false},"excerpt":{"rendered":"<p><img loading=\"lazy\" decoding=\"async\" src=\"https:\/\/farm4.staticflickr.com\/3838\/14500405571_d31dcac6f4_n.jpg\" width=\"320\" height=\"212\" alt=\"Mariangela Volpicella (2)\" \/><\/p>\n","protected":false},"author":1,"featured_media":0,"comment_status":"open","ping_status":"closed","sticky":false,"template":"","format":"standard","meta":{"colormag_page_container_layout":"default_layout","colormag_page_sidebar_layout":"default_layout","footnotes":""},"categories":[4],"tags":[],"class_list":["post-12071","post","type-post","status-publish","format-standard","hentry","category-politica"],"_links":{"self":[{"href":"https:\/\/archivioturi.lavocedelpaese.info\/index.php\/wp-json\/wp\/v2\/posts\/12071","targetHints":{"allow":["GET"]}}],"collection":[{"href":"https:\/\/archivioturi.lavocedelpaese.info\/index.php\/wp-json\/wp\/v2\/posts"}],"about":[{"href":"https:\/\/archivioturi.lavocedelpaese.info\/index.php\/wp-json\/wp\/v2\/types\/post"}],"author":[{"embeddable":true,"href":"https:\/\/archivioturi.lavocedelpaese.info\/index.php\/wp-json\/wp\/v2\/users\/1"}],"replies":[{"embeddable":true,"href":"https:\/\/archivioturi.lavocedelpaese.info\/index.php\/wp-json\/wp\/v2\/comments?post=12071"}],"version-history":[{"count":0,"href":"https:\/\/archivioturi.lavocedelpaese.info\/index.php\/wp-json\/wp\/v2\/posts\/12071\/revisions"}],"wp:attachment":[{"href":"https:\/\/archivioturi.lavocedelpaese.info\/index.php\/wp-json\/wp\/v2\/media?parent=12071"}],"wp:term":[{"taxonomy":"category","embeddable":true,"href":"https:\/\/archivioturi.lavocedelpaese.info\/index.php\/wp-json\/wp\/v2\/categories?post=12071"},{"taxonomy":"post_tag","embeddable":true,"href":"https:\/\/archivioturi.lavocedelpaese.info\/index.php\/wp-json\/wp\/v2\/tags?post=12071"}],"curies":[{"name":"wp","href":"https:\/\/api.w.org\/{rel}","templated":true}]}}