{"id":12070,"date":"2014-07-16T11:54:55","date_gmt":"2014-07-16T11:54:55","guid":{"rendered":"https:\/\/archivioturi.lavocedelpaese.info\/index.php\/2014\/07\/16\/tensioni-in-minoranza\/"},"modified":"2014-07-16T11:54:55","modified_gmt":"2014-07-16T11:54:55","slug":"tensioni-in-minoranza","status":"publish","type":"post","link":"https:\/\/archivioturi.lavocedelpaese.info\/index.php\/2014\/07\/16\/tensioni-in-minoranza\/","title":{"rendered":"Tensioni in minoranza."},"content":{"rendered":"<p><img loading=\"lazy\" decoding=\"async\" src=\"https:\/\/farm6.staticflickr.com\/5591\/13892995567_a76937fb67_n.jpg\" width=\"320\" height=\"212\" alt=\"Sandro Laera (3)\" \/><\/p>\n<p style=\"text-align: justify;\"><em>Nel prossimo Consiglio comunale, l\u2019ex candidato Sindaco, Sandro Laera, annuncer\u00e0 la sua adesione a Fratelli d\u2019Italia. \u00c8 una ipotesi che in queste ultime ore si fa sempre pi\u00f9 concreta. La goccia che pu\u00f2 aver \u201crotto\u201d il vaso, potrebbe essere proprio la mancata firma da parte di Mariangela Volpicella. Una firma il cui peso politico non \u00e8 passato inosservato e al quale Sandro Laera ha preferito rispondere con un comunicato stampa che qui di seguito pubblichiamo.<\/em><\/p>\n<p style=\"text-align: justify;\">Il consiglio comunale richiesto da quattro dei cinque consiglieri di minoranza non \u00e8 assolutamente inutile se si riflettesse solo per un attimo al lungo silenzio mostrato dal Sindaco gi\u00e0 dal primo consiglio comunale avvenuto in data 16.06.2014, quando la notizia che un assessore potesse essere coinvolto in fatti illeciti in materia di tributi locali era gi\u00e0 di dominio pubblico.&nbsp; Nessuno vuole processare nessuno, non &nbsp;abbiamo ne i titoli, ne la volont\u00e0 e non \u00e8 sicuramente un aula di consiglio comunale il luogo preposto a fare ci\u00f2. Il sindaco aveva il dovere politico e morale, in perfetta linea con la trasparenza e la legalit\u00e0 tanto acclamata dai palchi durante i comizi della campagna elettorale appena trascorsa, di informare su quanto stesse accadendo all\u2019interno del palazzo comunale.<\/p>\n<p style=\"text-align: justify;\">Qualcuno dimentica oppure ha volutamente dimenticato che il consiglio comunale richiesto da quattro quinti della minoranza, (escluso il Consigliere Mariangela Volpicella) aveva i seguenti punti all\u2019ordine del giorno: 1) INFORMARE IL CONSIGLIO COMUNALE CIRCA LE VICENDE CHE HANNO COINVOLTO L\u2019ASSESSORE\/CONSIGLIERE DELEGATO AL BILANCIO E PROGRAMMAZIONE-TRIBUTI E POLITICHE FISCALI;<\/p>\n<p style=\"text-align: justify;\">&nbsp;2) QUALI MISURE PRECAUZIONALI SI INTENDE ADOTTARE IN MERITO; 3) SENSIBILIZZARE I DIRIGENTI ASL BARI, PER ARGINARE IL GRANDISSIMO DISAGIO CHE GLI UTENTI TURESI, MA SOPRATTUTTO GLI ANZIANI, STANNO VIVENDO A CAUSA DELLA CARENZA SEMPRE MAGGIORE DEGLI SPECIALISTI CHE ORBITANO PRESSO IL POLIAMBULATORIO DI TURI, ribadisco ancora una volta, \u201cnon credo che leggendo i punti appena citati si intraveda&nbsp; la volont\u00e0 di processare qualcuno o di giustiziare qualcuno\u201d , ma solo ed esclusivamente di essere informati.<\/p>\n<p style=\"text-align: justify;\">Rispetto la scelta del consigliere Mariangela Volpicella di non sottoscrivere tale richiesta ma allo stesso tempo non pu\u00f2 essere fatta passare per una richiesta giustizialista o inutile, perch\u00e9 l\u2019essere informati di fatti che potrebbero ledere o aver leso le casse comunali, la trasparenza, la moralit\u00e0 e la legalit\u00e0 non possono essere ignorate come se nulla fosse accaduto. Per quanto riguarda le dimissioni dell\u2019assessore\/consigliere Vito Lenato, spero innanzitutto che le sue condizioni di salute si ristabiliscano al pi\u00f9 presto ed ovviamente non nascondo che fanno pensare ad un reale coinvolgimento nella vicenda, ma ad accertare ci\u00f2 ci penseranno gli organi competenti.<\/p>\n<p align=\"right\" style=\"text-align: justify;\"><strong>Il capogruppo di SiAmo Turi<\/strong><\/p>\n<p align=\"right\" style=\"text-align: justify;\"><strong>Sandro Laera<\/strong><\/p>\n","protected":false},"excerpt":{"rendered":"<p><img loading=\"lazy\" decoding=\"async\" src=\"https:\/\/farm6.staticflickr.com\/5591\/13892995567_a76937fb67_n.jpg\" width=\"320\" height=\"212\" alt=\"Sandro Laera (3)\" \/><\/p>\n","protected":false},"author":1,"featured_media":0,"comment_status":"open","ping_status":"closed","sticky":false,"template":"","format":"standard","meta":{"colormag_page_container_layout":"default_layout","colormag_page_sidebar_layout":"default_layout","footnotes":""},"categories":[4],"tags":[],"class_list":["post-12070","post","type-post","status-publish","format-standard","hentry","category-politica"],"_links":{"self":[{"href":"https:\/\/archivioturi.lavocedelpaese.info\/index.php\/wp-json\/wp\/v2\/posts\/12070","targetHints":{"allow":["GET"]}}],"collection":[{"href":"https:\/\/archivioturi.lavocedelpaese.info\/index.php\/wp-json\/wp\/v2\/posts"}],"about":[{"href":"https:\/\/archivioturi.lavocedelpaese.info\/index.php\/wp-json\/wp\/v2\/types\/post"}],"author":[{"embeddable":true,"href":"https:\/\/archivioturi.lavocedelpaese.info\/index.php\/wp-json\/wp\/v2\/users\/1"}],"replies":[{"embeddable":true,"href":"https:\/\/archivioturi.lavocedelpaese.info\/index.php\/wp-json\/wp\/v2\/comments?post=12070"}],"version-history":[{"count":0,"href":"https:\/\/archivioturi.lavocedelpaese.info\/index.php\/wp-json\/wp\/v2\/posts\/12070\/revisions"}],"wp:attachment":[{"href":"https:\/\/archivioturi.lavocedelpaese.info\/index.php\/wp-json\/wp\/v2\/media?parent=12070"}],"wp:term":[{"taxonomy":"category","embeddable":true,"href":"https:\/\/archivioturi.lavocedelpaese.info\/index.php\/wp-json\/wp\/v2\/categories?post=12070"},{"taxonomy":"post_tag","embeddable":true,"href":"https:\/\/archivioturi.lavocedelpaese.info\/index.php\/wp-json\/wp\/v2\/tags?post=12070"}],"curies":[{"name":"wp","href":"https:\/\/api.w.org\/{rel}","templated":true}]}}