{"id":12066,"date":"2014-07-14T09:40:27","date_gmt":"2014-07-14T09:40:27","guid":{"rendered":"https:\/\/archivioturi.lavocedelpaese.info\/index.php\/2014\/07\/14\/questisola-pedonale-non-sha-a-fare\/"},"modified":"2014-07-14T09:40:27","modified_gmt":"2014-07-14T09:40:27","slug":"questisola-pedonale-non-sha-a-fare","status":"publish","type":"post","link":"https:\/\/archivioturi.lavocedelpaese.info\/index.php\/2014\/07\/14\/questisola-pedonale-non-sha-a-fare\/","title":{"rendered":"Quest&#8217;isola pedonale non s&#8217;ha da fare"},"content":{"rendered":"<p><img loading=\"lazy\" decoding=\"async\" src=\"https:\/\/farm6.staticflickr.com\/5554\/14647406391_f6e2b95293_m.jpg\" width=\"180\" height=\"240\" alt=\"centro deserto alle ore 22\" \/><\/p>\n<p style=\"text-align: justify;\"><strong>Ordinanza \u201cIsola Pedonale\u201d<\/strong>. \u00c8 stata pubblicata sull&#8217;Albo pretorio online del sito del Comune di Turi la tanto discussa e indesiderata ordinanza, la numero 79 del 03\/07\/2014, che con decorrenza dal 7 luglio al 31 agosto ordina l&#8217;istituzione dell&#8217;isola pedonale. Come gi\u00e0 anticipato da La voce del paese, il divieto di accesso, transito e sosta \u00e8 istituito dalle ore 20.30 alle 2, non solo per le strade e piazze principali del centro storico, ma anche nelle aree periferiche del paese, per dare un segno di presenza da parte dell&#8217;Amministrazione nelle zone pi\u00f9 lontane dal centro, ma comunque centri di aggregazione sociale \u2013 come ci avevano lasciato ad intendere (vedi intervista Notarnicola). Nel dettaglio, saranno chiuse al traffico via XX Settembre, piazza Sandro Pertini, via Antonio Orlandi, piazza Aldo Moro nel tratto compreso tra il Bar Camel e via Maggiore Orlandi, piazza Venusio tra via Dr. Angelo Camposeo e via Sicilia, e, infine, via Alberto De Carolis a partire da via Dr Domenico Resta. In quest&#8217;ultimo caso sar\u00e0 consentito il passaggio solo ai residenti che saranno tenuti a parcheggiare sulla sede viario nei propri garage, mentre sar\u00e0 loro permesso solo se per comprovata necessit\u00e0, il transito in uscita per via Antonio Orlandi e poi percorrendo Via Manzoni. L&#8217;ordinanza permette comunque il transito alle forze di polizia, ai disabili e ai mezzi di soccorso; per quanto riguarda invece residenti e commercianti in queste aree, saranno muniti di un pass che consentir\u00e0 loro di transitare \u201c a passo d&#8217;uomo\u201d, per parcheggiare le auto nei garage e per le operazioni di carico e scarico merci: permane in ogni caso il divieto di sostare lungo queste strade. In caso di condizioni climatiche avverse \u2013 si pu\u00f2 leggere infine \u2013 l&#8217;ordinanza non trover\u00e0 applicazione.<\/p>\n<p style=\"text-align: justify;\"><strong>La mobilitazione dei commercianti<\/strong>. Repentina \u00e8 stata la risposta dei commercianti delle zone interessate, che non sono si sono fatti cogliere impreparati da una disposizione ritenuta inutile, se non controproducente per i loro affari. Luned\u00ec mattina gli stessi, infatti, hanno presentato negli uffici del Sindaco una raccolta di firme, a cui pare abbiano aderito la maggior parte degli esercenti. La richiesta \u00e8 chiara: ripristinare l&#8217;isola pedonale solo nei weekend e in occasione di eventi, fino a fine agosto, proprio come \u00e8 accaduto per l&#8217;estate 2013. Foto scattate intorno alle 22.00 di giorni feriali documentano lo stato di desolazione che questi lavoratori denunciano e qualcuno sottolinea che l&#8217;anno scorso, senza l&#8217;isola pedonale, un po&#8217; pi\u00f9 di movimento c&#8217;era, tra auto, moto e bici<\/p>\n<p style=\"text-align: justify;\"><strong>La risposta dei cittadini. <\/strong>Dal punto di vista dei cittadini, la questione non sembra essere particolarmente rilevante, come a dire che tra tutti i problemi che ci sono a Turi, di certo questo \u00e8 il minore dei mali. Sicuramente la risposta immediata pare non sia stata quella sperata dall&#8217;Amministrazione: come gi\u00e0 detto avanti, durante la settimana per le strade del centro non si \u00e8 visto quasi nessuno, n\u00e9 famiglie, n\u00e9 bambini. Qualcuno, certo, sembra apprezzare l&#8217;iniziativa, che in un progetto pi\u00f9 ampio di recupero del centro gode di tutto il rispetto possibile, ma forse la sola isola pedonale non basta a portare i turesi in piazza. Vedremo se i weekend e gli eventi in programma contribuiranno riusciranno a cambiare la situazione e abituarci a vivere le strade e le piazze del paese nelle caldi notti d&#8217;estate.<strong><\/strong><\/p>\n<p style=\"text-align: justify;\"><strong>&nbsp;<\/strong><\/p>\n","protected":false},"excerpt":{"rendered":"<p><img loading=\"lazy\" decoding=\"async\" src=\"https:\/\/farm6.staticflickr.com\/5554\/14647406391_f6e2b95293_m.jpg\" width=\"180\" height=\"240\" alt=\"centro deserto alle ore 22\" \/><\/p>\n","protected":false},"author":1,"featured_media":0,"comment_status":"open","ping_status":"closed","sticky":false,"template":"","format":"standard","meta":{"colormag_page_container_layout":"default_layout","colormag_page_sidebar_layout":"default_layout","footnotes":""},"categories":[7],"tags":[],"class_list":["post-12066","post","type-post","status-publish","format-standard","hentry","category-attualita"],"_links":{"self":[{"href":"https:\/\/archivioturi.lavocedelpaese.info\/index.php\/wp-json\/wp\/v2\/posts\/12066","targetHints":{"allow":["GET"]}}],"collection":[{"href":"https:\/\/archivioturi.lavocedelpaese.info\/index.php\/wp-json\/wp\/v2\/posts"}],"about":[{"href":"https:\/\/archivioturi.lavocedelpaese.info\/index.php\/wp-json\/wp\/v2\/types\/post"}],"author":[{"embeddable":true,"href":"https:\/\/archivioturi.lavocedelpaese.info\/index.php\/wp-json\/wp\/v2\/users\/1"}],"replies":[{"embeddable":true,"href":"https:\/\/archivioturi.lavocedelpaese.info\/index.php\/wp-json\/wp\/v2\/comments?post=12066"}],"version-history":[{"count":0,"href":"https:\/\/archivioturi.lavocedelpaese.info\/index.php\/wp-json\/wp\/v2\/posts\/12066\/revisions"}],"wp:attachment":[{"href":"https:\/\/archivioturi.lavocedelpaese.info\/index.php\/wp-json\/wp\/v2\/media?parent=12066"}],"wp:term":[{"taxonomy":"category","embeddable":true,"href":"https:\/\/archivioturi.lavocedelpaese.info\/index.php\/wp-json\/wp\/v2\/categories?post=12066"},{"taxonomy":"post_tag","embeddable":true,"href":"https:\/\/archivioturi.lavocedelpaese.info\/index.php\/wp-json\/wp\/v2\/tags?post=12066"}],"curies":[{"name":"wp","href":"https:\/\/api.w.org\/{rel}","templated":true}]}}