{"id":12052,"date":"2014-07-08T13:53:56","date_gmt":"2014-07-08T13:53:56","guid":{"rendered":"https:\/\/archivioturi.lavocedelpaese.info\/index.php\/2014\/07\/08\/cakes-abusive-presto-le-denunce\/"},"modified":"2014-07-08T13:53:56","modified_gmt":"2014-07-08T13:53:56","slug":"cakes-abusive-presto-le-denunce","status":"publish","type":"post","link":"https:\/\/archivioturi.lavocedelpaese.info\/index.php\/2014\/07\/08\/cakes-abusive-presto-le-denunce\/","title":{"rendered":"Cakes abusive, presto le denunce"},"content":{"rendered":"<p><img loading=\"lazy\" decoding=\"async\" src=\"https:\/\/farm9.staticflickr.com\/8061\/8160546643_191b42eba5_n.jpg\" width=\"320\" height=\"240\" alt=\"Cake Design #4\" \/><\/p>\n<p style=\"text-align: justify;\"><em>Cake designs<\/em>, dolci creati ad opere d\u2019arte, <em>caterings<\/em> curati in ogni minimo dettaglio, pasticcerie in stile \u201ccasa di Hans e Gretel\u201d, scuole, corsi di formazione, perfezionamento, <em>reality shows<\/em>: si configura cos\u00ec il mondo dei dolci degli ultimi anni, una moda che ha visto nascere profitti, attivit\u00e0 commerciali e posti di lavoro, ma anche tanti laboratori \u201ca nero\u201d, come denuncia la proprietaria di una nota pasticceria a Turi. In un recente sfogo sulla pagina ufficiale del negozio si leggeva l\u2019indignazione nei confronti di coloro che, pur avendo gi\u00e0 tutt\u2019altro lavoro, nel tempo libero si dedicano anche a queste attivit\u00e0, preparando dolci ed organizzando <em>caterings<\/em>, pur non essendo in alcun modo \u201cregolarizzati\u201d. La incontriamo all\u2019interno del suo negozio per saperne di pi\u00f9. Ci racconta di aver aperto l\u2019attivit\u00e0 nel marzo dell\u2019anno scorso e che, seppure gli affari vadano bene, la pressione fiscale pone grandi limiti, ricordandoci infine che \u2013 ci sono sette dipendenti a cui bisogna pagare lo stipendio. A tutto questo si aggiunge la \u201cconcorrenza sleale\u201d, fatta da quelle persone che nelle proprie cucine, all\u2019interno delle proprie abitazioni, sfornano torte e dolci, per poi venderli a chi vuole risparmiare. Non nasconde lo sdegno la pasticcera, che si dice pronta, insieme ad altri colleghi, a denunciare questi \u201cpasticceri abusivi\u201d; non \u00e8 per cattiveria \u2013 ci spiega \u2013 ma per una questione di principio: ben venga la ragazza che lo fa per hobby o passione e per racimolare qualche soldo, perch\u00e9 non ha un&#8217;occupazione. I problemi nascono quando a farlo \u00e8 chi ha gi\u00e0 un lavoro ben retribuito \u2013 conclude.&nbsp;<\/p>\n","protected":false},"excerpt":{"rendered":"<p><img loading=\"lazy\" decoding=\"async\" src=\"https:\/\/farm9.staticflickr.com\/8061\/8160546643_191b42eba5_n.jpg\" width=\"320\" height=\"240\" alt=\"Cake Design #4\" \/><\/p>\n","protected":false},"author":1,"featured_media":0,"comment_status":"open","ping_status":"closed","sticky":false,"template":"","format":"standard","meta":{"colormag_page_container_layout":"default_layout","colormag_page_sidebar_layout":"default_layout","footnotes":""},"categories":[7],"tags":[],"class_list":["post-12052","post","type-post","status-publish","format-standard","hentry","category-attualita"],"_links":{"self":[{"href":"https:\/\/archivioturi.lavocedelpaese.info\/index.php\/wp-json\/wp\/v2\/posts\/12052","targetHints":{"allow":["GET"]}}],"collection":[{"href":"https:\/\/archivioturi.lavocedelpaese.info\/index.php\/wp-json\/wp\/v2\/posts"}],"about":[{"href":"https:\/\/archivioturi.lavocedelpaese.info\/index.php\/wp-json\/wp\/v2\/types\/post"}],"author":[{"embeddable":true,"href":"https:\/\/archivioturi.lavocedelpaese.info\/index.php\/wp-json\/wp\/v2\/users\/1"}],"replies":[{"embeddable":true,"href":"https:\/\/archivioturi.lavocedelpaese.info\/index.php\/wp-json\/wp\/v2\/comments?post=12052"}],"version-history":[{"count":0,"href":"https:\/\/archivioturi.lavocedelpaese.info\/index.php\/wp-json\/wp\/v2\/posts\/12052\/revisions"}],"wp:attachment":[{"href":"https:\/\/archivioturi.lavocedelpaese.info\/index.php\/wp-json\/wp\/v2\/media?parent=12052"}],"wp:term":[{"taxonomy":"category","embeddable":true,"href":"https:\/\/archivioturi.lavocedelpaese.info\/index.php\/wp-json\/wp\/v2\/categories?post=12052"},{"taxonomy":"post_tag","embeddable":true,"href":"https:\/\/archivioturi.lavocedelpaese.info\/index.php\/wp-json\/wp\/v2\/tags?post=12052"}],"curies":[{"name":"wp","href":"https:\/\/api.w.org\/{rel}","templated":true}]}}