{"id":12050,"date":"2014-07-06T17:37:54","date_gmt":"2014-07-06T17:37:54","guid":{"rendered":"https:\/\/archivioturi.lavocedelpaese.info\/index.php\/2014\/07\/06\/a-breve-il-trasporto-alle-terme-di-torre-canne\/"},"modified":"2014-07-06T17:37:54","modified_gmt":"2014-07-06T17:37:54","slug":"a-breve-il-trasporto-alle-terme-di-torre-canne","status":"publish","type":"post","link":"https:\/\/archivioturi.lavocedelpaese.info\/index.php\/2014\/07\/06\/a-breve-il-trasporto-alle-terme-di-torre-canne\/","title":{"rendered":"A breve il trasporto alle terme di Torre Canne"},"content":{"rendered":"<p><img loading=\"lazy\" decoding=\"async\" src=\"https:\/\/farm6.staticflickr.com\/5065\/5685973293_d6178e4c2a_n.jpg\" width=\"320\" height=\"147\" alt=\"Trulli dans la campagne, Pouilles, Italie\" \/><\/p>\n<p style=\"text-align: justify;\">Ripartir\u00e0 il Servizio Trasporto Anziani presso lo Stabilimento Termale di Torre Canne. \u00c8 quanto si rileva dalla delibera di Giunta Comunale n.5. Riguarder\u00e0 40 turesi, che, alla data prevista della visita medica, abbiano raggiunto il limite di et\u00e0 di 65 anni.<\/p>\n<p style=\"text-align: justify;\">Il Servizio verr\u00e0 effettuato presumibilmente nel periodo compreso tra la fine di luglio e l\u2019inizio di agosto per 13 giorni, domeniche escluse.<\/p>\n<p style=\"text-align: justify;\">La spesa prevista ammonta a \u20ac 3.356,00 di cui \u20ac 2.756,00 sul Capitolo di spesa n.10403 \u201cSpese per soggiorni climatici per anziani\u201d (Prenot. imp. n. 23\/14) ed \u20ac 600,00 sul Capitolo di spesa n. 10405\/11 \u201cFondo per la solidariet\u00e0\u201d (Prenot. imp .n. 24\/14) dell\u2019Esercizio Provvisorio 2014. La quota di partecipazione al Servizio Trasporto Turi-Terme Di Torre Canne e viceversa \u00e8 di 40,00 \u20ac per ogni partecipante.<\/p>\n","protected":false},"excerpt":{"rendered":"<p><img loading=\"lazy\" decoding=\"async\" src=\"https:\/\/farm6.staticflickr.com\/5065\/5685973293_d6178e4c2a_n.jpg\" width=\"320\" height=\"147\" alt=\"Trulli dans la campagne, Pouilles, Italie\" \/><\/p>\n","protected":false},"author":1,"featured_media":0,"comment_status":"open","ping_status":"closed","sticky":false,"template":"","format":"standard","meta":{"colormag_page_container_layout":"default_layout","colormag_page_sidebar_layout":"default_layout","footnotes":""},"categories":[7],"tags":[],"class_list":["post-12050","post","type-post","status-publish","format-standard","hentry","category-attualita"],"_links":{"self":[{"href":"https:\/\/archivioturi.lavocedelpaese.info\/index.php\/wp-json\/wp\/v2\/posts\/12050","targetHints":{"allow":["GET"]}}],"collection":[{"href":"https:\/\/archivioturi.lavocedelpaese.info\/index.php\/wp-json\/wp\/v2\/posts"}],"about":[{"href":"https:\/\/archivioturi.lavocedelpaese.info\/index.php\/wp-json\/wp\/v2\/types\/post"}],"author":[{"embeddable":true,"href":"https:\/\/archivioturi.lavocedelpaese.info\/index.php\/wp-json\/wp\/v2\/users\/1"}],"replies":[{"embeddable":true,"href":"https:\/\/archivioturi.lavocedelpaese.info\/index.php\/wp-json\/wp\/v2\/comments?post=12050"}],"version-history":[{"count":0,"href":"https:\/\/archivioturi.lavocedelpaese.info\/index.php\/wp-json\/wp\/v2\/posts\/12050\/revisions"}],"wp:attachment":[{"href":"https:\/\/archivioturi.lavocedelpaese.info\/index.php\/wp-json\/wp\/v2\/media?parent=12050"}],"wp:term":[{"taxonomy":"category","embeddable":true,"href":"https:\/\/archivioturi.lavocedelpaese.info\/index.php\/wp-json\/wp\/v2\/categories?post=12050"},{"taxonomy":"post_tag","embeddable":true,"href":"https:\/\/archivioturi.lavocedelpaese.info\/index.php\/wp-json\/wp\/v2\/tags?post=12050"}],"curies":[{"name":"wp","href":"https:\/\/api.w.org\/{rel}","templated":true}]}}