{"id":1205,"date":"2010-01-13T09:46:15","date_gmt":"2010-01-13T09:46:15","guid":{"rendered":"https:\/\/archivioturi.lavocedelpaese.info\/index.php\/2010\/01\/13\/sonnarella-sonnarelle-filastrocche-e-un-aneddoto\/"},"modified":"2010-01-13T09:46:15","modified_gmt":"2010-01-13T09:46:15","slug":"sonnarella-sonnarelle-filastrocche-e-un-aneddoto","status":"publish","type":"post","link":"https:\/\/archivioturi.lavocedelpaese.info\/index.php\/2010\/01\/13\/sonnarella-sonnarelle-filastrocche-e-un-aneddoto\/","title":{"rendered":"SONNAR\u00c8LLA SONNAR\u00c8LLE\u2026 FILASTROCCHE E UN ANEDDOTO"},"content":{"rendered":"<p style=\"text-align: justify;\"><img loading=\"lazy\" decoding=\"async\" class=\" size-full wp-image-1204\" alt=\"largo_pozzi\" src=\"https:\/\/archivioturi.lavocedelpaese.info\/wp-content\/uploads\/2010\/01\/largo_pozzi.jpg\" height=\"149\" width=\"321\" \/><\/p>\n<p style=\"text-align: justify;\"><span style=\"font-size: 10pt;\"><span style=\"font-family: verdana,geneva;\"><strong>S<\/strong>onnar\u00e8lla sonnar\u00e8lle,<\/span><\/span><\/p>\n<div style=\"text-align: justify;\"><\/div>\n<p style=\"text-align: justify;\"><span style=\"font-size: 10pt;\"><span style=\"font-family: verdana,geneva;\">u\u2019 l\u00f9pe s\u2019\u00e8 mang\u00e8te la pecor\u00e8lle.<\/span><\/span><\/p>\n<div style=\"text-align: justify;\"><\/div>\n<p style=\"text-align: justify;\"><span style=\"font-size: 10pt;\"><span style=\"font-family: verdana,geneva;\">Pecor\u00e8lla mia, d\u00ecmme: acc\u00f2me fasc\u00ecjste,<\/span><\/span><\/p>\n<div style=\"text-align: justify;\"><\/div>\n<p style=\"text-align: justify;\"><span style=\"font-size: 10pt;\"><span style=\"font-family: verdana,geneva;\">aqqu\u00e0nne \u2018m\u00f2cche o\u2019 l\u00f9pe te ved\u00ecjste?<\/span><\/span><\/p>\n<div style=\"text-align: justify;\"><\/div>\n<p style=\"text-align: justify;\"><span style=\"font-size: 10pt;\"><span style=\"font-family: verdana,geneva;\"> <\/span><\/span><\/p>\n<div style=\"text-align: justify;\"><\/div>\n<p style=\"text-align: justify;\"><span style=\"font-size: 10pt;\"><span style=\"font-family: verdana,geneva;\"><strong>C<\/strong>\u00f9sse j\u00e8 u\u2019 f\u00ecgghie de la m\u00e0mme,<\/span><\/span><\/p>\n<div style=\"text-align: justify;\"><\/div>\n<p style=\"text-align: justify;\"><span style=\"font-size: 10pt;\"><span style=\"font-family: verdana,geneva;\">j\u00e8 men\u00f9nne, av\u00e0 f\u00e8 gr\u00e0nne.<\/span><\/span><\/p>\n<div style=\"text-align: justify;\"><\/div>\n<p style=\"text-align: justify;\"><span style=\"font-size: 10pt;\"><span style=\"font-family: verdana,geneva;\">La m\u00e0mme ne t\u00e8ne i\u00f9ne,<\/span><\/span><\/p>\n<div style=\"text-align: justify;\"><\/div>\n<p style=\"text-align: justify;\"><span style=\"font-size: 10pt;\"><span style=\"font-family: verdana,geneva;\">n\u00e0n ge u\u2019 v\u00f2le d\u00e8 a nesci\u00f9ne.<\/span><\/span><\/p>\n<div style=\"text-align: justify;\"><\/div>\n<p style=\"text-align: justify;\"><span style=\"font-size: 10pt;\"><span style=\"font-family: verdana,geneva;\">Ce ne ten\u00e8ve tre<\/span><\/span><\/p>\n<div style=\"text-align: justify;\"><\/div>\n<p style=\"text-align: justify;\"><span style=\"font-size: 10pt;\"><span style=\"font-family: verdana,geneva;\">te d\u00e8ve i\u00f9ne a te.<\/span><\/span><\/p>\n<div style=\"text-align: justify;\"><\/div>\n<p style=\"text-align: justify;\"><span style=\"font-size: 10pt;\"><span style=\"font-family: verdana,geneva;\"> <\/span><\/span><\/p>\n<div style=\"text-align: justify;\"><\/div>\n<p style=\"text-align: justify;\"><span style=\"font-size: 10pt;\"><span style=\"font-family: verdana,geneva;\"><strong>S<\/strong>and Mich\u00e8le m\u00ecje ce v\u00e8 fasc\u00e8nne,<\/span><\/span><\/p>\n<div style=\"text-align: justify;\"><\/div>\n<p style=\"text-align: justify;\"><span style=\"font-size: 10pt;\"><span style=\"font-family: verdana,geneva;\">t\u00f9tt\u2019 i crjat\u00f9re v\u00e8 addermesc\u00e8nne.<\/span><\/span><\/p>\n<div style=\"text-align: justify;\"><\/div>\n<p style=\"text-align: justify;\"><span style=\"font-size: 10pt;\"><span style=\"font-family: verdana,geneva;\">Sand Mich\u00e8le paci\u00f9se,<\/span><\/span><\/p>\n<div style=\"text-align: justify;\"><\/div>\n<p style=\"text-align: justify;\"><span style=\"font-size: 10pt;\"><span style=\"font-family: verdana,geneva;\">i\u00e0pre i p\u00f2rte e ghianat\u00ecnne s\u00f9se.<\/span><\/span><\/p>\n<div style=\"text-align: justify;\"><\/div>\n<p style=\"text-align: justify;\"><span style=\"font-size: 10pt;\"><span style=\"font-family: verdana,geneva;\"> <\/span><\/span><\/p>\n<div style=\"text-align: justify;\"><\/div>\n<p style=\"text-align: justify;\"><span style=\"font-size: 10pt;\"><span style=\"font-family: verdana,geneva;\"><strong>T<\/strong>alvolta i bambini piccoli erano indirizzati dalle loro mamme, indaffaratissime a causa dei lavori domestici, presso parenti o amici del vicinato con la seguente richiesta alquanto singolare: \u201cHa detto mamma dammi un po\u2019 di \u2018ndratt\u00ecjne\u2019 \u201c. In attesa del misterioso \u2018ndratt\u00ecjne\u2019 (intrattenimento), che non arrivava mai, l\u2019ignaro bambino era costretto a rimanere per qualche tempo lontano da casa, stando pure molto tranquillo perch\u00e9 intimidito da un ambiente e da persone con cui non era in confidenza, permettendo alla mamma di terminare le faccende domestiche. <\/span><\/span><\/p>\n","protected":false},"excerpt":{"rendered":"<p style=\"text-align: justify;\"><img loading=\"lazy\" decoding=\"async\" class=\" size-full wp-image-1204\" alt=\"largo_pozzi\" src=\"https:\/\/archivioturi.lavocedelpaese.info\/wp-content\/uploads\/2010\/01\/largo_pozzi.jpg\" height=\"149\" width=\"321\" \/><\/p>\n","protected":false},"author":1,"featured_media":1204,"comment_status":"open","ping_status":"closed","sticky":false,"template":"","format":"standard","meta":{"colormag_page_container_layout":"default_layout","colormag_page_sidebar_layout":"default_layout","footnotes":""},"categories":[6],"tags":[],"class_list":["post-1205","post","type-post","status-publish","format-standard","has-post-thumbnail","hentry","category-cultura"],"_links":{"self":[{"href":"https:\/\/archivioturi.lavocedelpaese.info\/index.php\/wp-json\/wp\/v2\/posts\/1205","targetHints":{"allow":["GET"]}}],"collection":[{"href":"https:\/\/archivioturi.lavocedelpaese.info\/index.php\/wp-json\/wp\/v2\/posts"}],"about":[{"href":"https:\/\/archivioturi.lavocedelpaese.info\/index.php\/wp-json\/wp\/v2\/types\/post"}],"author":[{"embeddable":true,"href":"https:\/\/archivioturi.lavocedelpaese.info\/index.php\/wp-json\/wp\/v2\/users\/1"}],"replies":[{"embeddable":true,"href":"https:\/\/archivioturi.lavocedelpaese.info\/index.php\/wp-json\/wp\/v2\/comments?post=1205"}],"version-history":[{"count":0,"href":"https:\/\/archivioturi.lavocedelpaese.info\/index.php\/wp-json\/wp\/v2\/posts\/1205\/revisions"}],"wp:featuredmedia":[{"embeddable":true,"href":"https:\/\/archivioturi.lavocedelpaese.info\/index.php\/wp-json\/wp\/v2\/media\/1204"}],"wp:attachment":[{"href":"https:\/\/archivioturi.lavocedelpaese.info\/index.php\/wp-json\/wp\/v2\/media?parent=1205"}],"wp:term":[{"taxonomy":"category","embeddable":true,"href":"https:\/\/archivioturi.lavocedelpaese.info\/index.php\/wp-json\/wp\/v2\/categories?post=1205"},{"taxonomy":"post_tag","embeddable":true,"href":"https:\/\/archivioturi.lavocedelpaese.info\/index.php\/wp-json\/wp\/v2\/tags?post=1205"}],"curies":[{"name":"wp","href":"https:\/\/api.w.org\/{rel}","templated":true}]}}