{"id":12036,"date":"2014-07-08T17:20:48","date_gmt":"2014-07-08T17:20:48","guid":{"rendered":"https:\/\/archivioturi.lavocedelpaese.info\/index.php\/2014\/07\/08\/le-ultime-vicende-gridano-vendetta-davanti-a-dio-e-agli-uomini\/"},"modified":"2014-07-08T17:20:48","modified_gmt":"2014-07-08T17:20:48","slug":"le-ultime-vicende-gridano-vendetta-davanti-a-dio-e-agli-uomini","status":"publish","type":"post","link":"https:\/\/archivioturi.lavocedelpaese.info\/index.php\/2014\/07\/08\/le-ultime-vicende-gridano-vendetta-davanti-a-dio-e-agli-uomini\/","title":{"rendered":"Le ultime vicende gridano vendetta davanti a Dio e agli uomini"},"content":{"rendered":"<p><img loading=\"lazy\" decoding=\"async\" src=\"https:\/\/farm6.staticflickr.com\/5539\/10784013725_a488c0809a_n.jpg\" width=\"320\" height=\"213\" alt=\"Antonio Tateo\" \/><\/p>\n<p style=\"text-align: justify;\"><span style=\"font-family: verdana, geneva;\"><strong><em>Gentile sig. Tateo, ci risiamo: anche la nuova Amministrazione sta avendo problemi a reperire un funzionario di ragioneria. Un problema che lei stesso, in qualit\u00e0 di delegato al bilancio con l&#8217;Amministrazione Resta, aveva lamentato e per cui era stato attaccato pi\u00f9 volte dall&#8217;allora opposizione. Cosa vuole dire ora a chi l&#8217;ha tanto criticata?<\/em><\/strong><\/span><\/p>\n<p style=\"text-align: justify;\"><span style=\"font-family: verdana, geneva;\">Le quantit\u00e0 di menzogne, insulti, offese, denigrazioni e in certi momenti, diffamazioni e calunnie a mezzo di manifesti che alcuni dell\u2019opposizione mi hanno riservato nel corso degli ultimi anni sotto certi aspetti gridano vendetta davanti a Dio e agli uomini. In politica, le critiche sono salutari ma le menzogne danneggiano le persone e, soprattutto, non servono alla collettivit\u00e0. In queste settimane sto leggendo un libro di Luciano Violante, \u201cPolitica e menzogna\u201d. Ne consiglio vivamente la lettura a chi fa politica nel nostro paese e ai cittadini che \u201cdevono sconfiggere la menzogna e i suoi corollari, chiedendo la verit\u00e0 ai politici, anche e soprattutto ai propri, esigendo che siano controllati, chiedendo conto delle scelte adottate, togliendo decisamente la fiducia quando vengono meno agli impegni.\u201d Per tornare alla domanda, dico solo che gli attuali amministratori stanno tentando di fare quello che stavamo facendo noi in precedenza. N\u00e9 pi\u00f9 n\u00e9 meno.<\/span><\/p>\n<p style=\"text-align: justify;\"><span style=\"font-family: verdana, geneva;\">&nbsp;&nbsp;&nbsp;&nbsp;<strong> <\/strong><\/span><\/p>\n<p style=\"text-align: justify;\"><span style=\"font-family: verdana, geneva;\"><strong><em>L&#8217;ex segretario comunale Rubino e l&#8217;attuale dott. Francesco Mancini si sono ritrovati a ricoprire spesso anche il ruolo di funzionario di ragioneria. Ha ritenuto giusto e condiviso questo modo di procedere? Perch\u00e9?<\/em><\/strong><\/span><\/p>\n<p style=\"text-align: justify;\"><span style=\"font-family: verdana, geneva;\">Dall\u2019esterno, soprattutto, quando non si conoscono i fatti e non si leggono gli atti amministrativi si \u00e8 portati a dare opinioni e giudizi sbagliati o ad avere pregiudizi. Se a ci\u00f2 aggiungiamo le sciocchezze dette e scritte da qualche consigliere comunale del precedente mandato amministrativo, il quadro \u00e8 completo. La figura del Segretario Comunale, in quanto figura apicale dell\u2019apparato burocratico, deve, quando \u00e8 necessario e in casi eccezionali e motivati, assorbire i compiti e le funzioni di qualsiasi Capo Settore. Numerosi sono stati i Comuni che hanno operato in tal senso. Con le nuove norme in vigore negli ultimi anni, sotto certi aspetti \u00e8 meglio non far coincidere entrambi i ruoli nella stessa persona. Soprattutto, riguardo alcune figure \u201cinfungibili\u201d come lo sono il Responsabile del Settore Finanziario o il Comandante della Polizia Municipale. Ma quando si amministra e si presenta un problema, bisogna affrontarlo e risolverlo, applicando la legge e il buon senso. Sono convinto che in casi eccezionali sia stato giusto l\u2019operato di entrambi cos\u00ec come quello del precedente Segretario Comunale Dott.ssa Anglana.&nbsp;<strong>&nbsp;&nbsp;&nbsp; <\/strong><\/span><\/p>\n<p style=\"text-align: justify;\"><span style=\"font-family: verdana, geneva;\"><strong><em>Potrebbe spiegarci come ci si \u00e8 ritrovati in questa impasse burocratica senza fine, che ci costringe a elemosinare funzionari ad altri Comuni?<\/em><\/strong><\/span><\/p>\n<p style=\"text-align: justify;\"><span style=\"font-family: verdana, geneva;\">La risposta \u00e8 molto semplice: il titolare del posto ha esercitato un suo diritto che \u00e8 quello di essere collocato in aspettativa per ricoprire la funzione di Dirigente in un Comune pi\u00f9 grande come Altamura. Successivamente, nel mese di settembre 2013 ha vinto il concorso nello stesso Comune e per i consueti sei mesi di prova non si poteva fare nulla. Cio\u00e8 fino al mese di marzo di quest\u2019anno. Per questo, l\u2019unica soluzione era quella di cercare la collaborazione e la disponibilit\u00e0 di altri dipendenti pubblici e la generosit\u00e0 di altri Sindaci. A ci\u00f2, mi piace ricordare che durante il periodo in cui ho avuto la responsabilit\u00e0 della delega al bilancio, fu fatto un avviso pubblico e una mail personalizzata a tutti i Comuni della Provincia di Bari, BAT, Taranto e Brindisi. Ma nessuno dichiar\u00f2 la propria disponibilit\u00e0. Non vedo che altro si poteva e si doveva fare!<\/span><\/p>\n<p style=\"text-align: justify;\"><span style=\"font-family: verdana, geneva;\"><strong><em>I pi\u00f9 potrebbero chiedersi come mai non venga bandito un concorso pubblico al fine di dotare finalmente il Comune di una figura professionale adeguata. Perch\u00e9 nessuno lo fa? Quali sono gli ostacoli?<\/em><\/strong><\/span><\/p>\n<p style=\"text-align: justify;\"><span style=\"font-family: verdana, geneva;\">Come ho detto prima, dopo lo spirare dei sei mesi, si dovr\u00e0 prima fare un particolare controllo della spesa per il personale e i relativi carichi di lavoro in quanto obbligati dalle norme che successivamente prevedono l\u2019avviso pubblico per titoli ed esami per Mobilit\u00e0 da altre Pubbliche Amministrazioni e solo se non ci saranno disponibilit\u00e0, sar\u00e0 possibile bandire un concorso pubblico. D\u2019altronde, proprio nei giorni delle sciagurate dimissioni di taluni, l\u2019allora responsabile stava lavorando anche a questo aspetto per trovarsi pronti a marzo di quest\u2019anno per bandire prima l\u2019avviso pubblico e poi, se necessario il concorso esterno.<\/span><\/p>\n<p style=\"text-align: justify;\"><span style=\"font-family: verdana, geneva;\"><strong><em>Cambiamo capitolo. Ci sono novit\u00e0 sullo scandalo Boc? Aveva promesso comizi e scenari apocalittici&#8230;E le problematiche del Bilancio?<\/em><\/strong><\/span><\/p>\n<p style=\"text-align: justify;\"><span style=\"font-family: verdana, geneva;\">Come ho sempre detto e scritto pubblicamente e in atti amministrativi, la questione dei Derivati sottostante all\u2019emissione dei BOC avvenuta nel 2005 \u00e8 una questione molto delicata per i risvolti che potrebbe avere per le finanze del Comune e, quindi, per tutta la collettivit\u00e0 turese. Ribadisco con assoluta chiarezza e convinzione che l\u2019operazione Derivati \u00e8 stata una \u201cscommessa\u201d e, quindi, un grosso imbroglio perpetrato ai danni delle casse del nostro comune per circa 800mila Euro ad oggi\u2026 Anche in questo caso, qualche politico locale si \u00e8 esercitato nel dire, diciamo cos\u00ec, qualche inesattezza dovuta alla mancata conoscenza o lettura e studio attento di tutte le carte. Su mio impulso e con circa 3mila Euro, il Comune di Turi, dopo apposito Avviso Pubblico, ha ottenuto una Consulenza e Analisi Finanziaria del Contratto di cui si parla da parte di uno stimato Professionista. Basta leggere quel documento e le carte del fascicolo derivati per comprendere di cosa stiamo parlando e della gravit\u00e0 della questione. Se a ci\u00f2, aggiungiamo le richieste della Corte dei Conti della Puglia avvenuta l\u2019anno scorso riguardo la questione Derivati di Turi e le raccomandazioni del Procuratore Generale della Corte dei Conti per la situazione dei derivati degli enti locali. Infine, non vanno sottovalutate le considerazioni e i rilievi presenti negli ultimi pareri del Revisore dei Conti. Anche per questo, mi permetto di suggerire e consigliare i politici locali e agli attuali amministratori di leggersi e studiare le carte oltre a documentarsi con la cronaca degli ultimi anni riguardo i derivati nei Comuni e scopriranno che \u201cscenari apocalittici\u201d, come li definisce lei, potrebbero accadere anche nella nostra Turi. Per ora, desidero dare atto al Commissario Straordinario di aver ascoltato le mie opinioni al riguardo che ebbi cura di trasmettere con apposita lettera nel mese di novembre 2013. Infatti, uno degli ultimi atti dello stesso Commissario \u00e8 stato quello di proseguire la procedura nei confronti della Banca dando incarico al Legale di adire il Giudice Civile. Ci vorranno molta pazienza e tempo a causa delle lungaggini della Giustizia ma sono confidente che il Comune sar\u00e0 risarcito poich\u00e9 al riguardo, la Giurisprudenza \u00e8 costante. Confermo che nelle prossime settimane sar\u00e0 costituito ufficialmente un Comitato Civico per la Tutela delle Finanze Comunale ed avr\u00e0 il solo scopo di stimolare e vigilare affinch\u00e9 l\u2019Amministrazione Comunale tenga sotto controllo la situazione Derivati che potrebbe diventare esplosiva per tutti i turesi. Riguardo alle Politiche di Bilancio siamo tutti quanti in trepida attesa delle loro proposte e soluzioni.<\/span><\/p>\n<p style=\"text-align: justify;\"><span style=\"font-family: verdana, geneva;\"><strong><em>&nbsp;<\/em><\/strong><\/span><\/p>\n<p style=\"text-align: justify;\"><span style=\"font-family: verdana, geneva;\"><strong><em>Come la vita lontana dalla politica? Tenter\u00e0 nuove strade?&nbsp;<\/em><\/strong><\/span><\/p>\n<p style=\"text-align: justify;\"><span style=\"font-family: verdana, geneva;\">La vita continua magnificamente con la famiglia, gli affetti, le amicizie, il lavoro e le difficolt\u00e0 e i problemi da risolvere come tante persone normali. Fare politica per me non \u00e8 mai stato un mestiere o un diversivo da pensionato. Ho sempre pensato alla politica come servizio e non certamente per l\u2019indennit\u00e0 o la paghetta per arrotondare. Ci si deve dedicare intensamente con passione e competenza. Con il giusto tempo a disposizione, si pu\u00f2 gestire e amministrare un Comune. Tanti lo fanno negli oltre 8.000 Comuni. Quando si ha un ruolo ci si deve far carico di amministrare le cose della collettivit\u00e0 per il bene della stessa, di svolgere bene la propria funzione pubblica&nbsp;dal punto di vista tecnico ed organizzativo. Il politico dovrebbe essere una persona&nbsp;in grado di avere capacit\u00e0 organizzative, competenze&nbsp;adeguate e spirito di abnegazione. Non serve esigere la perfezione da individui che essendo uomini possono e hanno il diritto di sbagliare, ma la questione riguarda lo spirito con il quale ci si avvicina all&#8217;attivit\u00e0 politica che non pu\u00f2 e non deve essere quello dell&#8217;esercitare un potere. Riguardo alla moralit\u00e0 del personaggio politico in quanto rappresentante della comunit\u00e0 \u00e8 chiaro che deve&nbsp;confrontarsi con la propria moralit\u00e0&nbsp;tanto per s\u00e9 stesso quanto per chi rappresenta. Purtroppo, la cronaca ci ricorda che, pochi sono i politici che vivono il proprio ruolo con&nbsp;dignit\u00e0, moralit\u00e0 e spirito di servizio e che dobbiamo registrare purtroppo anche episodi di illegalit\u00e0, immoralit\u00e0, e pressapochismo. E&#8217; auspicabile una spinta per tornare a parlare della gente e dei suoi problemi e che ci siano soluzioni concrete che non abbassino la moralit\u00e0, la spiritualit\u00e0, la cultura che fanno della propria comunit\u00e0 un luogo vivibile e solidale. Penso di aver fatto sempre il mio dovere ed agito al meglio durante i pochi mesi di attivit\u00e0 amministrativa. Il tutto \u00e8 documentato dagli atti amministrativi, e, soprattutto, dalle cose concrete e finanziamenti ottenuti come quelli per la Pavimentazione con la Chianche nel Centro Storico e il Sistema Ambientale Culturale. Ad ogni modo, chiunque faccia qualcosa per il bene della comunit\u00e0 fa&#8217; politica. Tutti coloro che partecipano al progresso, al benessere della propria comunit\u00e0, fanno politica. Non c\u2019\u00e8 bisogno di tentare nuove strade ma di continuare ad essere un buon cittadino che propone le proprie idee per unire gli abitanti di una collettivit\u00e0 intorno ai valori positivi della vita associata cercando di aggregare uomini e donne provenienti da diversi ambiti sociali e che collaborano per raggiungere un obiettivo comune legato alla tutela ed alla gestione dei beni appartenenti alla stessa comunit\u00e0. <\/span><\/p>\n<p style=\"text-align: justify;\"><span style=\"font-family: verdana, geneva;\"><strong>&nbsp;<\/strong><\/span><\/p>\n","protected":false},"excerpt":{"rendered":"<p><img loading=\"lazy\" decoding=\"async\" src=\"https:\/\/farm6.staticflickr.com\/5539\/10784013725_a488c0809a_n.jpg\" width=\"320\" height=\"213\" alt=\"Antonio Tateo\" \/><\/p>\n","protected":false},"author":1,"featured_media":0,"comment_status":"open","ping_status":"closed","sticky":false,"template":"","format":"standard","meta":{"colormag_page_container_layout":"default_layout","colormag_page_sidebar_layout":"default_layout","footnotes":""},"categories":[4],"tags":[],"class_list":["post-12036","post","type-post","status-publish","format-standard","hentry","category-politica"],"_links":{"self":[{"href":"https:\/\/archivioturi.lavocedelpaese.info\/index.php\/wp-json\/wp\/v2\/posts\/12036","targetHints":{"allow":["GET"]}}],"collection":[{"href":"https:\/\/archivioturi.lavocedelpaese.info\/index.php\/wp-json\/wp\/v2\/posts"}],"about":[{"href":"https:\/\/archivioturi.lavocedelpaese.info\/index.php\/wp-json\/wp\/v2\/types\/post"}],"author":[{"embeddable":true,"href":"https:\/\/archivioturi.lavocedelpaese.info\/index.php\/wp-json\/wp\/v2\/users\/1"}],"replies":[{"embeddable":true,"href":"https:\/\/archivioturi.lavocedelpaese.info\/index.php\/wp-json\/wp\/v2\/comments?post=12036"}],"version-history":[{"count":0,"href":"https:\/\/archivioturi.lavocedelpaese.info\/index.php\/wp-json\/wp\/v2\/posts\/12036\/revisions"}],"wp:attachment":[{"href":"https:\/\/archivioturi.lavocedelpaese.info\/index.php\/wp-json\/wp\/v2\/media?parent=12036"}],"wp:term":[{"taxonomy":"category","embeddable":true,"href":"https:\/\/archivioturi.lavocedelpaese.info\/index.php\/wp-json\/wp\/v2\/categories?post=12036"},{"taxonomy":"post_tag","embeddable":true,"href":"https:\/\/archivioturi.lavocedelpaese.info\/index.php\/wp-json\/wp\/v2\/tags?post=12036"}],"curies":[{"name":"wp","href":"https:\/\/api.w.org\/{rel}","templated":true}]}}