{"id":12022,"date":"2014-07-01T06:51:12","date_gmt":"2014-07-01T06:51:12","guid":{"rendered":"https:\/\/archivioturi.lavocedelpaese.info\/index.php\/2014\/07\/01\/chi-e-di-scena-in-concerto-in-basilicata\/"},"modified":"2014-07-01T06:51:12","modified_gmt":"2014-07-01T06:51:12","slug":"chi-e-di-scena-in-concerto-in-basilicata","status":"publish","type":"post","link":"https:\/\/archivioturi.lavocedelpaese.info\/index.php\/2014\/07\/01\/chi-e-di-scena-in-concerto-in-basilicata\/","title":{"rendered":"\u201cChi \u00e8 di Scena!?\u201d in concerto in Basilicata"},"content":{"rendered":"<p><img loading=\"lazy\" decoding=\"async\" src=\"https:\/\/farm3.staticflickr.com\/2929\/14576274533_b623d15d52_n.jpg\" width=\"320\" height=\"212\" alt=\"Tutti insieme\" \/><\/p>\n<p style=\"text-align: justify;\">La classe di canto del maestro Lorenzo Salvatori presso l\u2019Accademia \u201cChi \u00e8 di Scena!?\u201d di Turi varca i confini pugliesi. Otto dei ragazzi della prestigiosa scuola turese sono stati ospiti, infatti, nella seconda edizione della rassegna Fiera d\u2019Estate, organizzata dall\u2019Associazione Culturale Imprelive2.0 di Policoro (MT) nei giorni 20, 21 e 22 giugno 2014. A fare da cornice all\u2019evento la suggestiva Piazza Segni della cittadina lucana, la stessa piazza che per ben sette anni \u00e8 stata lo scenario del \u201cBlues in Town\u201d, tra le pi\u00f9 accreditate kermesse del genere in tutta Italia.<\/p>\n<p style=\"text-align: justify;\">Si sono alternati sul palco Alessandra Alfonso, Lelio Guarini, Lonia Orlando, Francesca Gangi, Rosanna Marchese, Stefano Sportelli, Giorgio Guarini e il tenore Nicola D\u2019Alessandro, turese d\u2019adozione ma originario proprio di Policoro.<\/p>\n<p style=\"text-align: justify;\">\u00c8 lo stesso maestro Salvatori a spiegarci com\u2019\u00e8 nato questo concerto in terra lucana: \u201c<em>grazie al mio allievo Nicola D\u2019Alessandro che, conoscendo i miei principi per la formazione, ha colto l\u2019invito dell\u2019associazione Imprelive2.0, girandolo alla classe di musica pop. Ovviamente io ho accettato, pur essendo questo un periodo di saggi, perch\u00e9 credo che la formazione si completi \u201csul campo\u201d\u2026con l\u2019esibizione!<\/em>\u201d.<\/p>\n<p style=\"text-align: justify;\">Il gruppo ha offerto uno spettacolo di oltre due ore, spaziando attraverso diversi generi musicali: in scaletta classici del repertorio di Claudio Villa, Liza Minnelli e Mina, fino ai pi\u00f9 recenti Michael Bubl\u00e9, Adele e Miley Cyrus, con l\u2019obiettivo di coinvolgere un pubblico pi\u00f9 ampio possibile.<\/p>\n<p style=\"text-align: justify;\">Otto voci molto diverse che hanno permesso di creare uno spettacolo vario, otto cavalli di razza che stanno uscendo dalle scuderie del maestro Lorenzo Salvatori e destinati a calcare palcoscenici sempre pi\u00f9 importanti.<\/p>\n<p style=\"text-align: justify;\">Tra di loro, infatti, ci sono gi\u00e0 neo professionisti e vincitori di concorsi, pop o lirici; qualcuno \u00e8 gi\u00e0 stato selezionato da famosi discografici, qualcuno a breve registrer\u00e0 a Roma delle puntate di un format televisivo per talenti.<\/p>\n<p style=\"text-align: justify;\">Anche se non presente alla serata per impegni lavorativi, il presidente e direttore artistico dell\u2019Accademia \u201cChi \u00e8 di Scena!?\u201d, il maestro Ferdinando Redavid, ha affidato a un comunicato i saluti all\u2019associazione Imprelive e al suo presidente Teresa Carretta, per ringraziarla di aver invitato i ragazzi a partecipare alla sua rassegna, definendo il concerto \u201c<em>una possibilit\u00e0 in pi\u00f9 per i nostri allievi di poter crescere e migliorare artisticamente<\/em>\u201d. Ha poi aggiunto \u201c<em>un ringraziamento particolare al loro insegnante Lorenzo Salvatori che quotidianamente svolge in maniera meticolosa il suo lavoro nella nostra accademia e sta portando i ragazzi a risultati eccezionali<\/em>\u201d.<\/p>\n<p><object width=\"640\" height=\"480\"><param name=\"flashvars\" value=\"offsite=true&amp;lang=it-it&amp;page_show_url=%2Fphotos%2F91470992%40N02%2Fsets%2F72157645032088567%2Fshow%2F&amp;page_show_back_url=%2Fphotos%2F91470992%40N02%2Fsets%2F72157645032088567%2F&amp;set_id=72157645032088567&amp;jump_to=\" \/><param name=\"movie\" value=\"https:\/\/www.flickr.com\/apps\/slideshow\/show.swf?v=143270\" \/><param name=\"allowFullScreen\" value=\"true\" \/><embed type=\"application\/x-shockwave-flash\" src=\"https:\/\/www.flickr.com\/apps\/slideshow\/show.swf?v=143270\" allowfullscreen=\"true\" flashvars=\"offsite=true&amp;lang=it-it&amp;page_show_url=%2Fphotos%2F91470992%40N02%2Fsets%2F72157645032088567%2Fshow%2F&amp;page_show_back_url=%2Fphotos%2F91470992%40N02%2Fsets%2F72157645032088567%2F&amp;set_id=72157645032088567&amp;jump_to=\" width=\"640\" height=\"480\" \/><\/object><\/p>\n","protected":false},"excerpt":{"rendered":"<p><img loading=\"lazy\" decoding=\"async\" src=\"https:\/\/farm3.staticflickr.com\/2929\/14576274533_b623d15d52_n.jpg\" width=\"320\" height=\"212\" alt=\"Tutti insieme\" \/><\/p>\n","protected":false},"author":1,"featured_media":0,"comment_status":"open","ping_status":"closed","sticky":false,"template":"","format":"standard","meta":{"colormag_page_container_layout":"default_layout","colormag_page_sidebar_layout":"default_layout","footnotes":""},"categories":[6],"tags":[],"class_list":["post-12022","post","type-post","status-publish","format-standard","hentry","category-cultura"],"_links":{"self":[{"href":"https:\/\/archivioturi.lavocedelpaese.info\/index.php\/wp-json\/wp\/v2\/posts\/12022","targetHints":{"allow":["GET"]}}],"collection":[{"href":"https:\/\/archivioturi.lavocedelpaese.info\/index.php\/wp-json\/wp\/v2\/posts"}],"about":[{"href":"https:\/\/archivioturi.lavocedelpaese.info\/index.php\/wp-json\/wp\/v2\/types\/post"}],"author":[{"embeddable":true,"href":"https:\/\/archivioturi.lavocedelpaese.info\/index.php\/wp-json\/wp\/v2\/users\/1"}],"replies":[{"embeddable":true,"href":"https:\/\/archivioturi.lavocedelpaese.info\/index.php\/wp-json\/wp\/v2\/comments?post=12022"}],"version-history":[{"count":0,"href":"https:\/\/archivioturi.lavocedelpaese.info\/index.php\/wp-json\/wp\/v2\/posts\/12022\/revisions"}],"wp:attachment":[{"href":"https:\/\/archivioturi.lavocedelpaese.info\/index.php\/wp-json\/wp\/v2\/media?parent=12022"}],"wp:term":[{"taxonomy":"category","embeddable":true,"href":"https:\/\/archivioturi.lavocedelpaese.info\/index.php\/wp-json\/wp\/v2\/categories?post=12022"},{"taxonomy":"post_tag","embeddable":true,"href":"https:\/\/archivioturi.lavocedelpaese.info\/index.php\/wp-json\/wp\/v2\/tags?post=12022"}],"curies":[{"name":"wp","href":"https:\/\/api.w.org\/{rel}","templated":true}]}}