{"id":12021,"date":"2014-06-30T21:12:10","date_gmt":"2014-06-30T21:12:10","guid":{"rendered":"https:\/\/archivioturi.lavocedelpaese.info\/index.php\/2014\/06\/30\/sono-solo-schizzi-di-fango\/"},"modified":"2014-06-30T21:12:10","modified_gmt":"2014-06-30T21:12:10","slug":"sono-solo-schizzi-di-fango","status":"publish","type":"post","link":"https:\/\/archivioturi.lavocedelpaese.info\/index.php\/2014\/06\/30\/sono-solo-schizzi-di-fango\/","title":{"rendered":"Sono solo schizzi di fango"},"content":{"rendered":"<p><img loading=\"lazy\" decoding=\"async\" src=\"https:\/\/farm3.staticflickr.com\/2925\/14503676485_d8edf0522b_n.jpg\" width=\"320\" height=\"212\" alt=\"Vito Lenato\" \/><\/p>\n<p style=\"text-align: justify;\">Fino a questo momento conosco soltanto questi schizzi di fango \u2013&nbsp; esordisce cos\u00ec il neo assessore al bilancio Vito Lenato, raggiunto telefonicamente da La voce del paese in merito alle voci che lo vedono accusato di non aver pagato le tasse comunali nel periodo in cui \u00e8 stato responsabile dell&#8217;ufficio tributi del Comune di Turi. Dall&#8217;altro capo del telefono, la voce tranquilla dell&#8217;Assessore aggiunge: \u201cQuindi finch\u00e9 io non ho conoscenza di ci\u00f2 di cui mi si accusa, non le posso dire nulla. So soltanto che c&#8217;\u00e8 questa macchina che \u00e8 a pieno regime e che sta schizzando fango non solo su di me, ma anche su molti altri. Il loro obiettivo \u00e8 adesso bloccare questo ricambio generazionale che c&#8217;\u00e8 stato con le votazioni del 25 maggio, giorno in cui il 34% delle persone ha chiesto, voluto e deliberato ci\u00f2. C&#8217;\u00e8 questa macchina del fango che si sta affannando a bloccare tutto ci\u00f2. Le so dire solo questo. Dello specifico io non conosco nulla, non voglio sapere nulla, non mi interessa nulla, essendo io pienamente sereno\u201d.<\/p>\n<p style=\"text-align: justify;\">Chiediamo allora quale sia la situazione delle casse comunali ed \u00e8 a questo punto che qualche preoccupazione si percepisce dalla voce: \u201dLa difficolt\u00e0 vera, reale, \u00e8 quella che non abbiamo un responsabile del settore affari finanziari e ne siamo alla ricerca affannosa. Non le nascondo che sto andando adesso in un Comune vicino a pregare di poter avere in prestito qualche funzionario di ragioneria per poter fare il bilancio. Questa \u00e8 la situazione che abbiamo trovato, una situazione drammatica. Senza funzionari come si fa ad avere gli elementi per esprimersi? Finch\u00e9 non abbiamo queste figure professionali incasellate nel punto giusto, la macchina amministrativa \u00e8 imballata\u201d. In effetti, gi\u00e0 l&#8217;ex Commissario, la dott.ssa Rossana Riflesso, nella sua ultima intervista concessa al nostro giornale prima della sua partenza, aveva sottolineato la carenza di personale qualificato per determinate mansione, tant&#8217;\u00e8 che lei stessa, non appena entrata al Comune, aveva dovuto fare i conti con lo spauracchio del bilancio.<strong><\/strong><\/p>\n","protected":false},"excerpt":{"rendered":"<p><img loading=\"lazy\" decoding=\"async\" src=\"https:\/\/farm3.staticflickr.com\/2925\/14503676485_d8edf0522b_n.jpg\" width=\"320\" height=\"212\" alt=\"Vito Lenato\" \/><\/p>\n","protected":false},"author":1,"featured_media":0,"comment_status":"open","ping_status":"closed","sticky":false,"template":"","format":"standard","meta":{"colormag_page_container_layout":"default_layout","colormag_page_sidebar_layout":"default_layout","footnotes":""},"categories":[4],"tags":[],"class_list":["post-12021","post","type-post","status-publish","format-standard","hentry","category-politica"],"_links":{"self":[{"href":"https:\/\/archivioturi.lavocedelpaese.info\/index.php\/wp-json\/wp\/v2\/posts\/12021","targetHints":{"allow":["GET"]}}],"collection":[{"href":"https:\/\/archivioturi.lavocedelpaese.info\/index.php\/wp-json\/wp\/v2\/posts"}],"about":[{"href":"https:\/\/archivioturi.lavocedelpaese.info\/index.php\/wp-json\/wp\/v2\/types\/post"}],"author":[{"embeddable":true,"href":"https:\/\/archivioturi.lavocedelpaese.info\/index.php\/wp-json\/wp\/v2\/users\/1"}],"replies":[{"embeddable":true,"href":"https:\/\/archivioturi.lavocedelpaese.info\/index.php\/wp-json\/wp\/v2\/comments?post=12021"}],"version-history":[{"count":0,"href":"https:\/\/archivioturi.lavocedelpaese.info\/index.php\/wp-json\/wp\/v2\/posts\/12021\/revisions"}],"wp:attachment":[{"href":"https:\/\/archivioturi.lavocedelpaese.info\/index.php\/wp-json\/wp\/v2\/media?parent=12021"}],"wp:term":[{"taxonomy":"category","embeddable":true,"href":"https:\/\/archivioturi.lavocedelpaese.info\/index.php\/wp-json\/wp\/v2\/categories?post=12021"},{"taxonomy":"post_tag","embeddable":true,"href":"https:\/\/archivioturi.lavocedelpaese.info\/index.php\/wp-json\/wp\/v2\/tags?post=12021"}],"curies":[{"name":"wp","href":"https:\/\/api.w.org\/{rel}","templated":true}]}}