{"id":12013,"date":"2014-06-30T12:33:31","date_gmt":"2014-06-30T12:33:31","guid":{"rendered":"https:\/\/archivioturi.lavocedelpaese.info\/index.php\/2014\/06\/30\/si-cresce-al-bosco-dei-cento-acri\/"},"modified":"2014-06-30T12:33:31","modified_gmt":"2014-06-30T12:33:31","slug":"si-cresce-al-bosco-dei-cento-acri","status":"publish","type":"post","link":"https:\/\/archivioturi.lavocedelpaese.info\/index.php\/2014\/06\/30\/si-cresce-al-bosco-dei-cento-acri\/","title":{"rendered":"Si cresce \u2026 al Bosco dei Cento Acri"},"content":{"rendered":"<p><img loading=\"lazy\" decoding=\"async\" src=\"https:\/\/farm3.staticflickr.com\/2921\/14509741881_c345e0e67c_n.jpg\" alt=\"I genitori con alcuni bambini del Bosco dei cento Acri\" width=\"320\" height=\"240\" \/><\/p>\n<p style=\"text-align: justify;\">\u00c8 sempre un\u2019emozione scoprirsi bambini, guardare attraverso i loro occhi, il mondo che ci circonda, lasciarsi trasportare dalla curiosit\u00e0 delle nuove scoperte, sorridere e gioire delle cose pi\u00f9 banali e comuni, commuoversi per una carezza, un sorriso, un abbraccio, un semplice \u201cTi voglio bene!\u201d.<\/p>\n<p style=\"text-align: justify;\">E con gli occhi dei propri bambini, i genitori dei piccoli abitanti del Bosco dei Cento Acri, hanno sbirciato nella quotidianit\u00e0 dei loro piccini nel pomeriggio di luned\u00ec 23 giugno. Accompagnati dalle parole della Coordinatrice Pedagogica, dott.ssa Tina Resta e dalle abili e pazienti attenzioni delle educatrici e personale della struttura, i genitori hanno assistito alla rappresentazione di quello che \u00e8 solo un sunto, solo una parte del lungo percorso didattico \u2013 formativo dei loro figli.<\/p>\n<p><img loading=\"lazy\" decoding=\"async\" src=\"https:\/\/farm4.staticflickr.com\/3881\/14326679417_1a51c26b72_n.jpg\" alt=\"La dottoressa Tina Resta (2)\" width=\"320\" height=\"240\" style=\"margin-top: 10px; margin-bottom: 10px; margin-left: 10px; float: right;\" \/><\/p>\n<p style=\"text-align: justify;\">\u201cQuello che vedrete e che \u00e8 stato realizzato dalle educatrici nel corso dell\u2019intero anno \u2013 ha aperto la dottoressa Tina Resta \u2013 \u00e8 il frutto di un lavoro di programmazione che permette ad ogni piccolo di imparare divertendosi e giocando\u201d. Occhi lucidi e qualche lacrima hanno seguito la visione delle foto e dei video di alcuni momenti della vita dei bambini del Bosco dove ogni piccino ha acquisito le competenze e le abilit\u00e0 che gli saranno utili per accedere pi\u00f9 serenamente alla scuola dell\u2019infanzia. Autostima, coordinazione oculo \u2013 manuale, sviluppo neurologico e linguistico, motricit\u00e0, sono tutte tappe fondamentali di un complesso percorso di analisi e di programmazione realizzate per ogni bambino attraverso un monitoraggio continuo di ognuno di loro da parte di esperti. Cos\u00ec le attivit\u00e0 realizzate nella struttura, indirizzate ognuna allo sviluppo di una determinata abilit\u00e0, aiutano ogni bambino a superare quella che \u00e8 una fase cruciale della loro crescita, quella che li prepara alla vita sociale, quella che li indirizza verso l\u2019autonomia.<\/p>\n<p style=\"text-align: justify;\">Ogni bambino inizia a prendere coscienza della sua individualit\u00e0, si stacca dai genitori e si \u201cpone\u201d alla ricerca della propria personalit\u00e0. Cos\u00ec, il lavoro attento e paziente delle educatrici, li indirizza alla conoscenza di se stessi, alla comprensione delle proprie abilit\u00e0, dei propri piaceri, delle soddisfazioni. Accade cos\u00ec, che al momento della consegna dei \u201cDiplomi\u201d di superamento del periodo prescolare, i sorrisi e gli occhi di ogni bambino si illuminino di gioia. Di una serenit\u00e0 e felicit\u00e0 che anche gli adulti dovrebbero riscoprire, di una contentezza data dalle pi\u00f9 piccole cose. Perch\u00e9 ogni premio, ogni abbraccio, ogni sorriso \u00e8 un regalo ed ogni bambino si scopre maestro di quell\u2019autenticit\u00e0 e semplicit\u00e0 che ad ogni adulto servirebbe rivivere.<\/p>\n","protected":false},"excerpt":{"rendered":"<p><img loading=\"lazy\" decoding=\"async\" src=\"https:\/\/farm3.staticflickr.com\/2921\/14509741881_c345e0e67c_n.jpg\" alt=\"I genitori con alcuni bambini del Bosco dei cento Acri\" width=\"320\" height=\"240\" \/><\/p>\n","protected":false},"author":1,"featured_media":0,"comment_status":"open","ping_status":"closed","sticky":false,"template":"","format":"standard","meta":{"colormag_page_container_layout":"default_layout","colormag_page_sidebar_layout":"default_layout","footnotes":""},"categories":[6],"tags":[],"class_list":["post-12013","post","type-post","status-publish","format-standard","hentry","category-cultura"],"_links":{"self":[{"href":"https:\/\/archivioturi.lavocedelpaese.info\/index.php\/wp-json\/wp\/v2\/posts\/12013","targetHints":{"allow":["GET"]}}],"collection":[{"href":"https:\/\/archivioturi.lavocedelpaese.info\/index.php\/wp-json\/wp\/v2\/posts"}],"about":[{"href":"https:\/\/archivioturi.lavocedelpaese.info\/index.php\/wp-json\/wp\/v2\/types\/post"}],"author":[{"embeddable":true,"href":"https:\/\/archivioturi.lavocedelpaese.info\/index.php\/wp-json\/wp\/v2\/users\/1"}],"replies":[{"embeddable":true,"href":"https:\/\/archivioturi.lavocedelpaese.info\/index.php\/wp-json\/wp\/v2\/comments?post=12013"}],"version-history":[{"count":0,"href":"https:\/\/archivioturi.lavocedelpaese.info\/index.php\/wp-json\/wp\/v2\/posts\/12013\/revisions"}],"wp:attachment":[{"href":"https:\/\/archivioturi.lavocedelpaese.info\/index.php\/wp-json\/wp\/v2\/media?parent=12013"}],"wp:term":[{"taxonomy":"category","embeddable":true,"href":"https:\/\/archivioturi.lavocedelpaese.info\/index.php\/wp-json\/wp\/v2\/categories?post=12013"},{"taxonomy":"post_tag","embeddable":true,"href":"https:\/\/archivioturi.lavocedelpaese.info\/index.php\/wp-json\/wp\/v2\/tags?post=12013"}],"curies":[{"name":"wp","href":"https:\/\/api.w.org\/{rel}","templated":true}]}}