{"id":12008,"date":"2014-06-25T13:58:00","date_gmt":"2014-06-25T13:58:00","guid":{"rendered":"https:\/\/archivioturi.lavocedelpaese.info\/index.php\/2014\/06\/25\/menino-lo-giuro\/"},"modified":"2014-06-25T13:58:00","modified_gmt":"2014-06-25T13:58:00","slug":"menino-lo-giuro","status":"publish","type":"post","link":"https:\/\/archivioturi.lavocedelpaese.info\/index.php\/2014\/06\/25\/menino-lo-giuro\/","title":{"rendered":"Menino: \u201cLo giuro!\u201d"},"content":{"rendered":"<p><img loading=\"lazy\" decoding=\"async\" src=\"https:\/\/farm6.staticflickr.com\/5500\/14317014649_1b303964d7_n.jpg\" width=\"320\" height=\"212\" alt=\"Menino Coppi (3)\" \/><\/p>\n<p style=\"text-align: justify;\">Luned\u00ec 16 giugno, ore 19.00: comincia l\u2019era Coppi. Il neo sindaco di Turi si \u00e8 ufficialmente insediato a Palazzo di Citt\u00e0. L\u2019intera seduta vi \u00e8 stata trasmessa in diretta streaming sul nostro sito <a href=\"http:\/\/www.turiweb.it\/\">www.turiweb.it<\/a> ed \u00e8 stato subito un successo di visualizzazioni sul primo sito della citt\u00e0.<\/p>\n<p style=\"text-align: justify;\">Il consiglio si apre con il primo e classico punto: \u201cElezioni amministrative del 25 maggio 2014. Verifica delle condizioni di candidabilit\u00e0, eleggibilit\u00e0 compatibilit\u00e0 degli eletti: art. 41 del D.Lgs. 18\/08\/2000, n.267\u201d.<\/p>\n<p style=\"text-align: justify;\">Con applauso unanime, il consiglio comunale delibera di \u201cconvalidare l\u2019elezione a sindaco del dott. Menino Coppi di Turi a seguito dei risultati delle elezioni amministrative del 25 maggio 2014\u201d. Il verbale delle operazioni di adunanza dei presidenti delle sezioni, \u00e8 stato depositato presso l\u2019ufficio di Segreteria generale il 28 maggio scorso. La delibera sar\u00e0 ora trasmessa in Prefettura a Bari. Inoltre, si d\u00e0 \u201catto dell\u2019inesistenza allo stato di motivi e cause ostativi di incandidabilit\u00e0, ineleggibilit\u00e0, incompatibilit\u00e0, in relazioni alle vigenti disposizioni\u201d. Si \u201cdichiara legalmente costituito il consiglio comunale\u201d. \u201cAlzate le mani!\u201d: tutti d\u2019accordo, tutte le mani degli eletti toccano il cielo con un dito. E qui, qualcuno dal pubblico fa smorfie, pensando al caso Lenato e al conteggio errato dei voti.<\/p>\n<p style=\"text-align: justify;\">Quindi, il primo cittadino elenca i nomi dei eletti: Orlando Lavinia, Caldararo Giuseppina, Gasparro Anna, Tardi Giuseppe, Pedone Gianvito, Notarnicola Vito, Palmisano Antonello, Lenato Vito, Spada Leonardo, Zaccheo Gaetana Maria Serena, Camposeo Pietro (Impegno Comune per Turi). Laera Sandro, Volpicella Mariangella, Tundo Paolo (SiAmo Turi). Birardi Rocco, Fabio Francesco Topputi (Con Turi).<\/p>\n<p style=\"text-align: justify;\">\u201cA questo punto \u2013 sospira Coppi \u2013 il consiglio comunale ha la pienezza dei poteri\u201d.<\/p>\n<p style=\"text-align: justify;\">Il sindaco pu\u00f2 giurare, come da art.50, comma 11, del D.Lgs. n.267 del 2000.<\/p>\n<p style=\"text-align: justify;\">Il giuramento e il discorso del sindaco.<\/p>\n<p style=\"text-align: justify;\">\u201cDa questo momento \u2013 giura Coppi \u2013 il nostro consiglio comunale ha pienezza dei suoi poteri. Noi siamo qui tutti, maggioranza e minoranza, per recitare il ruolo di rappresentanti della citt\u00e0, della nostra comunit\u00e0, e soprattutto con l\u2019obiettivo etico di fare il bene comune. Turi ha bisogno di stabilit\u00e0, di essere amministrata possibilmente bene. Noi ce la metteremo tutta e per \u201cnoi\u201d non intendo solamente la maggioranza. Credo che riguardi tutto il consiglio comunale, quindi anche i rappresentanti della minoranza che &#8211; nella giusta dialettica tra forze politiche, maggioranza e minoranza, che io giustamente chiamo opposizione &#8211; deve dare il proprio contributo perch\u00e9 la nostra comunit\u00e0 possa fare quel passo in avanti che tutti auspichiamo. Noi crediamo nel confronto, che ovviamente non pu\u00f2 essere preconcetto. Parlo da capo dell\u2019amministrazione, pi\u00f9 che da presidente di questa sessione: se arriveranno proposte, se ci saranno proposte anche dalla minoranza, noi ci impegniamo assolutamente a prenderle in considerazione e a prestare grande attenzione. Senza preconcetti credo che potremo costruire una Turi migliore e dare a questa citt\u00e0 ci\u00f2 che merita. Io mi impegno, nel ruolo di presidente del consiglio comunale, a essere imparziale e a stoppare qualsiasi atteggiamento che possa essere eccessivo o di parte. Devo dire che gi\u00e0 ho apprezzato in questi pochi giorni, durante la sagra della ciliegia, dei comportamenti di alcuni consiglieri di minoranza, i quali si sono impegnati personalmente per dare a Turi uno spettacolo che non avremmo avuto se non ci fosse stato l\u2019impegno di tutti. Questo \u00e8 un consiglio comunale molto rinnovato e molto giovane. Credo che ci siano le condizioni per costruire una nuova classe politica, che sar\u00e0 quella del domani. Sia nella maggioranza che nella minoranza, io vedo, e mi permetto di dirlo, risorse umane, professionali e di passione straordinarie, e questo far\u00e0 bene a tutti. Ci sono tutti i presupposti per dare a Turi, ci\u00f2 che Turi merita. Viva Turi!\u201d.<\/p>\n<p style=\"text-align: justify;\">Gli applausi sono bipartisan. Prima del discorso, Menino Coppi indossa la fascia e invita i consiglieri e la platea ad alzarsi. C\u2019\u00e8 l\u2019inno nazionale e il giuramento alla Repubblica e alla Costituzione Italiana. Parte la musica. Topputi canta accoratamente, come faranno tra qualche ora gli azzurri della nazionale di calcio. Anche il sindaco canta: \u201c\u2026Siam pronti alla morte\u2026\u201d. Dal pubblico ci domandiamo: Ma loro? Son pronti?<\/p>\n","protected":false},"excerpt":{"rendered":"<p><img loading=\"lazy\" decoding=\"async\" src=\"https:\/\/farm6.staticflickr.com\/5500\/14317014649_1b303964d7_n.jpg\" width=\"320\" height=\"212\" alt=\"Menino Coppi (3)\" \/><\/p>\n","protected":false},"author":1,"featured_media":0,"comment_status":"open","ping_status":"closed","sticky":false,"template":"","format":"standard","meta":{"colormag_page_container_layout":"default_layout","colormag_page_sidebar_layout":"default_layout","footnotes":""},"categories":[4],"tags":[],"class_list":["post-12008","post","type-post","status-publish","format-standard","hentry","category-politica"],"_links":{"self":[{"href":"https:\/\/archivioturi.lavocedelpaese.info\/index.php\/wp-json\/wp\/v2\/posts\/12008","targetHints":{"allow":["GET"]}}],"collection":[{"href":"https:\/\/archivioturi.lavocedelpaese.info\/index.php\/wp-json\/wp\/v2\/posts"}],"about":[{"href":"https:\/\/archivioturi.lavocedelpaese.info\/index.php\/wp-json\/wp\/v2\/types\/post"}],"author":[{"embeddable":true,"href":"https:\/\/archivioturi.lavocedelpaese.info\/index.php\/wp-json\/wp\/v2\/users\/1"}],"replies":[{"embeddable":true,"href":"https:\/\/archivioturi.lavocedelpaese.info\/index.php\/wp-json\/wp\/v2\/comments?post=12008"}],"version-history":[{"count":0,"href":"https:\/\/archivioturi.lavocedelpaese.info\/index.php\/wp-json\/wp\/v2\/posts\/12008\/revisions"}],"wp:attachment":[{"href":"https:\/\/archivioturi.lavocedelpaese.info\/index.php\/wp-json\/wp\/v2\/media?parent=12008"}],"wp:term":[{"taxonomy":"category","embeddable":true,"href":"https:\/\/archivioturi.lavocedelpaese.info\/index.php\/wp-json\/wp\/v2\/categories?post=12008"},{"taxonomy":"post_tag","embeddable":true,"href":"https:\/\/archivioturi.lavocedelpaese.info\/index.php\/wp-json\/wp\/v2\/tags?post=12008"}],"curies":[{"name":"wp","href":"https:\/\/api.w.org\/{rel}","templated":true}]}}