{"id":11987,"date":"2014-06-16T14:30:45","date_gmt":"2014-06-16T14:30:45","guid":{"rendered":"https:\/\/archivioturi.lavocedelpaese.info\/index.php\/2014\/06\/16\/mitrovica-un-aiuto-da-turi\/"},"modified":"2014-06-16T14:30:45","modified_gmt":"2014-06-16T14:30:45","slug":"mitrovica-un-aiuto-da-turi","status":"publish","type":"post","link":"https:\/\/archivioturi.lavocedelpaese.info\/index.php\/2014\/06\/16\/mitrovica-un-aiuto-da-turi\/","title":{"rendered":"Mitrovica: un aiuto da Turi"},"content":{"rendered":"<p><img loading=\"lazy\" decoding=\"async\" src=\"https:\/\/farm4.staticflickr.com\/3898\/14247720439_048ed8e6a3.jpg\" width=\"320\" height=\"240\" alt=\"Organizzando il materiale da spedire\" \/><\/p>\n<p style=\"text-align: justify;\">\u201cOperazione Mitrovica iniziata&#8230; stiamo smistando il materiale e poi tutto sar\u00e0 pronto per partire in Kosovo\u201d. \u00c8 con questo messaggio che da qualche settimana una nostra concittadina, Mimma Laruccia, con Giovanna Bonaccino e Vito Marco Di Pinto, ha avviato una campagna di raccolta di materiale di vario genere da mandare ad una comunit\u00e0 Kosovara.<\/p>\n<p style=\"text-align: justify;\">\u201cRingraziamo voi tutti per quello che stiamo realizzando &#8230; un sogno che diventa realt\u00e0\u201d \u2013 scrive ancora sulla sua bacheca Facebook, alla vigilia della spedizione dei pacchi a Mitrovica.<\/p>\n<p style=\"text-align: justify;\">Prima un\u2019idea, nata raccogliendo la testimonianza di un conoscente che ha contatti nel territorio, poi una mobilitazione cittadina per raccogliere tutto quello che per noi rappresenta un superfluo, ma che per qualcuno pu\u00f2 rappresentare speranza di riscatto e di vita. Cos\u00ec, indumenti, oggettistica per la casa, scarpe, giochi per bambini, qualsiasi cosa sia utile per l\u2019uomo, entra nella raccolta organizzata a Turi e che sta riscuotendo notevole partecipazione.<\/p>\n<p style=\"text-align: justify;\">\u201cCi serve di tutto \u2013 continua &#8211; dal vestiario alle stoviglie, alle posate, alle lenzuola. Qualsiasi cosa sia utile per chi non ha pi\u00f9 nulla, ormai\u201d.<\/p>\n<p style=\"text-align: justify;\">La raccolta del materiale, che in questi giorni sta partendo per la relat\u00e0 Kosovara, nasce, come ancora la signora Mimma ci spiega, dalla richiesta d&#8217;aiuto e di collaborazione di un Carabiniere che, in servizio nel territorio, ha denunciato la necessit\u00e0 di aiutare le famiglie, impoverite dai lunghi anni di guerra e di sofferenze.<\/p>\n<p style=\"text-align: justify;\">Per chi non ne fosse a conoscenza, Mitrovica \u00e8 una citt\u00e0 nord-kosovara divisa a met\u00e0 tra albanesi e serbi e per questo, sede di numerosi e ripetuti scontri tra le due etnie.<\/p>\n","protected":false},"excerpt":{"rendered":"<p><img loading=\"lazy\" decoding=\"async\" src=\"https:\/\/farm4.staticflickr.com\/3898\/14247720439_048ed8e6a3.jpg\" width=\"320\" height=\"240\" alt=\"Organizzando il materiale da spedire\" \/><\/p>\n","protected":false},"author":1,"featured_media":0,"comment_status":"open","ping_status":"closed","sticky":false,"template":"","format":"standard","meta":{"colormag_page_container_layout":"default_layout","colormag_page_sidebar_layout":"default_layout","footnotes":""},"categories":[7],"tags":[],"class_list":["post-11987","post","type-post","status-publish","format-standard","hentry","category-attualita"],"_links":{"self":[{"href":"https:\/\/archivioturi.lavocedelpaese.info\/index.php\/wp-json\/wp\/v2\/posts\/11987","targetHints":{"allow":["GET"]}}],"collection":[{"href":"https:\/\/archivioturi.lavocedelpaese.info\/index.php\/wp-json\/wp\/v2\/posts"}],"about":[{"href":"https:\/\/archivioturi.lavocedelpaese.info\/index.php\/wp-json\/wp\/v2\/types\/post"}],"author":[{"embeddable":true,"href":"https:\/\/archivioturi.lavocedelpaese.info\/index.php\/wp-json\/wp\/v2\/users\/1"}],"replies":[{"embeddable":true,"href":"https:\/\/archivioturi.lavocedelpaese.info\/index.php\/wp-json\/wp\/v2\/comments?post=11987"}],"version-history":[{"count":0,"href":"https:\/\/archivioturi.lavocedelpaese.info\/index.php\/wp-json\/wp\/v2\/posts\/11987\/revisions"}],"wp:attachment":[{"href":"https:\/\/archivioturi.lavocedelpaese.info\/index.php\/wp-json\/wp\/v2\/media?parent=11987"}],"wp:term":[{"taxonomy":"category","embeddable":true,"href":"https:\/\/archivioturi.lavocedelpaese.info\/index.php\/wp-json\/wp\/v2\/categories?post=11987"},{"taxonomy":"post_tag","embeddable":true,"href":"https:\/\/archivioturi.lavocedelpaese.info\/index.php\/wp-json\/wp\/v2\/tags?post=11987"}],"curies":[{"name":"wp","href":"https:\/\/api.w.org\/{rel}","templated":true}]}}