{"id":11977,"date":"2014-06-10T13:05:40","date_gmt":"2014-06-10T13:05:40","guid":{"rendered":"https:\/\/archivioturi.lavocedelpaese.info\/index.php\/2014\/06\/10\/menino-coppi-sto-gia-pedalando\/"},"modified":"2014-06-10T13:05:40","modified_gmt":"2014-06-10T13:05:40","slug":"menino-coppi-sto-gia-pedalando","status":"publish","type":"post","link":"https:\/\/archivioturi.lavocedelpaese.info\/index.php\/2014\/06\/10\/menino-coppi-sto-gia-pedalando\/","title":{"rendered":"Menino Coppi: \u201cSto gi\u00e0 pedalando\u201d"},"content":{"rendered":"<p><img loading=\"lazy\" decoding=\"async\" src=\"https:\/\/farm4.staticflickr.com\/3891\/14149837800_4beaa05ebc_n.jpg\" width=\"320\" height=\"240\" alt=\"Menino Coppi\" \/><\/p>\n<p style=\"text-align: justify;\">Non di soli slogan e manifesti vive la politica. Ora che le amministrative sono archiviate, finalmente si sciolgono i ceroni, il Photoshop \u00e8 da rinnovare, i volti tornano naturali, con tutte le rughe e le ansie che li caratterizzano. Il vincitore ha voluto la bicicletta e dovr\u00e0 seriamente pedale. Comincia in sella l\u2019avventura da sindaco di Menino Coppi. Sar\u00e0 un percorso a ostacoli, tra buche e insidie politiche. Da percorrere possibilmente prima che fino al 2019 Turi diventi quel giardino dell\u2019Area Metropolitana di Bari. Proprio come ha promesso.<\/p>\n<p style=\"text-align: justify;\">Il due volte sindaco di Turi ha rilasciato un\u2019intervista in esclusiva per \u201cLa Voce del Paese \u2013 Turiweb\u201d.<\/p>\n<p style=\"text-align: justify;\"><strong>Come cambia la vita dallo studio professionale a quello municipale?<\/strong><\/p>\n<p style=\"text-align: justify;\">\u201cSapevo che sarebbe cambiata la mia esistenza. Ci lasciamo alle spalle una campagna elettorale che ha visto me come punto di riferimento per tutti. Sono stato anche bersagliato. Ho rifiutato provocazioni e calunnie, perch\u00e9 secondo me bisogna costruire e non distruggere. Qualche detrattore, come Biagio Elefante, aveva fatto delle previsioni ed \u00e8 stato subito sbugiardato. Ora si lavora. C\u2019\u00e8 molto da fare\u201d.<\/p>\n<p style=\"text-align: justify;\"><strong>Sindaco, condivide l\u2019idea che il centrodestra unito avrebbe vinto?<\/strong><\/p>\n<p style=\"text-align: justify;\">\u201cNon si pu\u00f2 dimostrare. \u00c8 vero, la divisione del centrodestra ci ha favorito\u2026 non c\u2019\u00e8 alcun dubbio. Ma con una sola lista avrebbe vinto?\u201d.<\/p>\n<p style=\"text-align: justify;\"><strong>E con un altro candidato sindaco?<\/strong><\/p>\n<p style=\"text-align: justify;\">\u201cDegli altri o del centrosinistra? Credo che alla fine abbiamo vinto bene con sei punti di vantaggio. \u00c8 stata per noi una vittoria importante, se consideriamo che c\u2019erano ben sei liste\u2026 i grillini hanno pagato il fatto di aver rifiutato confronti\u201d.<\/p>\n<p style=\"text-align: justify;\"><strong>La giunta \u00e8 pronta. Quali criteri e metodi ha adottato per la scelta degli assessori? <\/strong><\/p>\n<p style=\"text-align: justify;\">\u201cDiversi. Bisognava terner conto del consenso personale, ma non solo. Poi, la nostra, come le altre coalizione, racchiude diverse forze, quindi dovevamo tener conto della rappresentativit\u00e0, ma anche delle competenze professionali. \u00c8 stato un mix e un equilibrio tra questi elementi, il miglior equilibrio che si potesse prevedere. Gli assessori sono competenti. Camposeo \u00e8 un ingegnere e sta benissimo ai Lavori Pubblici. Tuttavia la delega all\u2019Urbanistica la tengo per me: abbiamo dei piani urbanistici approvati e voglio seguirne personalmente l\u2019attuazione\u201d.<\/p>\n<p style=\"text-align: justify;\"><strong>\u00c8 stata una fase delicata, che si porta dietro qualche mal di pancia, specie tra i pi\u00f9 giovani\u2026<\/strong><\/p>\n<p style=\"text-align: justify;\">\u201cIeri sera (mercoled\u00ec 4 giugno, ndr) abbiamo fatto una riunione ed \u00e8 stata tranquilla. Certo, ciascuno ha delle aspettative e vorrebbe offrire il proprio contributo al massimo livello. Per\u00f2, ribadisco, abbiamo raggiunto il giusto equilibrio, un mix tra esperienza e forze giovani. trovato equilibrio giusto. Per quanto possibile bisogna fare anche mix tra esperienza e forze giovani. Abbiamo un equilibrio che garantirebbe stabilit\u00e0 politica e immediata esecutivit\u00e0 nell\u2019azione amministrativa. Dopo una sola settimana mi son gi\u00e0 dovuto confrontare con numerose problematiche\u2026\u201d<\/p>\n<p style=\"text-align: justify;\"><strong>\u2026a proposito di problemi, quali sono le priorit\u00e0 nell\u2019immediato?<\/strong><\/p>\n<p style=\"text-align: justify;\">\u201cTante. La priorit\u00e0 \u00e8 il bilancio, da fare subito (indipendentemente dalle scadenze del governo nazionale), e senza il quale avremo difficolt\u00e0 a programmare. Nel frattempo dobbiamo adottare atti significativi per un superamento del degrado in cui ci troviamo. E non mi riferisco solo alle buche. Dobbiamo dare subito il segnale del cambiamento. Il paese \u00e8 cambiato socialmente e demograficamente. Va affrontata la questione dei \u201cnuovi turesi\u201d che sono il 25% della popolazione. Ritengo che essi siano una risorsa importante; tra loro ci sono risorse umane importanti che hanno deciso di vivere qui. Noi dobbiamo essere all\u2019altezza della nuova grandezza. C\u2019\u00e8 disponibilit\u00e0 di immobili quindi continueremo a crescere, e non \u00e8 un fatto negativo. Inoltre, Turi ha bisogno di costruirsi un\u2019identit\u00e0; dobbiamo prepararci a essere il giardino della citt\u00e0 metropolitana, che non \u00e8 solo uno slogan, ma il titolo di un tema che svolgeremo\u201d.<\/p>\n<p style=\"text-align: justify;\"><strong>L\u2019Assessorato all\u2019Agricoltura si \u00e8 perso tra le deleghe\u2026<\/strong><\/p>\n<p style=\"text-align: justify;\">\u201cPotevamo nominarne solo cinque. Non si \u00e8 perso, ma sar\u00e0 ricoperto dal delegato Antonello Palmisano, una figura professionale di grandissimo spessore. Durante la conferenza stampa della sagra ha parlato appena cinque minuti ma tanto \u00e8 bastato per richiamare l\u2019attenzione dei giornalisti. Antonello sar\u00e0 lo snodo importante, pur senza titolo assessorile. \u00c8 gi\u00e0 all\u2019opera e sono molto soddisfatto\u201d. &nbsp;<\/p>\n<p style=\"text-align: justify;\"><strong>Teme qualcosa in questo percorso lungo cinque anni? Paure? Possibili instabilit\u00e0?<\/strong><\/p>\n<p style=\"text-align: justify;\">\u201cCredo ci siano tutti gli elementi e le professionalit\u00e0 per fare bene, in stabilit\u00e0 politica e per far evolvere Turi. Certo, ci sono le rappresentanze politiche, ed \u00e8 stupido non tener conto di questa realt\u00e0. Ma tutti gli ingranaggi si incastrano: consegner\u00f2 deleghe a tutti i consiglieri affinch\u00e9 lavorino tutti\u201d.<\/p>\n<p style=\"text-align: justify;\"><strong>Il Partito Democratico ha sbancato alle europee ma non a Turi? Come valuta il risultato?<\/strong><\/p>\n<p style=\"text-align: justify;\">\u201cIl PD ha affrontato questa campagna elettorale in modo difficoltoso, con vicende interne complicate. Forse alcune presenze erano affrettate, non costruite. Credo per\u00f2 che il partito debba ora adeguarsi all\u2019elettorato che ha. Il Pd avr\u00e0 suo gruppo dirigente adeguato al consenso. A livello nazionale Renzi \u00e8 riuscito a fare quello che Veltroni auspicava. Cos\u00ec, anche a Turi nei prossimi giorni Il PD si riorganizzer\u00e0, e ci sono gi\u00e0 buone notizie. Deve necessariamente attraversare una evoluzione positive anche per il fatto che abbiamo vinto le amministrative di Turi\u201d.&nbsp;<\/p>\n","protected":false},"excerpt":{"rendered":"<p><img loading=\"lazy\" decoding=\"async\" src=\"https:\/\/farm4.staticflickr.com\/3891\/14149837800_4beaa05ebc_n.jpg\" width=\"320\" height=\"240\" alt=\"Menino Coppi\" \/><\/p>\n","protected":false},"author":1,"featured_media":0,"comment_status":"open","ping_status":"closed","sticky":false,"template":"","format":"standard","meta":{"colormag_page_container_layout":"default_layout","colormag_page_sidebar_layout":"default_layout","footnotes":""},"categories":[4],"tags":[],"class_list":["post-11977","post","type-post","status-publish","format-standard","hentry","category-politica"],"_links":{"self":[{"href":"https:\/\/archivioturi.lavocedelpaese.info\/index.php\/wp-json\/wp\/v2\/posts\/11977","targetHints":{"allow":["GET"]}}],"collection":[{"href":"https:\/\/archivioturi.lavocedelpaese.info\/index.php\/wp-json\/wp\/v2\/posts"}],"about":[{"href":"https:\/\/archivioturi.lavocedelpaese.info\/index.php\/wp-json\/wp\/v2\/types\/post"}],"author":[{"embeddable":true,"href":"https:\/\/archivioturi.lavocedelpaese.info\/index.php\/wp-json\/wp\/v2\/users\/1"}],"replies":[{"embeddable":true,"href":"https:\/\/archivioturi.lavocedelpaese.info\/index.php\/wp-json\/wp\/v2\/comments?post=11977"}],"version-history":[{"count":0,"href":"https:\/\/archivioturi.lavocedelpaese.info\/index.php\/wp-json\/wp\/v2\/posts\/11977\/revisions"}],"wp:attachment":[{"href":"https:\/\/archivioturi.lavocedelpaese.info\/index.php\/wp-json\/wp\/v2\/media?parent=11977"}],"wp:term":[{"taxonomy":"category","embeddable":true,"href":"https:\/\/archivioturi.lavocedelpaese.info\/index.php\/wp-json\/wp\/v2\/categories?post=11977"},{"taxonomy":"post_tag","embeddable":true,"href":"https:\/\/archivioturi.lavocedelpaese.info\/index.php\/wp-json\/wp\/v2\/tags?post=11977"}],"curies":[{"name":"wp","href":"https:\/\/api.w.org\/{rel}","templated":true}]}}