{"id":11975,"date":"2014-06-11T06:00:23","date_gmt":"2014-06-11T06:00:23","guid":{"rendered":"https:\/\/archivioturi.lavocedelpaese.info\/index.php\/2014\/06\/11\/apertura-commerciale-nei-giorni-di-riposo\/"},"modified":"2014-06-11T06:00:23","modified_gmt":"2014-06-11T06:00:23","slug":"apertura-commerciale-nei-giorni-di-riposo","status":"publish","type":"post","link":"https:\/\/archivioturi.lavocedelpaese.info\/index.php\/2014\/06\/11\/apertura-commerciale-nei-giorni-di-riposo\/","title":{"rendered":"Apertura commerciale nei giorni di riposo"},"content":{"rendered":"<p><img loading=\"lazy\" decoding=\"async\" src=\"https:\/\/farm4.staticflickr.com\/3863\/14382406324_cd7f0a9225_n.jpg\" width=\"320\" height=\"213\" alt=\"Il panificatore candidato Con Turi Michele Santamaria\" \/><\/p>\n<p style=\"text-align: justify;\">L&#8217;amministrazione Coppi ha da poco avuto la nomina ufficiale, ma gi\u00e0 i consiglieri di maggioranza ed opposizione sono bersaglio di critiche da parte dei cittadini.<\/p>\n<p style=\"text-align: justify;\">Non \u00e8 una novit\u00e0 che dal popoli si elevi la voglia di &#8220;tastare&#8221; lo spessore politico di chi siede in consiglio e, soprattutto nei primissimi giorni dopo la nomina, inizia la gara a chi per prima deve iniziare il sondaggio.<\/p>\n<p style=\"text-align: justify;\">Questa volta per\u00f2 le risposte devono essere espresse su un argomento che \u00e8 sin dall&#8217;origine della sua reintroduzione, oggetto di discussione a vario titolo.<\/p>\n<p style=\"text-align: justify;\">Il consigliere preso di mira \u00e8 il giovane Topputi chiamato in causa da un suo collega, nonch\u00e9 candidato nella sua stessa lista: Michele Santamaria.<\/p>\n<p style=\"text-align: justify;\">L&#8217;oggetto del contenzioso \u00e8 la possibilit\u00e0 di apertura delle attivit\u00e0 commerciali anche durante i giorni di riposo o festivi. Un emendamento che il governo Monti eman\u00f2 (art. 31 del D.L. 201\/2011) per il rilancio dell&#8217;economia negli anni in cui l&#8217;Italia era al centro di una mega bufera economica che minacciava attimo dopo attimo di esplodere e che permette a tutte le attivit\u00e0 commerciali di poter variare le giornate e gli orari di apertura.<\/p>\n<p style=\"text-align: justify;\">Santamaria chiede a Topputi se non fosse il caso, visto il suo nuovo ruolo di rappresentanza, anche di una categoria, quale quella dei commercianti, di dare l&#8217;esempio e quindi di rispettare i giorni di chiusura delle attivit\u00e0 commerciali.<\/p>\n<p style=\"text-align: justify;\">Una scelta che Santamaria dichiara del tutto svantaggiosa per i piccoli commercianti che conducono la propria attivit\u00e0 senza l&#8217;ausilio di dipendenti e che quindi colpisce una categoria molto provata da questa grande crisi impedendo, di fatto, di competere in un regime di libera concorrenza.<\/p>\n<p style=\"text-align: justify;\">Indubbiamente la questione sollevata da Santamaria riguarda il pensiero di un\u2019intera categoria del paese che in un modo o nell&#8217;altro, non solo Topputi, ma l&#8217;intera amministrazione dovr\u00e0 affrontare.<\/p>\n<p style=\"text-align: justify;\">Intanto per ora Santamaria sfida il giovane consigliere della lista Con Turi. Quale sar\u00e0 la sua reazione? E gli altri suoi colleghi di amministrazione cosa faranno? Si laveranno le mani, oppure dimostreranno interesse?<\/p>\n","protected":false},"excerpt":{"rendered":"<p><img loading=\"lazy\" decoding=\"async\" src=\"https:\/\/farm4.staticflickr.com\/3863\/14382406324_cd7f0a9225_n.jpg\" width=\"320\" height=\"213\" alt=\"Il panificatore candidato Con Turi Michele Santamaria\" \/><\/p>\n","protected":false},"author":1,"featured_media":0,"comment_status":"open","ping_status":"closed","sticky":false,"template":"","format":"standard","meta":{"colormag_page_container_layout":"default_layout","colormag_page_sidebar_layout":"default_layout","footnotes":""},"categories":[4],"tags":[],"class_list":["post-11975","post","type-post","status-publish","format-standard","hentry","category-politica"],"_links":{"self":[{"href":"https:\/\/archivioturi.lavocedelpaese.info\/index.php\/wp-json\/wp\/v2\/posts\/11975","targetHints":{"allow":["GET"]}}],"collection":[{"href":"https:\/\/archivioturi.lavocedelpaese.info\/index.php\/wp-json\/wp\/v2\/posts"}],"about":[{"href":"https:\/\/archivioturi.lavocedelpaese.info\/index.php\/wp-json\/wp\/v2\/types\/post"}],"author":[{"embeddable":true,"href":"https:\/\/archivioturi.lavocedelpaese.info\/index.php\/wp-json\/wp\/v2\/users\/1"}],"replies":[{"embeddable":true,"href":"https:\/\/archivioturi.lavocedelpaese.info\/index.php\/wp-json\/wp\/v2\/comments?post=11975"}],"version-history":[{"count":0,"href":"https:\/\/archivioturi.lavocedelpaese.info\/index.php\/wp-json\/wp\/v2\/posts\/11975\/revisions"}],"wp:attachment":[{"href":"https:\/\/archivioturi.lavocedelpaese.info\/index.php\/wp-json\/wp\/v2\/media?parent=11975"}],"wp:term":[{"taxonomy":"category","embeddable":true,"href":"https:\/\/archivioturi.lavocedelpaese.info\/index.php\/wp-json\/wp\/v2\/categories?post=11975"},{"taxonomy":"post_tag","embeddable":true,"href":"https:\/\/archivioturi.lavocedelpaese.info\/index.php\/wp-json\/wp\/v2\/tags?post=11975"}],"curies":[{"name":"wp","href":"https:\/\/api.w.org\/{rel}","templated":true}]}}