{"id":11972,"date":"2014-06-10T06:52:38","date_gmt":"2014-06-10T06:52:38","guid":{"rendered":"https:\/\/archivioturi.lavocedelpaese.info\/index.php\/2014\/06\/10\/don-giovanni-amodio\/"},"modified":"2014-06-10T06:52:38","modified_gmt":"2014-06-10T06:52:38","slug":"don-giovanni-amodio","status":"publish","type":"post","link":"https:\/\/archivioturi.lavocedelpaese.info\/index.php\/2014\/06\/10\/don-giovanni-amodio\/","title":{"rendered":"Don Giovanni Amodio"},"content":{"rendered":"<p><img loading=\"lazy\" decoding=\"async\" src=\"https:\/\/farm4.staticflickr.com\/3887\/14392602013_75e6306ece_n.jpg\" width=\"320\" height=\"240\" alt=\"Don Giovanni Amodio\" \/><\/p>\n<p style=\"text-align: justify;\">Sant\u2019Oronzo 2014: \u00e8 conto alla rovescia. Per la festa dei Turesi, si prevedono grandi novit\u00e0. Intanto, per la prima volta in quel di Turi, il presidente del Comitato Festa sar\u00e0 nominato dall\u2019arciprete don Giovanni Amodio, di concerto con il Consiglio pastorale zonale e parrocchiale. La notizia, che afferriamo tra le righe \u00e8 che probabilmente il presidente non sar\u00e0 Fabio Topputi, come nel 2013. Di sicuro non \u00e8 in cima alla lista delle preferenze (per usare un gergo politico\u2026). Cos\u00ec, mani e sguardi levati al cielo, qualcuno sospira e si immagina come sar\u00e0 Sant\u2019Oronzo 2014. Oppure si guarda indietro, nostalgico. Torner\u00e0 Marinuccio Di Venere? Lui s\u00ec che \u00e8 nel girone del \u201cParadiso\u201d, anche se ci sembra la strada pi\u00f9 semplice da percorrere. Don Giovanni, contattato dalla nostra redazione, dosa bene parole e commenti.\u00a0<\/p>\n<p style=\"text-align: justify;\">\u201c\u00c8 ancora presto \u2013 dice \u2013 ma vi assicuro che non si arriver\u00e0 con l\u2019acqua alla gola, come accadde nel 2013. Quell\u2019esperienza non si ripeter\u00e0 pi\u00f9\u201d.<\/p>\n<p style=\"text-align: justify;\"><strong>Dunque, per Fabio Topputi, neoeletto consigliere comunale, il 2013 sar\u00e0 stata la prima e ultima volta?<\/strong><\/p>\n<p style=\"text-align: justify;\">\u201cNon posso dirti \u00a0altro. Ho consegnato una lettera al Commissario prefettizio dott.ssa Rossana Riflesso. \u00c8 scritto tutto l\u00ec. La novit\u00e0 \u00e8 che quest\u2019anno il presidente della festa lo nomina l\u2019arciprete di Turi e non pi\u00f9 come accadeva negli altri anni, quando era il sindaco a \u201csuggerire\u201d il nome da fare, dando precise indicazioni. Era diventata una prassi consolidata, ma superata in tutti i Comuni, tranne a Turi e a Castellana fino al 2013\u201d.<\/p>\n<p style=\"text-align: justify;\"><strong>Cosa dobbiamo aspettarci?<\/strong><\/p>\n<p style=\"text-align: justify;\">\u201cAlla festa di Sant\u2019Oronzo sar\u00e0 data un\u2019impronta religiosissima, anzi, un\u2019impronta pastorale, perch\u00e9 in fin dei conti religiosa lo \u00e8 sempre stata. Pastorale nel senso che il team che si occuper\u00e0 della festa sar\u00e0 espressione della vita e della comunit\u00e0 parrocchiale. Per questo, alcuni mesi fa ho avviato delle consultazioni e ho raccolto suggerimenti dal consiglio pastorale cittadino che io presiedo\u201d.<\/p>\n<p style=\"text-align: justify;\"><strong>Che tipo di suggerimenti?<\/strong><\/p>\n<p style=\"text-align: justify;\">\u201cNon posso dire altro. Presto saprete tutto. Di sicuro troveremo il modo per impegnare meno spese, nel senso che dobbiamo gioire, divertire ma anche pregare come si deve, vivere il momento spirituale e divertirci. Mettere insieme gioia e preghiera\u201d.<\/p>\n<p style=\"text-align: justify;\"><strong>Come saranno raccolti i fondi?<\/strong><\/p>\n<p style=\"text-align: justify;\">\u201cCon il solito metodo della questua\u201d.<\/p>\n<p style=\"text-align: justify;\"><strong>Cosa non hai condiviso in passato? Cosa avresti rivisto? <\/strong><\/p>\n<p style=\"text-align: justify;\">\u201cIn questi anni tutti i miei piccoli tentativi di suggerimento per modificare piano piano, poco a poco le cose, Marinuccio Di Venere me li ha sempre accordati. Anche Fabio devo dire\u2026 per\u00f2 di questi anni non ho condiviso un taglio pi\u00f9 politicamente colorato della festa, che \u00e8 comunque espressione di tutta la comunit\u00e0\u201d.<\/p>\n<p style=\"text-align: justify;\"><strong>Quindi, se tornasse Marinuccio? <\/strong><\/p>\n<p style=\"text-align: justify;\">\u201cNoi a Marinuccio dobbiamo molto. \u00c8 la storia di questa festa. Lo dobbiamo ricordare sempre come un grande punto di riferimento della festa\u201d.\u00a0<\/p>\n<p style=\"text-align: justify;\"><strong>L\u2019hai sentito ultimamente?<\/strong><\/p>\n<p style=\"text-align: justify;\">\u201cS\u00ec, ma su questo argomento non ci siamo ancora confrontati\u201d.<\/p>\n<p style=\"text-align: justify;\"><strong>Ci sono volontari che si propongono personalmente?<\/strong><\/p>\n<p style=\"text-align: justify;\">\u201cPurtroppo no. Ma ho chiesto suggerimenti al Consiglio pastorale zonale e parrocchiale e sono venute fuori diverse indicazioni che sto valutando. Ma per ora non posso anticipare altro\u201d.<\/p>\n","protected":false},"excerpt":{"rendered":"<p><img loading=\"lazy\" decoding=\"async\" src=\"https:\/\/farm4.staticflickr.com\/3887\/14392602013_75e6306ece_n.jpg\" width=\"320\" height=\"240\" alt=\"Don Giovanni Amodio\" \/><\/p>\n","protected":false},"author":1,"featured_media":0,"comment_status":"open","ping_status":"closed","sticky":false,"template":"","format":"standard","meta":{"colormag_page_container_layout":"default_layout","colormag_page_sidebar_layout":"default_layout","footnotes":""},"categories":[9],"tags":[],"class_list":["post-11972","post","type-post","status-publish","format-standard","hentry","category-la-voce-del-paese"],"_links":{"self":[{"href":"https:\/\/archivioturi.lavocedelpaese.info\/index.php\/wp-json\/wp\/v2\/posts\/11972","targetHints":{"allow":["GET"]}}],"collection":[{"href":"https:\/\/archivioturi.lavocedelpaese.info\/index.php\/wp-json\/wp\/v2\/posts"}],"about":[{"href":"https:\/\/archivioturi.lavocedelpaese.info\/index.php\/wp-json\/wp\/v2\/types\/post"}],"author":[{"embeddable":true,"href":"https:\/\/archivioturi.lavocedelpaese.info\/index.php\/wp-json\/wp\/v2\/users\/1"}],"replies":[{"embeddable":true,"href":"https:\/\/archivioturi.lavocedelpaese.info\/index.php\/wp-json\/wp\/v2\/comments?post=11972"}],"version-history":[{"count":0,"href":"https:\/\/archivioturi.lavocedelpaese.info\/index.php\/wp-json\/wp\/v2\/posts\/11972\/revisions"}],"wp:attachment":[{"href":"https:\/\/archivioturi.lavocedelpaese.info\/index.php\/wp-json\/wp\/v2\/media?parent=11972"}],"wp:term":[{"taxonomy":"category","embeddable":true,"href":"https:\/\/archivioturi.lavocedelpaese.info\/index.php\/wp-json\/wp\/v2\/categories?post=11972"},{"taxonomy":"post_tag","embeddable":true,"href":"https:\/\/archivioturi.lavocedelpaese.info\/index.php\/wp-json\/wp\/v2\/tags?post=11972"}],"curies":[{"name":"wp","href":"https:\/\/api.w.org\/{rel}","templated":true}]}}