{"id":11962,"date":"2014-06-03T08:22:43","date_gmt":"2014-06-03T08:22:43","guid":{"rendered":"https:\/\/archivioturi.lavocedelpaese.info\/index.php\/2014\/06\/03\/ciliegie-in-vetrina-presso-la-galleria-auchan\/"},"modified":"2014-06-03T08:22:43","modified_gmt":"2014-06-03T08:22:43","slug":"ciliegie-in-vetrina-presso-la-galleria-auchan","status":"publish","type":"post","link":"https:\/\/archivioturi.lavocedelpaese.info\/index.php\/2014\/06\/03\/ciliegie-in-vetrina-presso-la-galleria-auchan\/","title":{"rendered":"Ciliegie in vetrina presso la galleria Auchan"},"content":{"rendered":"<p><img loading=\"lazy\" decoding=\"async\" src=\"https:\/\/farm6.staticflickr.com\/5534\/14332561871_f3f9a837c2_n.jpg\" width=\"320\" height=\"240\" alt=\"Lo staff della Pro Loco nella Galleria Auchan\" \/><\/p>\n<p style=\"text-align: justify;\">Due giorni di grande lavoro per lo staff della Pro Loco di Turi impegnata il 31 maggio e il 1 giugno a promuovere presso la Galleria Auchan di Casamassima la nostra ciliegia e la sua attesissima Sagra della Ciliegia Ferrovia che si terr\u00e0 il prossimo fine settimana.<\/p>\n<p style=\"text-align: justify;\">Dalle 9.30 alle 12.30 e dalle 16.00 alle 21.00, lo stand della Pro Loco \u00e8 stato letteralmente preso d\u2019assalto per non lasciarsi sfuggire il prezioso oro rosso turese regalato ai numerossissimi curiosi che si sono affacciati a conoscere tutti i dettagli di quella che si preannuncia un nuovo successo della Pro Loco della Presidente Rina Spinelli. Oltre 9900 bicchieri acquistati e offerti ai degustatori, 230 confezioni da 100 gr di ciliegie della Giuliano messe a disposizione degli estimatori che hanno apprezzato il gesto dell\u2019associazione turese e hanno conosciuto le date della nostra Sagra. \u201cQualche curioso si \u00e8 infatti stupito di apprendere che a Turi l\u2019appuntamento fosse confermato e che la Sagra si sarebbe svolta\u201d \u2013 ci conferma la Presidente Rina Spinelli spiegando come l\u2019annullamento della Festa di Conversano abbia gettato dubbi e perplessit\u00e0 sui tanti turisti che sarebbero giunti a Turi nel prossimo fine settimana. Le incertezze&nbsp;maturate nel nostro territorio sono seguite ai danni che hanno interessato la qualit\u00e0 della Bigarreu &#8211; per la quale ricordiamo \u00e8 stata chiesta la calamit\u00e0 &#8211; ma fortunatamente le altre variet\u00e0 cerasicole, maturate pi\u00f9 tardi, regalano a tutti i gusti e i sapori tipici del periodo.<\/p>\n<p style=\"text-align: justify;\">Soddisfatti anche della presenza di alcuni rappresentanti della nuova amministrazione locale, lo staff della Pro Loco ringrazia chi ha lavorato per la realizzazione di queste due intense giornate. L\u2019intero gruppo della Pro Loco, Peppino Scotella per la collaborazione nella realizzazione dello spazio espositivo, il Direttore del Parco Commerciale Auchan, Ivan Bonora, Art &amp; Design per l\u2019arricchimento dell\u2019esposizione e gli sponsor Orchidea Frutta, La Pernice e Giuliano Pugliafruit per aver messo a disposizione le gustosissime ciliegie.<\/p>\n<p style=\"text-align: justify;\">Nell\u2019attesa delle ore 19.00 per l\u2019apertura della XXIV Sagra della Ciliegia Ferrovia, la Pro Loco invita tutti i cittadini e i produttori a partecipare al convegno tecnico \u201cCultura e Coltura\u201d che si terr\u00e0 il 4 giugno presso la sala consiliare del Palazzo Municipale di Turi a partire dalle ore 18.00. &nbsp;<\/p>\n<p>&nbsp;<\/p>\n<p><img loading=\"lazy\" decoding=\"async\" src=\"https:\/\/farm4.staticflickr.com\/3910\/14344670315_1872512242_z.jpg\" width=\"454\" height=\"640\" alt=\"convegno (1)\" \/><\/p>\n","protected":false},"excerpt":{"rendered":"<p><img loading=\"lazy\" decoding=\"async\" src=\"https:\/\/farm6.staticflickr.com\/5534\/14332561871_f3f9a837c2_n.jpg\" width=\"320\" height=\"240\" alt=\"Lo staff della Pro Loco nella Galleria Auchan\" \/><\/p>\n","protected":false},"author":1,"featured_media":0,"comment_status":"open","ping_status":"closed","sticky":false,"template":"","format":"standard","meta":{"colormag_page_container_layout":"default_layout","colormag_page_sidebar_layout":"default_layout","footnotes":""},"categories":[6],"tags":[],"class_list":["post-11962","post","type-post","status-publish","format-standard","hentry","category-cultura"],"_links":{"self":[{"href":"https:\/\/archivioturi.lavocedelpaese.info\/index.php\/wp-json\/wp\/v2\/posts\/11962","targetHints":{"allow":["GET"]}}],"collection":[{"href":"https:\/\/archivioturi.lavocedelpaese.info\/index.php\/wp-json\/wp\/v2\/posts"}],"about":[{"href":"https:\/\/archivioturi.lavocedelpaese.info\/index.php\/wp-json\/wp\/v2\/types\/post"}],"author":[{"embeddable":true,"href":"https:\/\/archivioturi.lavocedelpaese.info\/index.php\/wp-json\/wp\/v2\/users\/1"}],"replies":[{"embeddable":true,"href":"https:\/\/archivioturi.lavocedelpaese.info\/index.php\/wp-json\/wp\/v2\/comments?post=11962"}],"version-history":[{"count":0,"href":"https:\/\/archivioturi.lavocedelpaese.info\/index.php\/wp-json\/wp\/v2\/posts\/11962\/revisions"}],"wp:attachment":[{"href":"https:\/\/archivioturi.lavocedelpaese.info\/index.php\/wp-json\/wp\/v2\/media?parent=11962"}],"wp:term":[{"taxonomy":"category","embeddable":true,"href":"https:\/\/archivioturi.lavocedelpaese.info\/index.php\/wp-json\/wp\/v2\/categories?post=11962"},{"taxonomy":"post_tag","embeddable":true,"href":"https:\/\/archivioturi.lavocedelpaese.info\/index.php\/wp-json\/wp\/v2\/tags?post=11962"}],"curies":[{"name":"wp","href":"https:\/\/api.w.org\/{rel}","templated":true}]}}