{"id":11960,"date":"2014-06-03T09:42:34","date_gmt":"2014-06-03T09:42:34","guid":{"rendered":"https:\/\/archivioturi.lavocedelpaese.info\/index.php\/2014\/06\/03\/menino-ci-sa-fare\/"},"modified":"2014-06-03T09:42:34","modified_gmt":"2014-06-03T09:42:34","slug":"menino-ci-sa-fare","status":"publish","type":"post","link":"https:\/\/archivioturi.lavocedelpaese.info\/index.php\/2014\/06\/03\/menino-ci-sa-fare\/","title":{"rendered":"\u201cMenino ci sa fare\u201d"},"content":{"rendered":"<p><img loading=\"lazy\" decoding=\"async\" src=\"https:\/\/farm8.staticflickr.com\/7008\/13953578814_c83d90fdf2_n.jpg\" width=\"320\" height=\"213\" alt=\"Tonino Coppi (2)\" \/><\/p>\n<p style=\"text-align: justify;\">Il senatore Tonino Coppi ha un solo rammarico: se il centrodestra si fosse presentato unito, avrebbe vinto. Tra i due litiganti, il terzo, Menino Coppi (centrosinistra) ha goduto.<\/p>\n<p style=\"text-align: justify;\">\u201c\u00c8 il secondo tempo di un film cominciato nel 1993 \u2013 allarga le braccia il senatore \u2013 se fai la somma dei voti di tutte le coalizioni di centro-destra, ti accorgi che insieme avremmo vinto\u201d. Ma con Boccardi dove si andava a parare? In effetti, risponde Coppi: \u201cIo una proposta a Boccardi l\u2019ho fatta. Fino all\u2019ultimo ho tentato. Ma lui ha preferito fare accordi a destra e manca\u201d.<\/p>\n<p style=\"text-align: justify;\">Per dirla con una metafora, il padrone di Villa Menelao apparecchiava e sparecchiava tavoli\u2026 politici. \u201cIl coordinatore \u2013 osserva Coppi \u2013 non ha voluto condividere il progetto. Anche lo stile, questo modo di fare accordi, non l\u2019ho mai condiviso sul piano politico. Invitare tutta quella gente e poi farla rientrare\u2026 \u00e8 uno stile che non ci appartiene. Per questo l\u2019accordo \u00e8 stato impossibile. Noi abbiamo portato avanti una linea seria e sana. Non abbiamo mai offeso nessuno, abbiamo sempre rispettato la dignit\u00e0 di coloro che sono stati candidati con noi. Dall\u2019altra parte invece, c\u2019era gente che va, e gente che viene, parole, parolacce\u2026 di tutto. E pur dovendo ammettere che le responsabilit\u00e0 si dividono al 50%, il nostro risultato \u00e8 stato soddisfacente. Il nostro \u00e8 un partito che si affaccia per la prima volta sulla scena politica.\u201d<\/p>\n<p style=\"text-align: justify;\"><strong>Qual \u00e8 secondo lei il futuro politico di Michele Boccardi?<\/strong><\/p>\n<p style=\"text-align: justify;\">\u201cDi Michele non ho mai condiviso i metodi poco politici. Invitare ai tavoli quanta pi\u00f9 gente possibile, per poi bruciarli, non \u00e8 una cosa seria. Ripeto, fare accordi a destra e manca non \u00e8 una cosa seria. Certo, potevamo condividere insieme un candidato sindaco, ma poi mi son visto mettere paletti. Dicevano: \u201cSe dobbiamo stare insieme non possiamo candidare tizio e caio&#8230;\u201d. Io invece ho sempre messo in ordine di importante il rapporto umano e interpersonale. Boccardi ha ottenuto risultati poco soddisfacenti. Lui, pur credendo di essere un leader politico \u00e8 stato assente in tutta la campagna. Non ha speso una parola, un suo pensiero. Non lo si \u00e8 visto proprio. Si \u00e8 fatto a malapena vedere l\u2019ultima sera, durante le operazioni di voto. Non fa piacere a nessuno, figuriamoci a coloro che l\u2019hanno votato e mandato alla Regione\u201d.<\/p>\n<p style=\"text-align: justify;\"><strong>Dividere insieme i banchi dell\u2019opposizione. Questa sorte potrebbe unirvi?<\/strong><\/p>\n<p style=\"text-align: justify;\">\u201cNon credo\u2026 gi\u00e0 su Bari, uniti abbiamo perso. La verit\u00e0 \u00e8 per essere liberi e uniti bisogna recidere il legame con le origini e con le appartenenze a uomini politici nazionali. Se non ci mettiamo in testa che bisogna vivere la quotidianit\u00e0 e i problemi del territorio, distante dai capi di partito, non si va da nessuna parte. Michele non ha mai voluto rompere con questa appartenenza. Tutti rispondono a ordini di partito calati dall\u2019alto. Eppure politici come Michele hanno bisogno di voti locali. E lo abbiamo visto. Non bisogna mai mettere la testa sotto il cuscino\u201d.<\/p>\n","protected":false},"excerpt":{"rendered":"<p><img loading=\"lazy\" decoding=\"async\" src=\"https:\/\/farm8.staticflickr.com\/7008\/13953578814_c83d90fdf2_n.jpg\" width=\"320\" height=\"213\" alt=\"Tonino Coppi (2)\" \/><\/p>\n","protected":false},"author":1,"featured_media":0,"comment_status":"open","ping_status":"closed","sticky":false,"template":"","format":"standard","meta":{"colormag_page_container_layout":"default_layout","colormag_page_sidebar_layout":"default_layout","footnotes":""},"categories":[4],"tags":[],"class_list":["post-11960","post","type-post","status-publish","format-standard","hentry","category-politica"],"_links":{"self":[{"href":"https:\/\/archivioturi.lavocedelpaese.info\/index.php\/wp-json\/wp\/v2\/posts\/11960","targetHints":{"allow":["GET"]}}],"collection":[{"href":"https:\/\/archivioturi.lavocedelpaese.info\/index.php\/wp-json\/wp\/v2\/posts"}],"about":[{"href":"https:\/\/archivioturi.lavocedelpaese.info\/index.php\/wp-json\/wp\/v2\/types\/post"}],"author":[{"embeddable":true,"href":"https:\/\/archivioturi.lavocedelpaese.info\/index.php\/wp-json\/wp\/v2\/users\/1"}],"replies":[{"embeddable":true,"href":"https:\/\/archivioturi.lavocedelpaese.info\/index.php\/wp-json\/wp\/v2\/comments?post=11960"}],"version-history":[{"count":0,"href":"https:\/\/archivioturi.lavocedelpaese.info\/index.php\/wp-json\/wp\/v2\/posts\/11960\/revisions"}],"wp:attachment":[{"href":"https:\/\/archivioturi.lavocedelpaese.info\/index.php\/wp-json\/wp\/v2\/media?parent=11960"}],"wp:term":[{"taxonomy":"category","embeddable":true,"href":"https:\/\/archivioturi.lavocedelpaese.info\/index.php\/wp-json\/wp\/v2\/categories?post=11960"},{"taxonomy":"post_tag","embeddable":true,"href":"https:\/\/archivioturi.lavocedelpaese.info\/index.php\/wp-json\/wp\/v2\/tags?post=11960"}],"curies":[{"name":"wp","href":"https:\/\/api.w.org\/{rel}","templated":true}]}}