{"id":11953,"date":"2014-06-04T05:35:18","date_gmt":"2014-06-04T05:35:18","guid":{"rendered":"https:\/\/archivioturi.lavocedelpaese.info\/index.php\/2014\/06\/04\/abbiamo-sguainato-lascia-di-guerra\/"},"modified":"2014-06-04T05:35:18","modified_gmt":"2014-06-04T05:35:18","slug":"abbiamo-sguainato-lascia-di-guerra","status":"publish","type":"post","link":"https:\/\/archivioturi.lavocedelpaese.info\/index.php\/2014\/06\/04\/abbiamo-sguainato-lascia-di-guerra\/","title":{"rendered":"\u201cAbbiamo sguainato l\u2019ascia di guerra\u201d"},"content":{"rendered":"<p><img loading=\"lazy\" decoding=\"async\" src=\"https:\/\/farm3.staticflickr.com\/2886\/13213630073_a02923196e_m.jpg\" width=\"235\" height=\"240\" alt=\"Francesco Guerra M5S Turi\" \/><\/p>\n<p style=\"text-align: justify;\">Al termine di questa campagna elettorale abbiamo voluto incontrare il candidato a Sindaco del Movimento a 5 Stelle, Francesco Guerra. Un gruppo discusso e commentato, che non ha voluto partecipare ai diversi incontri pubblici organizzati in questo lungo ed intenso mese di campagna elettorale e che porta a casa un \u201cquarto posto\u201d. Commentiamo con lui questo esito.<\/p>\n<p style=\"text-align: justify;\"><strong>Come consideri il risultato ottenuto da questa elezione comunale?<\/strong><\/p>\n<p style=\"text-align: justify;\">\u201cIn ambito amministrativo il 5% pu\u00f2 sembrare deludente. I 400 voti scarsi ricevuti sono per\u00f2 frutto di una totale fiducia in chi, come noi, \u00e8 unica forza orientata al cambiamento vero. Ne danno conferma i consensi privi di parentato, clientelismo e voti dati per \u201camicizia\u201d. Credo che ci siano le basi per strutturarsi e diventare punto di riferimento vero in questa comunit\u00e0, che oggi necessita di cambiamento vero, di esempio, di legalit\u00e0, di politica nuova e pulita.<\/p>\n<p style=\"text-align: justify;\">In ambito Europeo invece credo che il risultato sia deludente. \u00c8 stata fatta una campagna anti Grillo come se il male dell\u2019Italia fossero \u201cdue sane urla\u201d. Gli italiani dovrebbero sapere che hanno mandato in Europa 21 tra condannati e indagati, hanno votato il fiscal compact che dall\u2019anno prossimo mieter\u00e0 vittime e povert\u00e0 e non hanno votato chi rifiuta rimborsi, chi \u00e8 contro il jobact&nbsp; (precariato stabile) ecc.. &nbsp;e chi se pur dall\u2019opposizione \u00e8 unica forza che fa gli interessi del cittadino. In questo siamo stati noi sufficienti mediaticamente nel non far passare la differenza indiscussa tra chi depreda il paese e chi vuol cambiarlo\u201d.<\/p>\n<p style=\"text-align: justify;\"><strong>Se alle Europee il M5S ha ottenuto una &#8220;medaglia d&#8217;argento&#8221;, perch\u00e8 qui a Turi ha raggiunto solo un &#8220;quarto&#8221; posto?<\/strong><\/p>\n<p style=\"text-align: justify;\">\u201cAbbiamo cercato di sensibilizzare pi\u00f9 volte i cittadini a confermare il voto alle europee con quello alle amministrative. Negli occhi dei turesi si percepivano stima e consenso nei nostri riguardi, ma alla fine hanno ceduto al \u201cricatto\u201d del sistema politico e cio\u00e8 quello del voto dato al parente e all\u2019amico. Quando nella mia lettera ai turesi all\u2019ultimo comizio ho detto che \u00e8 mafia \u201cil compromesso\u201d mi riferivo a quello. Non al gesto in se, ma al sistema che non ti permette di votare in libert\u00e0. E molti sono responsabili di questo viscido meccanismo che incancrenisce la collettivit\u00e0\u201d.<\/p>\n<p style=\"text-align: justify;\"><strong>Col senno di poi, in cosa credete di aver sbagliato?<\/strong><\/p>\n<p style=\"text-align: justify;\">\u201cSiamo nati da poco sul territorio. Siamo partiti da zero. Alla fine l\u2019unico modo reale per convincere la gente sui nostri propositi \u00e8 stata la campagna elettorale. Si \u00e8 costituito un gruppo onesto, leale e l\u2019intento \u00e8 solo quello di crescere come comunit\u00e0. Prossimo passo sar\u00e0 quello di incentivare il pi\u00f9 possibile i cittadini all\u2019attivismo. Pi\u00f9 partecipazione c\u2019\u00e8, pi\u00f9 si ha la possibilit\u00e0 di informare la gente e sensibilizzarla su chi vende fumo e chi vuole cambiare realmente le cose\u201d.<\/p>\n<p style=\"text-align: justify;\"><strong>Credi che possa aver influito il tuo non essere &#8220;originario&#8221; di Turi?<\/strong><\/p>\n<p style=\"text-align: justify;\">\u201cVivo in una comunit\u00e0 turese e sono integrato perfettamente. Vivo tutto all\u2019interno delle mura turesi, compreso lo sport che mi appassiona. I miei figli sono turesi e vivo il mio paese a 360\u00b0.&nbsp; Alcune fazioni politiche opposte hanno voluto far credere ai cittadini che questa discriminazione da medioevo sociale potesse orientare il voto. I Turesi sicuramente non hanno pensato ci\u00f2\u201d.<\/p>\n<p style=\"text-align: justify;\"><strong>Perch\u00e8 ha vinto la lista di Menino Coppi e come credi che gestir\u00e0 i prossimi cinque anni di Turi?<\/strong><\/p>\n<p style=\"text-align: justify;\">\u201c\u00c8 stata creata una lista con l\u2019unico intento di battere la destra. Il come si \u00e8 arrivati a tale obiettivo \u00e8 sotto gli occhi di tutti. Tante teste e tanti modi di pensare e di essere nello stesso calderone \u201cporta voti\u201d. Menino Coppi \u00e8 stato proposto come collante all\u2019interno di una lista eterogenea . Da cittadini attivi vigileremo che venga attuato ci\u00f2 che hanno promesso\u201d.<\/p>\n<p style=\"text-align: justify;\"><strong>Proseguirete nel vostro lavoro o sotterrate &#8220;l&#8217;ascia di guerra&#8221;?<\/strong><\/p>\n<p style=\"text-align: justify;\">\u201cParte dal momento del loro insediamento la nostra operazione \u201cfiato sul collo\u201d. Vigileremo da cittadini che il programma e le date per attuarlo siano rispettate. Faremo opposizione dall\u2019esterno, non denigrando, ma facendo in modo che le loro parole diventino fatti.&nbsp; L\u2019ascia di guerra \u00e8 stata appena sguainata. E non per il cognome che accomuna alcuni di noi nel gruppo\u201d.<\/p>\n","protected":false},"excerpt":{"rendered":"<p><img loading=\"lazy\" decoding=\"async\" src=\"https:\/\/farm3.staticflickr.com\/2886\/13213630073_a02923196e_m.jpg\" width=\"235\" height=\"240\" alt=\"Francesco Guerra M5S Turi\" \/><\/p>\n","protected":false},"author":1,"featured_media":0,"comment_status":"open","ping_status":"closed","sticky":false,"template":"","format":"standard","meta":{"colormag_page_container_layout":"default_layout","colormag_page_sidebar_layout":"default_layout","footnotes":""},"categories":[4],"tags":[],"class_list":["post-11953","post","type-post","status-publish","format-standard","hentry","category-politica"],"_links":{"self":[{"href":"https:\/\/archivioturi.lavocedelpaese.info\/index.php\/wp-json\/wp\/v2\/posts\/11953","targetHints":{"allow":["GET"]}}],"collection":[{"href":"https:\/\/archivioturi.lavocedelpaese.info\/index.php\/wp-json\/wp\/v2\/posts"}],"about":[{"href":"https:\/\/archivioturi.lavocedelpaese.info\/index.php\/wp-json\/wp\/v2\/types\/post"}],"author":[{"embeddable":true,"href":"https:\/\/archivioturi.lavocedelpaese.info\/index.php\/wp-json\/wp\/v2\/users\/1"}],"replies":[{"embeddable":true,"href":"https:\/\/archivioturi.lavocedelpaese.info\/index.php\/wp-json\/wp\/v2\/comments?post=11953"}],"version-history":[{"count":0,"href":"https:\/\/archivioturi.lavocedelpaese.info\/index.php\/wp-json\/wp\/v2\/posts\/11953\/revisions"}],"wp:attachment":[{"href":"https:\/\/archivioturi.lavocedelpaese.info\/index.php\/wp-json\/wp\/v2\/media?parent=11953"}],"wp:term":[{"taxonomy":"category","embeddable":true,"href":"https:\/\/archivioturi.lavocedelpaese.info\/index.php\/wp-json\/wp\/v2\/categories?post=11953"},{"taxonomy":"post_tag","embeddable":true,"href":"https:\/\/archivioturi.lavocedelpaese.info\/index.php\/wp-json\/wp\/v2\/tags?post=11953"}],"curies":[{"name":"wp","href":"https:\/\/api.w.org\/{rel}","templated":true}]}}