{"id":11950,"date":"2014-06-02T10:28:36","date_gmt":"2014-06-02T10:28:36","guid":{"rendered":"https:\/\/archivioturi.lavocedelpaese.info\/index.php\/2014\/06\/02\/lavorero-per-la-trasparenza-e-la-partecipazione\/"},"modified":"2014-06-02T10:28:36","modified_gmt":"2014-06-02T10:28:36","slug":"lavorero-per-la-trasparenza-e-la-partecipazione","status":"publish","type":"post","link":"https:\/\/archivioturi.lavocedelpaese.info\/index.php\/2014\/06\/02\/lavorero-per-la-trasparenza-e-la-partecipazione\/","title":{"rendered":"\u201cLavorer\u00f2 per la trasparenza e la partecipazione\u201d"},"content":{"rendered":"<p><img loading=\"lazy\" decoding=\"async\" src=\"https:\/\/farm6.staticflickr.com\/5315\/14327561385_f8f34e8ac1_m.jpg\" width=\"171\" height=\"240\" alt=\"Lavinia Orlando\" \/><\/p>\n<p style=\"text-align: justify;\"><em>Lavinia Orlando, prima donna e prima candidata della lista \u201cImpegno Comune per Turi\u201d racconta ai nostri microfoni le prime emozioni e i primi oneri di quello che sar\u00e0 un percorso amministrativo che si annuncia arduo e impegnativo.<\/em><\/p>\n<p style=\"text-align: justify;\"><strong>486 voti: prima candidata della tua lista. Cosa rappresenta per te questo numero? <\/strong><\/p>\n<p style=\"text-align: justify;\"><strong>\u201c<\/strong>Rappresenta in primis un dato inatteso, ben al di l\u00e0 delle mie pi\u00f9 rosee aspettative (e colgo l&#8217;occasione per ringraziare tutti coloro che mi hanno concesso fiducia e che mi hanno aiutato nella campagna elettorale, ad iniziare dalla mia famiglia fino a tutti i componenti della lista) e si tratta &#8211; tengo a sottolinearlo &#8211; di 486 voti frutto solo in parte (ma questo discorso vale un po&#8217; per tutti i candidati presentatisi quest&#8217;anno) della possibilit\u00e0 per gli elettori di apporre la doppia preferenza di genere. Oltre a ci\u00f2, ritengo che i cittadini abbiano premiato l&#8217;impegno, la caparbiet\u00e0 nel perseguire determinati valori, la forza nell&#8217;affermare verit\u00e0 scomode (senza timore di porsi in contrapposizione con i poteri costituiti), l&#8217;onest\u00e0 di chi si \u00e8 proposto e non si \u00e8 fatto imporre da altri. Sono fiera di poter affermare di aver preso quasi 500 voti senza minacce, elargizioni di soldi, feste e tutto ci\u00f2 che ben conosciamo\u201d. &nbsp;&nbsp;<strong><\/strong><\/p>\n<p style=\"text-align: justify;\"><strong>Perch\u00e9 Turi vi ha preferiti?&nbsp;E in cosa hanno errato le altre liste? <\/strong><\/p>\n<p style=\"text-align: justify;\"><strong>\u201c<\/strong>Turi ha preferito la nostra lista perch\u00e9 era l&#8217;unica che potesse garantire discontinuit\u00e0 con le passate amministrazioni, le medesime che hanno ridotto il nostro paese a brandelli. Turi, una volta tanto, si \u00e8 affidata alle comprovate capacit\u00e0 di chi ha gi\u00e0 ben assolto il ruolo di Primo Cittadino &#8211; e parlo del Sindaco Menino Coppi &#8211; ed alle complete competenze della sua squadra. S&#8217;intenda: non mi riferisco ai soli undici consiglieri eletti, ma ai tanti che, accanto a chi ha scelto di candidarsi, lavorano costantemente con la gratuita passione che solo un militante di partito o un attivista di un movimento civico pu\u00f2 riservare. Mi riferisco, soprattutto, ai cinque candidati che non sono stati eletti, che auspico possano continuare a darci una mano (ad iniziare da Arianna Gasparro, per cui nutro fortissima stima). Rispetto alle altre liste &#8211; e mi riferisco alle tre compagini di destra &#8211; c&#8217;\u00e8 bene poco da dire: hanno male amministrato negli ultimi sette anni\u201d.<\/p>\n<p style=\"text-align: justify;\"><strong>Quali saranno i tuoi primi impegni? <\/strong><\/p>\n<p style=\"text-align: justify;\"><strong>\u201c<\/strong>Non so di cosa mi occuper\u00f2 nello specifico, poich\u00e9 non abbiamo ancora discusso di ruoli o assessorati e deleghe. Se dovessi pensare agli ambiti a me pi\u00f9 affini, direi che mi piacerebbe impegnarmi nel sociale o nella cultura, i due settori che, del resto, maggiormente rispecchiano le ragioni della mia militanza politica. In ogni caso, qualunque dovesse essere la decisione del Sindaco, lavorer\u00f2 affinch\u00e9 si concretizzino due criteri generali, finora dimenticati dalle passate amministrazioni: mi riferisco alla trasparenza ed alla partecipazione, che dovranno essere attuati dalla nostra maggioranza sin dall&#8217;immediato: dovremo coinvolgere la cittadinanza, mettendola in contatto costante con chi amministra, ascoltandola e facendola partecipe di ci\u00f2 che si decide (penso, ad esempio, ad un ampio coinvolgimento dei ragazzi di &#8220;FuTuri Possibili&#8221;, energie pulite e giovani con le quali sar\u00e0 un piacere confrontarsi). Sar\u00e0, cos\u00ec, possibile, non solo rendere meno gravosi provvedimenti che potrebbero ingenerare qualche grattacapo nella popolazione o in una fetta di essa, ma anche sviluppare pienamente i principi di legalit\u00e0 ed uguaglianza tra tutti i cittadini, che solo un governo pienamente trasparente pu\u00f2 assicurare\u201d. &nbsp;<strong>&nbsp;<\/strong><\/p>\n<p style=\"text-align: justify;\"><strong>Come pensa che saranno i prossimi cinque anni per Turi? <\/strong><\/p>\n<p style=\"text-align: justify;\"><strong>\u201c<\/strong>Immagino per il nostro paese un futuro pi\u00f9 roseo; ci impegneremo affinch\u00e9 Turi si trasformi in quel &#8220;giardino della Citt\u00e0 Metropolitana&#8221;, pi\u00f9 volte citato dal Sindaco: in questi giorni, ad esempio, nonostante non ci si sia ancora insediati, tutta la squadra \u00e8 gi\u00e0 al lavoro per elaborare idee concrete da attuare nei campi della promozione territoriale e del turismo. In linea generale, se ciascun assessore o delegato sar\u00e0 bravo ad ascoltare i bisogni dei cittadini nel proprio campo d&#8217;intervento ed a agire di pari passo con i suoi colleghi, l&#8217;amministrazione Coppi riuscir\u00e0 a rivoluzionare questo paese, mutandolo radicalmente, non solo nel suo aspetto esteriore (dalle strade dissestate, al cimitero crollato, alle giostrine inservibili, solo per citare gli esempi pi\u00f9 comuni), ma anche e soprattutto sotto il profilo culturale\u201d.<\/p>\n","protected":false},"excerpt":{"rendered":"<p><img loading=\"lazy\" decoding=\"async\" src=\"https:\/\/farm6.staticflickr.com\/5315\/14327561385_f8f34e8ac1_m.jpg\" width=\"171\" height=\"240\" alt=\"Lavinia Orlando\" \/><\/p>\n","protected":false},"author":1,"featured_media":0,"comment_status":"open","ping_status":"closed","sticky":false,"template":"","format":"standard","meta":{"colormag_page_container_layout":"default_layout","colormag_page_sidebar_layout":"default_layout","footnotes":""},"categories":[4],"tags":[],"class_list":["post-11950","post","type-post","status-publish","format-standard","hentry","category-politica"],"_links":{"self":[{"href":"https:\/\/archivioturi.lavocedelpaese.info\/index.php\/wp-json\/wp\/v2\/posts\/11950","targetHints":{"allow":["GET"]}}],"collection":[{"href":"https:\/\/archivioturi.lavocedelpaese.info\/index.php\/wp-json\/wp\/v2\/posts"}],"about":[{"href":"https:\/\/archivioturi.lavocedelpaese.info\/index.php\/wp-json\/wp\/v2\/types\/post"}],"author":[{"embeddable":true,"href":"https:\/\/archivioturi.lavocedelpaese.info\/index.php\/wp-json\/wp\/v2\/users\/1"}],"replies":[{"embeddable":true,"href":"https:\/\/archivioturi.lavocedelpaese.info\/index.php\/wp-json\/wp\/v2\/comments?post=11950"}],"version-history":[{"count":0,"href":"https:\/\/archivioturi.lavocedelpaese.info\/index.php\/wp-json\/wp\/v2\/posts\/11950\/revisions"}],"wp:attachment":[{"href":"https:\/\/archivioturi.lavocedelpaese.info\/index.php\/wp-json\/wp\/v2\/media?parent=11950"}],"wp:term":[{"taxonomy":"category","embeddable":true,"href":"https:\/\/archivioturi.lavocedelpaese.info\/index.php\/wp-json\/wp\/v2\/categories?post=11950"},{"taxonomy":"post_tag","embeddable":true,"href":"https:\/\/archivioturi.lavocedelpaese.info\/index.php\/wp-json\/wp\/v2\/tags?post=11950"}],"curies":[{"name":"wp","href":"https:\/\/api.w.org\/{rel}","templated":true}]}}