{"id":11949,"date":"2014-06-03T15:26:15","date_gmt":"2014-06-03T15:26:15","guid":{"rendered":"https:\/\/archivioturi.lavocedelpaese.info\/index.php\/2014\/06\/03\/mi-impegnero-per-difendere-i-commercianti-turesi\/"},"modified":"2014-06-03T15:26:15","modified_gmt":"2014-06-03T15:26:15","slug":"mi-impegnero-per-difendere-i-commercianti-turesi","status":"publish","type":"post","link":"https:\/\/archivioturi.lavocedelpaese.info\/index.php\/2014\/06\/03\/mi-impegnero-per-difendere-i-commercianti-turesi\/","title":{"rendered":"\u201cMi impegner\u00f2 per difendere i commercianti turesi!\u201d"},"content":{"rendered":"<p><img loading=\"lazy\" decoding=\"async\" src=\"https:\/\/farm8.staticflickr.com\/7042\/13929945002_f607236853_n.jpg\" width=\"320\" height=\"213\" alt=\"Fabio Topputi\" \/><\/p>\n<p style=\"text-align: justify;\">Un ragazzo che non si ferma davanti alle difficolt\u00e0, che sa alzarsi le maniche per raggiungere i suoi obiettivi. In questa campagna elettorale lo abbiamo visto correre a fianco del candidato a sindaco Rocco Biradi. \u00c8 Fabio Topputi, che vedremo al tavolo dell\u2019opposizione per i prossimi cinque anni.<\/p>\n<p style=\"text-align: justify;\"><strong>470 voti: ti aspettavi questo numero?<\/strong><\/p>\n<p style=\"text-align: justify;\">\u201cNo, non me lo aspettavo. Ho avuto una forte dimostrazione d\u2019affetto dalla gente che mi ha letteralmente commosso. La cosa che mi soddisfa maggiormente \u00e8 aver pescato i miei voti uno per uno, andando ogni pomeriggio, in compagnia di mio fratello e di alcuni amici, di casa in casa ad incontrare gente che, a dire il vero, mi ha sempre aperto la porta a prescindere dal loro voto\u201d.<\/p>\n<p style=\"text-align: justify;\"><strong>Cosa rappresenta per te essere il primo degli eletti della tua lista?<\/strong><\/p>\n<p style=\"text-align: justify;\">\u201cSarei ipocrita a dire di non essere felice ma sicuramente nella mia lista c\u2019erano tante persone meritevoli e degne di ricoprire un assessorato\u201d.<\/p>\n<p style=\"text-align: justify;\"><strong>Sederai tra i banchi dell&#8217;opposizione. Come gestirai questo ruolo?<\/strong><\/p>\n<p style=\"text-align: justify;\">\u201cSicuramente non lo gestir\u00f2 in maniera passiva, poich\u00e9 non \u00e8 nel mio stile gestire le cose in maniera superficiale. Mi far\u00f2 sempre promotore d\u2019iniziative che difendano il bene della collettivit\u00e0 salvaguardando, come ho gi\u00e0 detto, le fasce pi\u00f9 deboli e soprattutto tutelando la categoria dei nostri commercianti turesi affinch\u00e8 non sentano il peso opprimente della crisi economica\u201d.<\/p>\n<p style=\"text-align: justify;\"><strong>Che sindaco sar\u00e0 Menino Coppi?<\/strong><\/p>\n<p style=\"text-align: justify;\">\u201cIl sig. Menino, conoscendolo di persona, \u00e8 un uomo carismatico e dinamico. Il mio augurio \u00e8 quello di saper gestire al meglio l\u2019amministrazione del bene pubblico\u201d.<\/p>\n<p style=\"text-align: justify;\"><strong>Qualche rimpianto o rammarico?<\/strong><\/p>\n<p style=\"text-align: justify;\">\u201cAvevamo previsto di raggiungere all\u2019incirca 2.100 voti ed il nostro obiettivo l\u2019abbiamo conseguito. Se solo ci fosse stata una distribuzione di voti diversa nelle altre liste (sto parlando del \u201cMovimento 5stelle\u201d, delle liste \u201cTuri Futura\u201d e \u201cFuturi Possibili\u201d) che avrebbero potuto togliere voti alla sinistra, il risultato sarebbe stato differente.<\/p>\n<p style=\"text-align: justify;\">Nessun rimpianto o rammarico. Sono convinto che nella vita nessun male venga per nuocere\u201d.<\/p>\n","protected":false},"excerpt":{"rendered":"<p><img loading=\"lazy\" decoding=\"async\" src=\"https:\/\/farm8.staticflickr.com\/7042\/13929945002_f607236853_n.jpg\" width=\"320\" height=\"213\" alt=\"Fabio Topputi\" \/><\/p>\n","protected":false},"author":1,"featured_media":0,"comment_status":"open","ping_status":"closed","sticky":false,"template":"","format":"standard","meta":{"colormag_page_container_layout":"default_layout","colormag_page_sidebar_layout":"default_layout","footnotes":""},"categories":[4],"tags":[],"class_list":["post-11949","post","type-post","status-publish","format-standard","hentry","category-politica"],"_links":{"self":[{"href":"https:\/\/archivioturi.lavocedelpaese.info\/index.php\/wp-json\/wp\/v2\/posts\/11949","targetHints":{"allow":["GET"]}}],"collection":[{"href":"https:\/\/archivioturi.lavocedelpaese.info\/index.php\/wp-json\/wp\/v2\/posts"}],"about":[{"href":"https:\/\/archivioturi.lavocedelpaese.info\/index.php\/wp-json\/wp\/v2\/types\/post"}],"author":[{"embeddable":true,"href":"https:\/\/archivioturi.lavocedelpaese.info\/index.php\/wp-json\/wp\/v2\/users\/1"}],"replies":[{"embeddable":true,"href":"https:\/\/archivioturi.lavocedelpaese.info\/index.php\/wp-json\/wp\/v2\/comments?post=11949"}],"version-history":[{"count":0,"href":"https:\/\/archivioturi.lavocedelpaese.info\/index.php\/wp-json\/wp\/v2\/posts\/11949\/revisions"}],"wp:attachment":[{"href":"https:\/\/archivioturi.lavocedelpaese.info\/index.php\/wp-json\/wp\/v2\/media?parent=11949"}],"wp:term":[{"taxonomy":"category","embeddable":true,"href":"https:\/\/archivioturi.lavocedelpaese.info\/index.php\/wp-json\/wp\/v2\/categories?post=11949"},{"taxonomy":"post_tag","embeddable":true,"href":"https:\/\/archivioturi.lavocedelpaese.info\/index.php\/wp-json\/wp\/v2\/tags?post=11949"}],"curies":[{"name":"wp","href":"https:\/\/api.w.org\/{rel}","templated":true}]}}