{"id":11920,"date":"2014-05-26T06:53:10","date_gmt":"2014-05-26T06:53:10","guid":{"rendered":"https:\/\/archivioturi.lavocedelpaese.info\/index.php\/2014\/05\/26\/necessari-progetti-mirati-al-rilancio-del-centro-storico\/"},"modified":"2014-05-26T06:53:10","modified_gmt":"2014-05-26T06:53:10","slug":"necessari-progetti-mirati-al-rilancio-del-centro-storico","status":"publish","type":"post","link":"https:\/\/archivioturi.lavocedelpaese.info\/index.php\/2014\/05\/26\/necessari-progetti-mirati-al-rilancio-del-centro-storico\/","title":{"rendered":"\u201cNecessari progetti mirati al rilancio del centro storico\u201d"},"content":{"rendered":"<p><img loading=\"lazy\" decoding=\"async\" src=\"https:\/\/farm3.staticflickr.com\/2906\/14085492570_b26c35d5b7_m.jpg\" width=\"180\" height=\"240\" alt=\"Turi Ass. I Vecchi Tempi\" \/><\/p>\n<p style=\"text-align: justify;\">Guardare e riguardare Turi, uno dei centri pi\u00f9 belli del Sud, significano aver cura della sua manutenzione ordinaria e straordinaria, della convivialit\u00e0 delle differenze delle persone che vi abitano e della consapevolezza delle risorse e dei gioielli che vi sono contenuti. Il cuore della citt\u00e0 deve ritornare a produrre profitto e ricchezza, deve essere ripopolato da giovani, da laboratori artigianali, esercizi commerciali.<\/p>\n<p style=\"text-align: justify;\">Privati e pubblico devono interagire, perch\u00e9 i beni culturali sono un patrimonio pubblico e privato, che possono creare grandi opportunit\u00e0. Nel borgo ci sono vicoli e case meno viste e apprezzate; ci sono luoghi ed edifici abbandonati alle intemperie e all\u2019incuria che lentamente vanno in rovina. Basta ricordare il Cinema Zaccheo, il Mattatoio in via Cisterna, il Mercato Coperto di via Dogali, il Mattatoio di Largo Pozzi, i tanti chiostri e conventi.<\/p>\n<p style=\"text-align: justify;\">Una delle nostre priorit\u00e0 deve essere la rivitalizzazione del borgo, come risorsa preziosa ed eccellente del sistema urbano. Occorre creare occasioni d\u2019incontro con gruppi di cittadini residenti, associazioni culturali, enti religiosi e operatori commerciali per un confronto sulle esigenze degli stessi e per mettere a fuoco indirizzi e modalit\u00e0 di intervento organici della futura Amministrazione comunale, consapevole delle gravi difficolt\u00e0 che il prossimo Consiglio Comunale e il futuro Sindaco si troveranno ad affrontare soprattutto in un tempo di profonda crisi economica e politica non solo a livello locale ma nazionale.<\/p>\n<p style=\"text-align: justify;\">Con grande umilt\u00e0 avanzo delle proposte da realizzare per risvegliare la nostra citt\u00e0. Prima di tutto occorre realizzare, con l&#8217;aiuto della futura amministrazione comunale, progetti mirati al rilancio del centro storico che ne favoriscano l&#8217;accessibilit\u00e0, la renda nuovamente attrattiva e aiuti a riqualificarne l&#8217;offerta commerciale. In poche parole manca la mobilit\u00e0 giusta per poter godere di tutto quello che pu\u00f2 offrire il centro storico. Il punto \u00e8 che il centro di Turi si \u00e8 oramai svuotato dai cittadini che ora preferiscono riversarsi nelle grandi superfici commerciali in periferia. I turesi lo frequentano sempre meno e questo fa s\u00ec che non sia pi\u00f9 considerato punto focale della vita della citt\u00e0. Il centro storico ha bisogno quindi di un&#8217;attrattiva in grado di fare da traino e di riportare la popolazione in centro. Fondamentale \u00e8 l&#8217;opera di riqualificazione delle attivit\u00e0 gi\u00e0 presenti, la promozione di eventi culturali e non, la realizzazione di una campagna di comunicazione &#8220;ad hoc&#8221; per riportare i turesi nelle vie del centro.<\/p>\n<p style=\"text-align: justify;\">Ad aiutare questa missione \u00e8 possibile creare una sorta di &#8220;infopoint&#8221; per promuovere l&#8217;offerta integrata di servizi e funzioni del borgo. Dal sito \u00e8 possibile ricevere ogni tipo d\u2019informazione: dai negozi ai ristoranti, ai monumenti, ai percorsi turistici.<\/p>\n<p style=\"text-align: justify;\">Perch\u00e9 il problema \u00e8 proprio questo, cercare di enfatizzare lo spirito del borgo e tutte quelle possibili esperienze che solo qui si possono vivere. Le attrattive, dal punto di vista architettonico e commerciale, inutile negarlo, ci sono. Occorre solo riscoprirle. La chiesetta madre, la grotta di sant\u2019Oronzo, le varie masserie devono entrare a far parte di un percorso turistico al fine di attirare l\u2019attenzione dei visitatori. Auspicabile sarebbe: rinvenire le vecchie chianche sotto il manto stradale del centro storico; assicurare un adeguato livello d\u2019illuminamento sulle strade con lampioni d\u2019epoca; creare un\u2019illuminazione d\u2019ambiente in cui tanto il piano di calpestio quanto le facciate siano illuminate; illuminare gli edifici storici di maggior rilievo, almeno per la prima met\u00e0 della notte; migliorare l&#8217;aspetto diurno della Citt\u00e0, rimuovendo i corpi illuminanti sospesi in mezzo alla strada, con tutto il loro corredo di tesate in fune d&#8217;acciaio, di conduttori elettrici ed accessori.<\/p>\n<p style=\"text-align: justify;\">Bisogna tornare ad amare Turi e, con il patrimonio culturale che abbiamo, non dovrebbe essere cos\u00ec difficile.<\/p>\n<p style=\"text-align: justify;\">Innovazione, ma anche un occhio al passato: il futuro di Turi non deve essere sganciato dalla tradizione, dagli usi e costumi popolari. Auspicabile infatti sarebbe riaprire botteghe artigianali che riportino in vita gli antichi mestieri che si sono persi nel meandro dei tempi, ma che in parte rimangono vivi nella memoria collettiva grazie ai racconti vivi di emozioni e in parte di rimpianti. Riscoprire questi antichi mestieri ma rivisti in chiave moderna: sartorie nate dall\u2019amicizia tra ragazze; botteghe dove si crea e si vende bigiotteria artigianale; giovani fabbri che coniugano l\u2019arte con l\u2019artigianalit\u00e0; decoratori di ceramica e poi ancora tessitura a mano, oreficeria artistica, restauro di poltrone e sedie. A tal fine colgo l\u2019occasione affinch\u00e9 l\u2019Amministrazione comunale concedi all\u2019interno del borgo un ampio locale all\u2019Associazione&nbsp; I Vecchi Tempi per ospitare un museo della civilt\u00e0 contadina in cui raccogliere oggetti, strumenti, attrezzi e reperti concernenti la cultura agreste riferita ad un periodo storico precedente l\u2019introduzione delle macchine agricole sul campo coltivato. Questo Museo, oltre a preservare la memoria legata alla societ\u00e0 rurale conservando e rendendo fruibili al pubblico le testimonianze \u201cmateriali\u201d e \u201cimmateriali\u201d del mondo contadino, potrebbe rivolgere la sua attenzione all\u2019ambito didattico e laboratoriale, con iniziative appositamente studiate per rendere disponibile ai docenti e agli studenti delle scuole di diverso ordine e grado.<\/p>\n<p style=\"text-align: justify;\">Questo progetto di rinascita lo affiderei ai giovani: la speranza, il futuro di Turi. Mi stringe il cuore vedere tanti nostri ragazzi allo spasso, che trascorrono le loro giornate senza speranze, senza alcune prospettive per il futuro. Tanti hanno lasciato la nostra citt\u00e0 per recarsi al Nord in cerca di una sistemazione lavorativa. Dobbiamo far in modo che quei pochi che sono rimasti non prendano cattive strade. La citt\u00e0 deve offrire loro delle certezze, nuove prospettive per il futuro.<\/p>\n<p style=\"text-align: justify;\">Un altro argomento che mi sta a cuore \u00e8 la sagra delle Ciliegie che si svolge nel mese di giugno: i giorni dolci e colorati dedicati all\u2019Oro Rosso di Turi offrono l\u2019opportunit\u00e0 di promuovere il territorio e i prodotti tipici locali. Ma passati quei giorni, tutto torna alla normalit\u00e0 e Turi torna nel dimenticatoio. Sarebbe bello invece aprire nel borgo dei negozi che puntino sulla commercializzazione di questo nostro prodotto. Ciliegie sotto spirito, marmellate di ciliegie, liquore di ciliegie, caramelle e cioccolatini ripieni alla ciliegia, ecc.<\/p>\n<p style=\"text-align: justify;\">La nostra citt\u00e0 ha bisogno di momenti di riflessione e, ora pi\u00f9 che mai, senta l\u2019importanza di associazioni che, come I Vecchi Tempi, operino in maniera volontaria e gratuita sul nostro territorio e che contribuiscano alla promozione di Un\u2019Altra Turi.<\/p>\n<p align=\"right\" style=\"text-align: justify;\"><strong><em>Paolo Borracci<\/em><\/strong><\/p>\n","protected":false},"excerpt":{"rendered":"<p><img loading=\"lazy\" decoding=\"async\" src=\"https:\/\/farm3.staticflickr.com\/2906\/14085492570_b26c35d5b7_m.jpg\" width=\"180\" height=\"240\" alt=\"Turi Ass. I Vecchi Tempi\" \/><\/p>\n","protected":false},"author":1,"featured_media":0,"comment_status":"open","ping_status":"closed","sticky":false,"template":"","format":"standard","meta":{"colormag_page_container_layout":"default_layout","colormag_page_sidebar_layout":"default_layout","footnotes":""},"categories":[4],"tags":[],"class_list":["post-11920","post","type-post","status-publish","format-standard","hentry","category-politica"],"_links":{"self":[{"href":"https:\/\/archivioturi.lavocedelpaese.info\/index.php\/wp-json\/wp\/v2\/posts\/11920","targetHints":{"allow":["GET"]}}],"collection":[{"href":"https:\/\/archivioturi.lavocedelpaese.info\/index.php\/wp-json\/wp\/v2\/posts"}],"about":[{"href":"https:\/\/archivioturi.lavocedelpaese.info\/index.php\/wp-json\/wp\/v2\/types\/post"}],"author":[{"embeddable":true,"href":"https:\/\/archivioturi.lavocedelpaese.info\/index.php\/wp-json\/wp\/v2\/users\/1"}],"replies":[{"embeddable":true,"href":"https:\/\/archivioturi.lavocedelpaese.info\/index.php\/wp-json\/wp\/v2\/comments?post=11920"}],"version-history":[{"count":0,"href":"https:\/\/archivioturi.lavocedelpaese.info\/index.php\/wp-json\/wp\/v2\/posts\/11920\/revisions"}],"wp:attachment":[{"href":"https:\/\/archivioturi.lavocedelpaese.info\/index.php\/wp-json\/wp\/v2\/media?parent=11920"}],"wp:term":[{"taxonomy":"category","embeddable":true,"href":"https:\/\/archivioturi.lavocedelpaese.info\/index.php\/wp-json\/wp\/v2\/categories?post=11920"},{"taxonomy":"post_tag","embeddable":true,"href":"https:\/\/archivioturi.lavocedelpaese.info\/index.php\/wp-json\/wp\/v2\/tags?post=11920"}],"curies":[{"name":"wp","href":"https:\/\/api.w.org\/{rel}","templated":true}]}}