{"id":11896,"date":"2014-05-19T05:23:36","date_gmt":"2014-05-19T05:23:36","guid":{"rendered":"https:\/\/archivioturi.lavocedelpaese.info\/index.php\/2014\/05\/19\/acqua-amata-turi-ce-lab2iamo-fatta-ancora\/"},"modified":"2014-05-19T05:23:36","modified_gmt":"2014-05-19T05:23:36","slug":"acqua-amata-turi-ce-lab2iamo-fatta-ancora","status":"publish","type":"post","link":"https:\/\/archivioturi.lavocedelpaese.info\/index.php\/2014\/05\/19\/acqua-amata-turi-ce-lab2iamo-fatta-ancora\/","title":{"rendered":"Acqua Amata Turi, \u201cce l\u2019aB2iamo fatta ancora\u201d!"},"content":{"rendered":"<p><img loading=\"lazy\" decoding=\"async\" src=\"https:\/\/farm6.staticflickr.com\/5545\/14033271239_16f047185b_n.jpg\" width=\"320\" height=\"186\" alt=\"squadra completa\" \/><\/p>\n<p style=\"text-align: justify;\">\u00c8 arrivata all\u2019ultima giornata di campionato la salvezza dell\u2019Acqua Amata Turi, una salvezza sudata ma ampiamente meritata. Festeggiata in casa, sabato 10 maggio, davanti al proprio pubblico, con un netto 3-0 (25-16, 25-14, 25-16) al Primo Nola, cenerentola del campionato.<\/p>\n<p style=\"text-align: justify;\"><strong>LA PARTITA <\/strong>\u2013 Mister Piero Acquaviva manda in campo la formazione migliore: capitan Raguso al palleggio, Guglielmi opposto, Cariello e Lattanzio in banda, Draganova e Di Reda centrali, con Gaudio libero. La combattente La Forgia, infortunata, si deve limitare a soffrire dalla panchina. Si soffre solo all\u2019inizio. Alla squadra turese serve un punto, che tradotto vuol dire almeno due set. I due parziali, che valgono la salvezza matematica, arrivano rapidi (25-16, 25-14), cos\u00ec coach Acquaviva pu\u00f2 far partecipare alla festa anche le giocatrici che hanno giocato meno nel corso della stagione: scendono in campo D\u2019Aprile, Pignataro e Cazzetta. La salvezza \u00e8 anche loro e lo dimostrano nel sestetto che chiude agevolmente la pratica con un netto 25-16. Nel finale c\u2019\u00e8 spazio anche per Ana Branco, in campo da centrale col numero 61. La giocatrice, chiamata in campo a gran voce dagli spalti, si \u00e8 pure tolta la soddisfazione di portare un punto alla squadra.<\/p>\n<p style=\"text-align: justify;\"><strong>I COMMENTI \u2013<\/strong> Il punteggio parla chiaro: troppo netti i valori in campo, troppo diverse le motivazioni con cui le due formazioni si sono affrontate. Bastava un punto all\u2019Acqua Amata, ne sono arrivati tre. La formazione del presidente Iacovazzi ha cos\u00ec chiuso il proprio campionato a quota 31, in decima posizione, lasciandosi la zona rossa 5 lunghezze pi\u00f9 gi\u00f9. La Demo.Co.S. Cutrofiano ha concluso nettamente prima, a quota 70. Nella zona alta si \u00e8 consumato, per\u00f2, il dramma sportivo dell\u2019Europea92 di Isernia, seconda alla vigilia dell\u2019ultima giornata ma, in seguito alla sconfitta contro la Fiamma Torrese, scivolata in quarta posizione, scavalcata sia dall\u2019Assi Manzoni Brindisi che dall\u2019Orakom Virtus Salerno.<\/p>\n<p style=\"text-align: justify;\">Per una squadra che si dispera, per\u00f2, ce n\u2019\u00e8 una, l\u2019Acqua Amata, che pu\u00f2 esplodere di gioia e indossare, a fine gara, la maglia con la scritta \u201cce l\u2019aB2iamo fatta ancora\u201d, in onore della permanenza nella serie B2.<\/p>\n<p style=\"text-align: justify;\">Il principale artefice di questa vittoria \u00e8 stato l\u2019allenatore Piero Acquaviva, che ha saputo portare la squadra a livelli di gioco sempre pi\u00f9 alti, nonostante i pochissimi cambi a disposizione e i tanti infortuni.<\/p>\n<p style=\"text-align: justify;\">L\u2019abbiamo intervistato quando ancora il Palazzetto ballava.<\/p>\n<p style=\"text-align: justify;\"><strong>Salvezza sofferta fino all\u2019ultimo, ma ora \u00e8 fatta.<\/strong><\/p>\n<p style=\"text-align: justify;\">\u201cPurtroppo ci siamo complicati noi la vita. Abbiamo perso in casa degli scontri diretti con Benevento, con Mesagne. Le ragazze, per\u00f2, hanno avuto la capacit\u00e0 di continuare a lavorare sempre. Sono state brave a non mollare mai, nonostante siamo stati per un bel periodo nella zona rossa. Non \u00e8 facile continuare a crederci vedendo che chi sta lottando con te, come il Mesagne, va a vincere con squadre come il Brindisi. La forza \u00e8 stata nel gruppo, a cominciare dai dirigenti, dal preparatore atletico, dal fisioterapista, che \u00e8 stato quel qualcosa in pi\u00f9 che ci ha permesso di gestire al meglio un anno non proprio fortunato dal punto di vista fisico. Ci sono stati tanti infortuni, in parecchie partite ho dovuto rinunciare a Barbara (Guglielmi) e Giulia (Cariello) ma le altre si sono fatte trovare pronte. Il terzo set \u00e8 il premio finale a chi ha dato tutto in allenamento, anche se si \u00e8 vista poco in campo, e oggi ha dimostrato gioco di squadra, crescita tecnica e maturit\u00e0 tattica. Spero sia servito per la crescita individuale di ognuna di esse, con l\u2019augurio che possano arrivare a giocare anche in categorie superiori\u201d.<\/p>\n<p style=\"text-align: justify;\"><strong>Quali sono i programmi dei prossimi giorni?<\/strong><\/p>\n<p style=\"text-align: justify;\">\u201cPer ora le lasciamo festeggiare e poi, dalla settimana prossima, faremo qualche allenamento per lavorare sulla tecnica\u201d.<\/p>\n<p style=\"text-align: justify;\"><strong>Quindi il futuro dell\u2019Acqua Amata \u00e8 con Piero Acquaviva?<\/strong><\/p>\n<p style=\"text-align: justify;\">\u201cPerch\u00e9 no? Ora parleremo con la societ\u00e0 e valuteremo le idee che ci sono\u201d.<\/p>\n<p style=\"text-align: justify;\"><strong>C\u2019\u00e8 stato qualche momento in cui ha temuto che la salvezza non sarebbe stata raggiunta?<\/strong><\/p>\n<p style=\"text-align: justify;\">\u201cCerto, da settembre. \u2013 scherza \u2013 Il nostro obiettivo \u00e8 sempre stato alla portata. Abbiamo penato un po\u2019 ma sono soddisfatto per averlo raggiunto con tutta la squadra, compresi il fisioterapista, il preparatore atletico, Ana Branco che \u00e8 stata scout man, assistente e dodicesima giocatrice, Giuseppe Mangini che, oltre ad essere secondo allenatore, \u00e8 stato giocatore negli allenamenti. Lavorare con questa sinergia \u00e8 molto facile per un allenatore. Il merito di questa salvezza \u00e8 di tutti\u201d.<\/p>\n<p style=\"text-align: justify;\">Quest\u2019anno sono state poste le basi per un grande progetto. Da queste si potr\u00e0 costruire per volare in alto. La strada \u00e8 quella giusta.<\/p>\n<p><object width=\"640\" height=\"480\"><param name=\"flashvars\" value=\"offsite=true&amp;lang=it-it&amp;page_show_url=%2Fphotos%2F91470992%40N02%2Fsets%2F72157644688015486%2Fshow%2F&amp;page_show_back_url=%2Fphotos%2F91470992%40N02%2Fsets%2F72157644688015486%2F&amp;set_id=72157644688015486&amp;jump_to=\" \/><param name=\"movie\" value=\"https:\/\/www.flickr.com\/apps\/slideshow\/show.swf?v=143270\" \/><param name=\"allowFullScreen\" value=\"true\" \/><embed type=\"application\/x-shockwave-flash\" src=\"https:\/\/www.flickr.com\/apps\/slideshow\/show.swf?v=143270\" allowfullscreen=\"true\" flashvars=\"offsite=true&amp;lang=it-it&amp;page_show_url=%2Fphotos%2F91470992%40N02%2Fsets%2F72157644688015486%2Fshow%2F&amp;page_show_back_url=%2Fphotos%2F91470992%40N02%2Fsets%2F72157644688015486%2F&amp;set_id=72157644688015486&amp;jump_to=\" width=\"640\" height=\"480\" \/><\/object><\/p>\n","protected":false},"excerpt":{"rendered":"<p><img loading=\"lazy\" decoding=\"async\" src=\"https:\/\/farm6.staticflickr.com\/5545\/14033271239_16f047185b_n.jpg\" width=\"320\" height=\"186\" alt=\"squadra completa\" \/><\/p>\n","protected":false},"author":1,"featured_media":0,"comment_status":"open","ping_status":"closed","sticky":false,"template":"","format":"standard","meta":{"colormag_page_container_layout":"default_layout","colormag_page_sidebar_layout":"default_layout","footnotes":""},"categories":[5],"tags":[],"class_list":["post-11896","post","type-post","status-publish","format-standard","hentry","category-sport"],"_links":{"self":[{"href":"https:\/\/archivioturi.lavocedelpaese.info\/index.php\/wp-json\/wp\/v2\/posts\/11896","targetHints":{"allow":["GET"]}}],"collection":[{"href":"https:\/\/archivioturi.lavocedelpaese.info\/index.php\/wp-json\/wp\/v2\/posts"}],"about":[{"href":"https:\/\/archivioturi.lavocedelpaese.info\/index.php\/wp-json\/wp\/v2\/types\/post"}],"author":[{"embeddable":true,"href":"https:\/\/archivioturi.lavocedelpaese.info\/index.php\/wp-json\/wp\/v2\/users\/1"}],"replies":[{"embeddable":true,"href":"https:\/\/archivioturi.lavocedelpaese.info\/index.php\/wp-json\/wp\/v2\/comments?post=11896"}],"version-history":[{"count":0,"href":"https:\/\/archivioturi.lavocedelpaese.info\/index.php\/wp-json\/wp\/v2\/posts\/11896\/revisions"}],"wp:attachment":[{"href":"https:\/\/archivioturi.lavocedelpaese.info\/index.php\/wp-json\/wp\/v2\/media?parent=11896"}],"wp:term":[{"taxonomy":"category","embeddable":true,"href":"https:\/\/archivioturi.lavocedelpaese.info\/index.php\/wp-json\/wp\/v2\/categories?post=11896"},{"taxonomy":"post_tag","embeddable":true,"href":"https:\/\/archivioturi.lavocedelpaese.info\/index.php\/wp-json\/wp\/v2\/tags?post=11896"}],"curies":[{"name":"wp","href":"https:\/\/api.w.org\/{rel}","templated":true}]}}