{"id":11888,"date":"2014-05-12T15:31:32","date_gmt":"2014-05-12T15:31:32","guid":{"rendered":"https:\/\/archivioturi.lavocedelpaese.info\/index.php\/2014\/05\/12\/scrivi-arianna\/"},"modified":"2014-05-12T15:31:32","modified_gmt":"2014-05-12T15:31:32","slug":"scrivi-arianna","status":"publish","type":"post","link":"https:\/\/archivioturi.lavocedelpaese.info\/index.php\/2014\/05\/12\/scrivi-arianna\/","title":{"rendered":"Non \u00e8 ora di cambiare?"},"content":{"rendered":"<p><img loading=\"lazy\" decoding=\"async\" src=\"https:\/\/farm8.staticflickr.com\/7395\/14167415112_93750f3fdf_o.jpg\" width=\"246\" height=\"281\" alt=\"banner-cani-e-porci\"><\/p>\n<div>&nbsp;<\/div>\n<p style=\"text-align: justify;\">Ricordate l\u2019ultimo comizio di Boccardi? Era in piazza Silvio Orlandi e prometteva di trovare i soldi per la statale 172\u2026 In tutti questi anni non \u00e8 stato fatto nulla.&nbsp;<\/p>\n<div>\n<p style=\"text-align: justify;\">L\u2019unica strada che \u00e8 stata asfaltata, ampliata e ben illuminata &#8211; <em>tanto la corrente non si paga<\/em> &#8211; \u00e8 stata quella che porta a villa Menelao, mentre Turi fa a gara con l\u2019Afganistan per le buche pi\u00f9 profonde e la nostra Villa \u00e8 sempre pi\u00f9 al buio.&nbsp;<\/p>\n<p style=\"text-align: right;\"><strong><em>Arianna Gasparro<\/em><\/strong><\/p>\n<p> <img loading=\"lazy\" decoding=\"async\" style=\"display: block; margin-left: auto; margin-right: auto;\" src=\"https:\/\/farm3.staticflickr.com\/2907\/14146737976_210edb9902_o.jpg\" alt=\"Cani-e-Porci-web\" width=\"640\" height=\"914\" \/><\/div>\n","protected":false},"excerpt":{"rendered":"<p><img loading=\"lazy\" decoding=\"async\" src=\"https:\/\/farm8.staticflickr.com\/7395\/14167415112_93750f3fdf_o.jpg\" width=\"246\" height=\"281\" alt=\"banner-cani-e-porci\"><\/p>\n","protected":false},"author":1,"featured_media":0,"comment_status":"open","ping_status":"closed","sticky":false,"template":"","format":"standard","meta":{"colormag_page_container_layout":"default_layout","colormag_page_sidebar_layout":"default_layout","footnotes":""},"categories":[4],"tags":[],"class_list":["post-11888","post","type-post","status-publish","format-standard","hentry","category-politica"],"_links":{"self":[{"href":"https:\/\/archivioturi.lavocedelpaese.info\/index.php\/wp-json\/wp\/v2\/posts\/11888","targetHints":{"allow":["GET"]}}],"collection":[{"href":"https:\/\/archivioturi.lavocedelpaese.info\/index.php\/wp-json\/wp\/v2\/posts"}],"about":[{"href":"https:\/\/archivioturi.lavocedelpaese.info\/index.php\/wp-json\/wp\/v2\/types\/post"}],"author":[{"embeddable":true,"href":"https:\/\/archivioturi.lavocedelpaese.info\/index.php\/wp-json\/wp\/v2\/users\/1"}],"replies":[{"embeddable":true,"href":"https:\/\/archivioturi.lavocedelpaese.info\/index.php\/wp-json\/wp\/v2\/comments?post=11888"}],"version-history":[{"count":0,"href":"https:\/\/archivioturi.lavocedelpaese.info\/index.php\/wp-json\/wp\/v2\/posts\/11888\/revisions"}],"wp:attachment":[{"href":"https:\/\/archivioturi.lavocedelpaese.info\/index.php\/wp-json\/wp\/v2\/media?parent=11888"}],"wp:term":[{"taxonomy":"category","embeddable":true,"href":"https:\/\/archivioturi.lavocedelpaese.info\/index.php\/wp-json\/wp\/v2\/categories?post=11888"},{"taxonomy":"post_tag","embeddable":true,"href":"https:\/\/archivioturi.lavocedelpaese.info\/index.php\/wp-json\/wp\/v2\/tags?post=11888"}],"curies":[{"name":"wp","href":"https:\/\/api.w.org\/{rel}","templated":true}]}}