{"id":11866,"date":"2014-04-30T09:15:36","date_gmt":"2014-04-30T09:15:36","guid":{"rendered":"https:\/\/archivioturi.lavocedelpaese.info\/index.php\/2014\/04\/30\/cio-che-viene-ricordato-oggi-e-anche-il-nostro-metodo-di-governo\/"},"modified":"2014-04-30T09:15:36","modified_gmt":"2014-04-30T09:15:36","slug":"cio-che-viene-ricordato-oggi-e-anche-il-nostro-metodo-di-governo","status":"publish","type":"post","link":"https:\/\/archivioturi.lavocedelpaese.info\/index.php\/2014\/04\/30\/cio-che-viene-ricordato-oggi-e-anche-il-nostro-metodo-di-governo\/","title":{"rendered":"Ci\u00f2 che viene ricordato oggi \u00e8 anche il nostro \u201cmetodo di governo\u201d"},"content":{"rendered":"<p><img loading=\"lazy\" decoding=\"async\" src=\"https:\/\/farm3.staticflickr.com\/2935\/14046833065_e15a3763ac_n.jpg\" width=\"320\" height=\"213\" alt=\"Menino Coppi\" \/><\/p>\n<p style=\"text-align: justify;\">\u201cLa voce del paese\u201d incontra il dott. Menino Coppi, ex Sindaco di Turi e neo candidato sindaco per le amministrative 2014. Un viaggio tra passato, presente e futuro, una storia comune e nota ai turesi, fatta di poche luci e molte ombre, che hanno portato Turi a quello che \u00e8 oggi. L\u2019impegno rinnovato del dott. Menino e la speranza di poter nuovamente cambiare la storia del paese.<\/p>\n<p style=\"text-align: justify;\"><strong>La sua passata esperienza amministrativa da Sindaco sembra essere un valore aggiunto. Una grande responsabilit\u00e0, dunque. Cosa ne pensa e cosa vorrebbe dire a chi l\u2019ha scelta?<\/strong><\/p>\n<p style=\"text-align: justify;\">\u201cIn passato abbiamo fatto questa esperienza che \u00e8 stata molto positiva, per\u00f2 sono consapevole del fatto che questa sia un\u2019altra \u201cepoca\u201d, sono cambiate moltissime cose. In quel periodo abbiamo fatto molto per Turi, ma credo soprattutto che ci\u00f2 che viene ricordato oggi sia anche un \u201cmetodo di governo\u201d: nella cosa pubblica ci sono moltissime questioni che si possono risolvere e altre no, ma fondamentale \u00e8 lo stile di governo e di amministrazione che si assume. Noi abbiamo adottato un metodo privo di interessi personali, di massima trasparenza, e credo che questo dopo tanti anni si ricordi\u201d.<\/p>\n<p style=\"text-align: justify;\"><strong>E cosa direbbe a chi l\u2019ha voluta come candidato sindaco?<\/strong><\/p>\n<p style=\"text-align: justify;\">\u201cDirei che mi hanno dato una bella responsabilit\u00e0 e sono lusingato e grato dei giudizi che sono stati espressi sulla mia persona. Chiedo ovviamente a tutti di dare una mano, perch\u00e9 sono convinto del fatto che da soli non si faccia assolutamente nulla. C\u2019\u00e8 bisogno di supporto, sostegno. Inoltre, io aborro gli \u201cyes man\u201d, quelle persone che dicono sempre s\u00ec: &nbsp;attorno a me ho bisogno di persone che mi mettano dei punti interrogativi nella testa, perch\u00e9 solo cosi si riescono a risolvere i problemi\u201d.<\/p>\n<p style=\"text-align: justify;\"><strong>Cosa pensa dell\u2019ex amministrazione De Grisantis? <\/strong><\/p>\n<p style=\"text-align: justify;\">\u201cIo sono convinto che quell\u2019amministrazione abbia lavorato molto bene, sono state fatte molte cose importanti in quel periodo. Credo invece che le amministrazioni di centro destra successive abbiano portato poi al degrado attuale\u201d.<\/p>\n<p style=\"text-align: justify;\"><strong>All\u2019inizio aveva declinato l\u2019invito a candidarsi, indicando, lei stesso, come candidato ideale del PD Annarita Rossi. Poi sappiamo come \u00e8 andata. Lei ha ripreso il dialogo. Si aspetta il suo appoggio?<\/strong><\/p>\n<p style=\"text-align: justify;\">\u201cAnnarita Rossi era stata designata non solo da me, ma da tutto il PD a candidato sindaco. Ad un certo punto penso ci sia stata una divergenza di punti di vista sulla linea politica da seguire. Annarita propendeva pi\u00f9 verso una lista che potesse tener dentro solamente il PD, mentre la maggioranza del partito ha ritenuto necessario e utile far alleanza con gli altri partiti del centro sinistra e con una lista civica. Questa divergenza di pensiero politico non scalfisce ci\u00f2 che io penso di Annarita, perch\u00e9 \u00e8 una persona validissima; per questo spero possa tornare presto a dare il suo contributo\u201d.<\/p>\n<p style=\"text-align: justify;\"><strong>L\u2019urbanistica e gli interessi ad essa collegati decretarono la sua non rielezione. Quale idea dell\u2019urbanistica intravede per Turi?<\/strong><\/p>\n<p style=\"text-align: justify;\">\u201cLa situazione attualmente \u00e8 molto diversa: allora noi fummo la prima amministrazione che adott\u00f2 un piano regolatore, potremmo dire il&nbsp; primo piano regolatore della storia di Turi. Naturalmente con questo piano andammo a toccare degli interessi, tanto che con la successiva amministrazione di centro destra fu cestinato; noi lo facemmo senza avere alcun interesse personale. Oggi la situazione \u00e8 completamente diversa, anzi devo dire che se fosse andato in porto quel piano regolatore non avremmo avuto tutta questa cementificazione. Ora i piani urbanistici ci sono, bisogna solo attuarli. Avendo un surplus di abitazioni e un conseguente calo del prezzo degli immobili, la strada della cementificazione deve ritenersi chiusa, non dovremmo pi\u00f9 utilizzare altro territorio di quanto non ne sia gi\u00e0 stato utilizzato, abbiamo invece bisogno di dare i servizi a tutte queste abitazioni che sono state costruite, il verde, le piazze i giardini, i giochi per bambini, per non essere pi\u00f9 un \u201cpaese dormitorio\u201d. Credo che un\u2019amministrazione che voglia fare l\u2019interesse del paese debba fare innanzitutto questo. Dobbiamo poi pensare alla riqualificazione dei quartieri che si stanno svuotando e, in generale, riqualificare il paese: si tratta di un progetto di grande respiro, ma che secondo me si deve fare\u201d.<\/p>\n<p style=\"text-align: justify;\"><strong>Onofrio Resta \u00e8 andato a casa, pare, per uno scontro su tasse e Tarsu. Un commento sulle prospettive finanziarie dell\u2019ente: alzer\u00e0 le tasse?<\/strong><\/p>\n<p style=\"text-align: justify;\">\u201cQuesto tenteremo di non farlo, per\u00f2 siamo consapevoli del fatto che abbiamo una situazione di bilancio piuttosto critica e si sa benissimo che molte volte la questione delle tasse \u00e8 dovuta anche ad imposizioni nazionali. \u00c8 il Governo che impone ai Comuni di mettere tasse, perch\u00e9 si sono ridotti tantissimo i trasferimenti dallo Stato verso gli Enti. \u00c8 chiaro che bisogna fare un\u2019operazione che in primo luogo riduca gli sprechi che ci sono, che riorganizzi la macchina amministrativa, che la renda pi\u00f9 efficace, che razionalizzi le spese, ad esempio sulla pubblica illuminazione o su tantissimi altri elementi. Questo naturalmente sar\u00e0 un lavoro prioritario e ovviamente speriamo di non aumentarle le tasse\u201d.<\/p>\n<p style=\"text-align: justify;\"><strong>Durante la presentazione del simbolo \u201cImpegno comune per Turi\u201d ha parlato di Turi come un paese con bassissima autostima. Da psicologo, potrebbe spiegarci questo stato di rassegnazione dei cittadini?<\/strong><\/p>\n<p style=\"text-align: justify;\">\u201cNoi non ci amiamo molto, vedo che nessuno si sente orgoglioso di dire che abita a Turi. C\u2019\u00e8 una sorta di rassegnazione, molti giovani vanno via. Probabilmente per certi aspetti questo paese si mostra triste e io credo che dobbiamo sovvertire questa tendenza, perch\u00e9 abbiamo tutte le qualit\u00e0 affinch\u00e9 questo paese diventi attraente. Se c\u2019\u00e8 gente che arriva a Turi significa che abbiamo delle qualit\u00e0 attrattive, che sia la posizione geografica, il centro storico o la campagna, tuttavia questi aspetti gli altri li vedono e noi no. Noi dobbiamo prima di tutto essere consapevoli di avere questi valori e poi di enfatizzarli, perch\u00e9 questo pu\u00f2 anche accrescere l\u2019economia. Per questo dico che dobbiamo aumentare la nostra autostima e divenire consapevoli del fatto che siamo diventati pi\u00f9 grandi, in pochi anni abbiamo aumentato del 20% la nostra popolazione, questo vuol dire che per qualche motivo la gente ci viene a vivere qui, ci vuol vivere e non solamente dormire. Dare opportunit\u00e0 e servizi ovviamente non \u00e8 un lavoro n\u00e9 facile n\u00e9 di poca durata\u201d.<\/p>\n<p style=\"text-align: justify;\"><strong>Cosa pensa degli altri schieramenti con cui si dovr\u00e0 scontrare? Se lei ed il suo gruppo non foste scesi in campo, chi avrebbe scelto?<\/strong><\/p>\n<p style=\"text-align: justify;\">\u201cNoi saremmo scesi comunque in campo. Penso inoltre che la popolazione di Turi dovrebbe fare una riflessione: le ultime due amministrazioni, gestite dal centro destra, hanno entrambe fallito, sia con l\u2019amministrazione Gigantelli, si con quella Resta, che ha concluso molto prematuramente il suo cammino per incomprensioni interne. Credo che i turesi dovrebbero meditare sul fatto che questi amministratori non sono stati in grado di amministrare e trarne le opportune valutazioni. Spero invece che i cittadini possano avere in noi un punto di riferimento per pensare ad un\u2019amministrazione migliore per Turi, perch\u00e9 questo paese lo merita\u201d.&nbsp;<\/p>\n","protected":false},"excerpt":{"rendered":"<p><img loading=\"lazy\" decoding=\"async\" src=\"https:\/\/farm3.staticflickr.com\/2935\/14046833065_e15a3763ac_n.jpg\" width=\"320\" height=\"213\" alt=\"Menino Coppi\" \/><\/p>\n","protected":false},"author":1,"featured_media":0,"comment_status":"open","ping_status":"closed","sticky":false,"template":"","format":"standard","meta":{"colormag_page_container_layout":"default_layout","colormag_page_sidebar_layout":"default_layout","footnotes":""},"categories":[4],"tags":[],"class_list":["post-11866","post","type-post","status-publish","format-standard","hentry","category-politica"],"_links":{"self":[{"href":"https:\/\/archivioturi.lavocedelpaese.info\/index.php\/wp-json\/wp\/v2\/posts\/11866","targetHints":{"allow":["GET"]}}],"collection":[{"href":"https:\/\/archivioturi.lavocedelpaese.info\/index.php\/wp-json\/wp\/v2\/posts"}],"about":[{"href":"https:\/\/archivioturi.lavocedelpaese.info\/index.php\/wp-json\/wp\/v2\/types\/post"}],"author":[{"embeddable":true,"href":"https:\/\/archivioturi.lavocedelpaese.info\/index.php\/wp-json\/wp\/v2\/users\/1"}],"replies":[{"embeddable":true,"href":"https:\/\/archivioturi.lavocedelpaese.info\/index.php\/wp-json\/wp\/v2\/comments?post=11866"}],"version-history":[{"count":0,"href":"https:\/\/archivioturi.lavocedelpaese.info\/index.php\/wp-json\/wp\/v2\/posts\/11866\/revisions"}],"wp:attachment":[{"href":"https:\/\/archivioturi.lavocedelpaese.info\/index.php\/wp-json\/wp\/v2\/media?parent=11866"}],"wp:term":[{"taxonomy":"category","embeddable":true,"href":"https:\/\/archivioturi.lavocedelpaese.info\/index.php\/wp-json\/wp\/v2\/categories?post=11866"},{"taxonomy":"post_tag","embeddable":true,"href":"https:\/\/archivioturi.lavocedelpaese.info\/index.php\/wp-json\/wp\/v2\/tags?post=11866"}],"curies":[{"name":"wp","href":"https:\/\/api.w.org\/{rel}","templated":true}]}}