{"id":11859,"date":"2014-04-28T07:45:40","date_gmt":"2014-04-28T07:45:40","guid":{"rendered":"https:\/\/archivioturi.lavocedelpaese.info\/index.php\/2014\/04\/28\/e-fu-fiera\/"},"modified":"2014-04-28T07:45:40","modified_gmt":"2014-04-28T07:45:40","slug":"e-fu-fiera","status":"publish","type":"post","link":"https:\/\/archivioturi.lavocedelpaese.info\/index.php\/2014\/04\/28\/e-fu-fiera\/","title":{"rendered":"E fu \u2026 fiera!"},"content":{"rendered":"<p><img loading=\"lazy\" decoding=\"async\" src=\"https:\/\/farm6.staticflickr.com\/5596\/14023455796_5b090d6888_n.jpg\" width=\"320\" height=\"157\" alt=\" I commercianti hanno un messaggio chi ha affossato la fiera\" \/><\/p>\n<p style=\"text-align: justify;\">Pi\u00f9 che una Fiera di Santa Lucia, quella che si \u00e8 presentata agli occhi dei turesi ? stata solo un incontro di poche bancarelle, circa una decina.<\/p>\n<p style=\"text-align: justify;\">Numerosi i commenti di amarezza e delusione dalle voci di quanti, nella mattinata del 24 aprile, avevano per tradizione, l\u2019usanza di passeggiare per le vie cittadine alla ricerca di qualcosa da acquistare, o semplicemente commentare le novit\u00e0 per l\u2019estate.<\/p>\n<p style=\"text-align: justify;\">Purtroppo, l\u2019alto costo per l\u2019affitto del suolo pubblico per i commercianti sembra aver frenato anche i pi\u00f9 costanti. Pare, infatti, che questo variasse dalle 70 alle 120 euro, a cui dovrebbe aggiungersi la spesa per la SUAP, pagata con un bonifico di 75 euro.<\/p>\n<p style=\"text-align: justify;\">Era un tempo la Fiera della Lana e del Bestiame, oggi, nel 2014, \u00e8 solo un ricordo.<\/p>\n<p style=\"text-align: justify;\">Questi i post che qualche nostro lettore ci ha lasciato in bacheca:<\/p>\n<p style=\"text-align: justify;\"><strong>Anna Maria Loisi <\/strong>deserto&#8230;&#8230;<\/p>\n<p style=\"text-align: justify;\"><strong>Rossella Chiarappa<\/strong> Deserto<\/p>\n<p style=\"text-align: justify;\"><strong>Maria Dell&#8217;Aera<\/strong> Deserto&#8230;.forever<\/p>\n<p style=\"text-align: justify;\"><strong>Pasquita Romanazzi<\/strong> Deserto<\/p>\n<p style=\"text-align: justify;\"><strong>Raffaele Valentini<\/strong> DeserT uri&#8230;&#8230;&#8230;&#8230;..<\/p>\n<p style=\"text-align: justify;\"><strong>Flora Vacchiano<\/strong> degrado<\/p>\n<p style=\"text-align: justify;\"><strong>Pasquale Di Pinto<\/strong> Pi\u00f9 passa il tempo pi\u00f9 vicino all&#8217;Africa &#8230;&#8230;.<\/p>\n<p style=\"text-align: justify;\"><strong>Sara Spada<\/strong> Che vergogna!<\/p>\n<p style=\"text-align: justify;\"><strong>Francesco Roberto<\/strong> stiamo diventando un paese dormitorio &#8230;&#8230;che desolazione!!!!!!!<\/p>\n<p style=\"text-align: justify;\"><strong>Mimma Laruccia<\/strong> Il nulla. . Bravi braviiiiii &#8230;&#8230;. Ringraziamo chi ha ridotto il paese cos\u00ec<\/p>\n<p style=\"text-align: justify;\"><strong>Giuseppe de Pasquale<\/strong> andate ancora a votare i personaggi che hanno ridotto cos\u00ec turi ,e fra poco non avrete neanche il poliambulatorio se cos\u00ec si pu\u00f2 chiamare .meditate gente meditate .ciao pino<\/p>\n<p style=\"text-align: justify;\"><strong>Terry Sabino Vacchiano<\/strong> Il deserto e piu popolato<\/p>\n<p style=\"text-align: justify;\"><strong>Leonardo Lerede<\/strong> Il poliambulatorio oramai \u00e8 diventato un ambulatorio perch\u00e9 alcune tipologie di visite non si fanno pi\u00f9 come l&#8217;endocrinologia&#8230; Mentre Turi non \u00e8 che sta diventando ma lo \u00e8 gi\u00e0 da tempo un paese dormitorio&#8230; Tra le grandi opere non si riesce nemmeno a sostituire lo scivolo per i bambini in villa!!!<\/p>\n","protected":false},"excerpt":{"rendered":"<p><img loading=\"lazy\" decoding=\"async\" src=\"https:\/\/farm6.staticflickr.com\/5596\/14023455796_5b090d6888_n.jpg\" width=\"320\" height=\"157\" alt=\" I commercianti hanno un messaggio chi ha affossato la fiera\" \/><\/p>\n","protected":false},"author":1,"featured_media":0,"comment_status":"open","ping_status":"closed","sticky":false,"template":"","format":"standard","meta":{"colormag_page_container_layout":"default_layout","colormag_page_sidebar_layout":"default_layout","footnotes":""},"categories":[7],"tags":[],"class_list":["post-11859","post","type-post","status-publish","format-standard","hentry","category-attualita"],"_links":{"self":[{"href":"https:\/\/archivioturi.lavocedelpaese.info\/index.php\/wp-json\/wp\/v2\/posts\/11859","targetHints":{"allow":["GET"]}}],"collection":[{"href":"https:\/\/archivioturi.lavocedelpaese.info\/index.php\/wp-json\/wp\/v2\/posts"}],"about":[{"href":"https:\/\/archivioturi.lavocedelpaese.info\/index.php\/wp-json\/wp\/v2\/types\/post"}],"author":[{"embeddable":true,"href":"https:\/\/archivioturi.lavocedelpaese.info\/index.php\/wp-json\/wp\/v2\/users\/1"}],"replies":[{"embeddable":true,"href":"https:\/\/archivioturi.lavocedelpaese.info\/index.php\/wp-json\/wp\/v2\/comments?post=11859"}],"version-history":[{"count":0,"href":"https:\/\/archivioturi.lavocedelpaese.info\/index.php\/wp-json\/wp\/v2\/posts\/11859\/revisions"}],"wp:attachment":[{"href":"https:\/\/archivioturi.lavocedelpaese.info\/index.php\/wp-json\/wp\/v2\/media?parent=11859"}],"wp:term":[{"taxonomy":"category","embeddable":true,"href":"https:\/\/archivioturi.lavocedelpaese.info\/index.php\/wp-json\/wp\/v2\/categories?post=11859"},{"taxonomy":"post_tag","embeddable":true,"href":"https:\/\/archivioturi.lavocedelpaese.info\/index.php\/wp-json\/wp\/v2\/tags?post=11859"}],"curies":[{"name":"wp","href":"https:\/\/api.w.org\/{rel}","templated":true}]}}