{"id":11846,"date":"2014-04-22T11:20:10","date_gmt":"2014-04-22T11:20:10","guid":{"rendered":"https:\/\/archivioturi.lavocedelpaese.info\/index.php\/2014\/04\/22\/impegno-per-turi-incomprensibile-rottura\/"},"modified":"2014-04-22T11:20:10","modified_gmt":"2014-04-22T11:20:10","slug":"impegno-per-turi-incomprensibile-rottura","status":"publish","type":"post","link":"https:\/\/archivioturi.lavocedelpaese.info\/index.php\/2014\/04\/22\/impegno-per-turi-incomprensibile-rottura\/","title":{"rendered":"Impegno per Turi? Incomprensibile rottura"},"content":{"rendered":"<p><img loading=\"lazy\" decoding=\"async\" src=\"https:\/\/farm8.staticflickr.com\/7418\/13967142593_389a408117.jpg\" width=\"320\" height=\"240\" alt=\"Il Consigliere Regionale Boccardi Michele\" \/><\/p>\n<p style=\"text-align: justify;\"><em>Quali sono le motivazioni del fermento che si \u00e8 respirato e si respira nel centro destra? Nomi, idee, dubbi, conferme che hanno alimentato le pagine di politica dei giornali locali e le versioni di strada che hanno come comune denominatore il consigliere regionale dott. Michele Boccardi.. <\/em><\/p>\n<p style=\"text-align: justify;\"><em>Abbiamo voluto incontrarlo per avere qualche informazione in merito.<\/em><\/p>\n<p style=\"text-align: justify;\"><strong>Da ogni lato si parla del suo essere &#8220;l&#8217;architetto&#8221; della politica del centro destra turese e in parte l&#8217;ha dimostrato uscendo allo scoperto con il primo candidato sindaco: &nbsp;Sandro Laera. Qual \u00e8 la sua opinione?<\/strong><\/p>\n<p style=\"text-align: justify;\">\u201cLa scelta di Sandro Laera \u00e8 nata dalla volont\u00e0 di tutte le forze politiche Forza Italia, Fratelli d&#8217;Italia, Puglia Protagonista, che hanno firmato il nuovo patto programmatico-politico, che pone alla base la volont\u00e0 di intraprendere un nuovo modo di concepire l&#8217;amministrazione pubblica: responsabilit\u00e0, competenza e collegialit\u00e0 nelle scelte.<\/p>\n<p style=\"text-align: justify;\">Io ho avvallato e appoggiato questo nuovo modello, basato anche su un concetto fondamentale che \u00e9 il rinnovamento, ho condiviso i criteri e la scelta del nome del candidato Sindaco\u201d.<\/p>\n<p style=\"text-align: justify;\"><strong>Per quale motivo si \u00e8 interrotto il dialogo avviato con Impegno per Turi?<\/strong><\/p>\n<p style=\"text-align: justify;\">\u201cCon \u201cImpegno per Turi\u201d, da parte mia e di tutti gli amici della coalizione del centrodestra, non c&#8217;\u00e8 stata nessuna rottura traumatica. Massima considerazione e rispetto per il leader Franco Mercieri che, a mio modo di vedere, rappresentava la migliore sintesi per unire le coalizioni. Tengo a precisare che l&#8217;appoggio a Sandro Laera (consigliere comunale di \u201cImpegno per Turi\u201d) era secondo noi il modo migliore per condividere il progetto politico, poi purtroppo tutto si \u00e8 arenato per difficolt\u00e0 che onestamente non ho compreso\u201d.<\/p>\n<p style=\"text-align: justify;\"><strong>Anche questa volta tanti giovani e new entry. L&#8217;esperienza in politica quanto conta?<\/strong><\/p>\n<p style=\"text-align: justify;\">\u201cL\u2019esperienza in politica si acquisisce amministrando direttamente, quotidianamente e stando a contatto con la gente, ascoltare le loro proposte e rispondere alle loro esigenze di abitanti di una cittadina. Per ascoltare i cittadini e trasformare le loro richieste in una buona amministrazione non \u00e8 indispensabile essere un professionista, bens\u00ec un grande lavoratore e solo un grande lavoratore pu\u00f2 conoscere le esigenze del cittadino. Poi, anche gli stessi \u201cesperti\u201d hanno iniziato da zero; per amministrare \u00e8 sufficiente tanta buona volont\u00e0 e tanta voglia di studiare e alle new entry questo non manca\u201d.<\/p>\n<p style=\"text-align: justify;\"><strong>Franco D&#8217;Addabbo cosa rappresenta per lei e per il suo gruppo?<\/strong><\/p>\n<p style=\"text-align: justify;\">\u201cFranco D\u2019Addabbo \u00e8 una risorsa importante per il gruppo e soprattutto per le \u2018nuove leve\u2019, poich\u00e8 rappresenta l\u2019esperienza che \u00e8 indispensabile in un gruppo di giovani che manifestano entusiasmo e voglia di rinnovare una citt\u00e0. D&#8217;Addabbo ha tanta capacit\u00e0 politica acquisita nel corso di tanti anni.&nbsp; E le cosiddette new entry ne trarranno benefici per il presente e per il futuro\u201d.<\/p>\n<p style=\"text-align: justify;\"><strong>Si \u00e8 parlato o meglio ipotizzato il nome di Mimmo Leogrande. Poi \u00e8 stato sostituito da quello di Tina Resta. Infine, Sandro Laera. Cosa c&#8217;\u00e8 di vero in tutto questo?<\/strong><\/p>\n<p style=\"text-align: justify;\">\u201cNiente. Solo dicerie di piazza. Sandro Laera \u00e8 l&#8217;unico nome proposto da tutte le forze politiche che lo sostengono. Sono contento che lui abbia accettato questa bellissima sfida, da vivere con la squadra che rappresenta e soprattutto con tutti i cittadini, che credono ad una Turi fuori dai vecchi schemi personalistici e politici\u201d.<\/p>\n<p style=\"text-align: justify;\"><strong>In merito alle elezioni Europee, come si sta muovendo Michele Boccardi?<\/strong><\/p>\n<p style=\"text-align: justify;\">\u201cTutto il coordinamento regionale di Forza Italia, di cui faccio parte, appoggia in modo compatto la candidatura alle Europee dell&#8217;On. Raffaele Fitto. Il nostro unico obiettivo sar\u00e0 quello ottenere un risultato straordinario per il partito e per Raffaele Fitto\u201d.<\/p>\n","protected":false},"excerpt":{"rendered":"<p><img loading=\"lazy\" decoding=\"async\" src=\"https:\/\/farm8.staticflickr.com\/7418\/13967142593_389a408117.jpg\" width=\"320\" height=\"240\" alt=\"Il Consigliere Regionale Boccardi Michele\" \/><\/p>\n","protected":false},"author":1,"featured_media":0,"comment_status":"open","ping_status":"closed","sticky":false,"template":"","format":"standard","meta":{"colormag_page_container_layout":"default_layout","colormag_page_sidebar_layout":"default_layout","footnotes":""},"categories":[4],"tags":[],"class_list":["post-11846","post","type-post","status-publish","format-standard","hentry","category-politica"],"_links":{"self":[{"href":"https:\/\/archivioturi.lavocedelpaese.info\/index.php\/wp-json\/wp\/v2\/posts\/11846","targetHints":{"allow":["GET"]}}],"collection":[{"href":"https:\/\/archivioturi.lavocedelpaese.info\/index.php\/wp-json\/wp\/v2\/posts"}],"about":[{"href":"https:\/\/archivioturi.lavocedelpaese.info\/index.php\/wp-json\/wp\/v2\/types\/post"}],"author":[{"embeddable":true,"href":"https:\/\/archivioturi.lavocedelpaese.info\/index.php\/wp-json\/wp\/v2\/users\/1"}],"replies":[{"embeddable":true,"href":"https:\/\/archivioturi.lavocedelpaese.info\/index.php\/wp-json\/wp\/v2\/comments?post=11846"}],"version-history":[{"count":0,"href":"https:\/\/archivioturi.lavocedelpaese.info\/index.php\/wp-json\/wp\/v2\/posts\/11846\/revisions"}],"wp:attachment":[{"href":"https:\/\/archivioturi.lavocedelpaese.info\/index.php\/wp-json\/wp\/v2\/media?parent=11846"}],"wp:term":[{"taxonomy":"category","embeddable":true,"href":"https:\/\/archivioturi.lavocedelpaese.info\/index.php\/wp-json\/wp\/v2\/categories?post=11846"},{"taxonomy":"post_tag","embeddable":true,"href":"https:\/\/archivioturi.lavocedelpaese.info\/index.php\/wp-json\/wp\/v2\/tags?post=11846"}],"curies":[{"name":"wp","href":"https:\/\/api.w.org\/{rel}","templated":true}]}}