{"id":11844,"date":"2014-04-22T03:04:47","date_gmt":"2014-04-22T03:04:47","guid":{"rendered":"https:\/\/archivioturi.lavocedelpaese.info\/index.php\/2014\/04\/22\/fanno-cosi-paura-i-cittadini-liberi\/"},"modified":"2014-04-22T03:04:47","modified_gmt":"2014-04-22T03:04:47","slug":"fanno-cosi-paura-i-cittadini-liberi","status":"publish","type":"post","link":"https:\/\/archivioturi.lavocedelpaese.info\/index.php\/2014\/04\/22\/fanno-cosi-paura-i-cittadini-liberi\/","title":{"rendered":"\u201cFanno cos\u00ec paura i cittadini liberi?\u201d"},"content":{"rendered":"<p><img loading=\"lazy\" decoding=\"async\" src=\"https:\/\/farm3.staticflickr.com\/2931\/13943704022_fc5e108639_m.jpg\" width=\"240\" height=\"240\" alt=\"giuseppem5s\" \/><\/p>\n<p style=\"text-align: justify;\">\u201cLa voce del paese\u201d intervista Giuseppe Zagaria, uno degli attivisti fondatori del Movimento 5 Stelle di Turi e candidato in lista per le Amministrative 2014.<\/p>\n<p style=\"text-align: justify;\"><strong>Chi \u00e8 Giuseppe Zagaria?<\/strong><\/p>\n<p style=\"text-align: justify;\">\u201cGiuseppe Zagaria \u00e8 un ragazzo che vive da 26 anni a Turi, con la passione per l\u2019informatica, nata all&#8217;et\u00e0 di 6 anni, quando ha avuto a che fare per la prima volta con un Commodore64, poi proseguita con il diploma di perito informatico, conseguito presso l&#8217;ITIS di Gioia Del Colle, e&nbsp; in seguito con una laurea, l&#8217;anno scorso, presso l&#8217;Universit\u00e0 degli studi di Bari. \u00c8 un appassionato di Intelligenza Artificiale, Sviluppo di Videogiochi e Tecnologie OpenSource. Attualmente \u00e8 informatico e webmaster freelance, ovvero lavora a progetto, e per hobby, produttore di musica elettronica e Deejay\u201d.<\/p>\n<p style=\"text-align: justify;\"><strong>Cosa ti ha spinto ad entrare nel M5S?<\/strong><\/p>\n<p style=\"text-align: justify;\">\u201cNon \u00e8 proprio corretto dire \u201ccosa ti ha spinto\u201d, perch\u00e9 io sono tra quelli che ha visto nascere il movimento e ne ha contribuito alla nascita. Sono iscritto e seguo il blog di Grillo fin dagli inizi. Gi\u00e0 all&#8217;et\u00e0 di 14 anni avevo un\u2019 idea ben precisa di come avrebbe dovuto essere il mondo e nessun partito politico \u00e8 mai riuscito a rappresentare, nella sua totalit\u00e0, queste mie idee, a differenza del Movimento 5 Stelle, probabilmente perch\u00e9 lo stesso gruppo \u00e8 nato dalle menti di internauti come me. Diventare un pentastellato \u00e8 stato per me del tutto naturale. In passato, in vista delle elezioni, su Turiweb avevo cercato di contattare persone non contente della attuale situazione politica, per creare una lista, non ricevendo alcun consenso. L\u2019unica risposta ricevuta fu una richiesta di unirmi ad una lista civica, che solo sulla carta era fatta di gente nuova. All\u2019inizio del 2013 ho iniziato ad essere pi\u00f9 fortunato\u201d.<\/p>\n<p style=\"text-align: justify;\">&nbsp;<strong>Cosa pensi dell&#8217;Amministrazione comunale degli ultimi anni? Che cosa \u00e8 stato fatto per Turi?<\/strong><\/p>\n<p style=\"text-align: justify;\">\u201cDall&#8217;Amministrazione Comunale degli ultimi anni sono deluso, anche perch\u00e9 il mio voto non ha mai avuto spazio, i delegati che sono riuscito a mandare al Comune quasi sempre hanno finito per dimettersi, non portando a termine le promesse fatte, o hanno avuto un ruolo marginale, nonostante i tanti voti ricevuti. Nel caso pi\u00f9 eclatante, la dimissione del mio delegato ha fatto salire al Comune, al suo posto, uno membro dell&#8217;opposizione, un fatto che ha leso il mio diritto alla democrazia in quanto cittadino di questa comunit\u00e0.&nbsp; Questo \u00e8 uno dei tanti motivi che mi ha spinto a mettermi in gioco. Da pochi anni sto studiando la storia turese e credo che da quasi venti anni, se non di pi\u00f9, Turi sia in decadenza, ora pi\u00f9 che mai. Solo per un periodo abbiamo avuto un\u2019Amministrazione che ha ben governato, ma, caso strano, la stessa Amministrazione non \u00e8 pi\u00f9 riuscita a presentarsi e la sua \u201cvecchia gloria\u201d, ormai viene solo usata come semplice \u201cpupazzo portavoti\u201d, in nome di un ricordo nostalgico di quel periodo andato\u201d.<\/p>\n<p style=\"text-align: justify;\"><strong>Qual \u00e8 il tuo pensiero riguardo all&#8217;attuale campagna elettorale? Il Movimento ha parlato di &#8220;politici che pensano solo a fare gossip&#8221;. Perch\u00e9?<\/strong><\/p>\n<p style=\"text-align: justify;\">\u201cNelle altre liste non hanno ancora formato una squadra o ci sono arrivati solo ora. Noi siamo gi\u00e0 pronti da febbraio. Cosa ci vuole a formare una lista? T\u2019impegni nel movimento o partito. Hai idee che non entrano in conflitto con i suoi principi, puoi candidarti. Nelle altre liste, invece, sembra che ci sia una \u201ccampagna acquisti\u201d per scegliere i candidati, in base ai voti feudali o alla popolarit\u00e0, facendo ricadere la scelta sempre sui soliti noti del paese; diversamente, se la faccia \u00e8 nuova, dietro c&#8217;\u00e8 lo spauracchio di un volto vecchio. Non si pensa mai a dar spazio a umili cittadini, come abbiamo fatto noi del Movimento. Il Politico non deve esser un VIP, ma un cittadino\u201d.<\/p>\n<p style=\"text-align: justify;\"><strong>Se eletti, porterete gli stessi cittadini dentro il Comune. Come pensate di farlo?<\/strong><\/p>\n<p style=\"text-align: justify;\">\u201cTramite il blog e il nostro canale di youtube faremmo le stesse cose gi\u00e0 sperimentate a livello nazionale: videoblog con il resoconto di ogni assemblea comunale con rispettiva diretta streaming, cercando di stimolare il cittadino ad informarsi. Ormai si usano il videostreaming e i vari social network per ricevere spam pubblicitari ed esser informati sul pettegolezzo riguardo all&#8217;amico di turno, perch\u00e9 non usarli anche per informare in modo virale su ci\u00f2 che avviene in comune? I nostri gazebo settimanali, anche in caso di avvenuta elezione, continueranno ad informare sul nostro operato anche chi non ha accesso alla rete. Tutto questo sar\u00e0 possibile grazie agli attivisti, perch\u00e9 senza di loro tutto ci\u00f2 non sarebbe realizzabile. Voglio ribadire: noi non siamo un gruppo chiuso, anzi, chiunque pu\u00f2 entrare a far parte del Movimento 5 Stelle di Turi, basta avere i nostri stessi obbiettivi ed esser onesti. Se qualcuno si avvicina a noi solo sotto elezioni, nella speranza di diventare un consigliere comunale, ha proprio sbagliato Movimento\u201d.<\/p>\n<p style=\"text-align: justify;\"><strong>Il 6 aprile avete raccolto 112 firme di cittadini che sottoscrivevano la lista M5S. Vi aspettavate questo risultato?<\/strong><\/p>\n<p style=\"text-align: justify;\">\u201cS\u00ec, ci aspettavamo di raggiungere le 100 firme, ma di farlo in meno di 3 ore, ammetto di no, questo ci ha incentivato ancora di pi\u00f9, perch\u00e9 vuol dire che Turi sta cambiando\u201d.<\/p>\n<p style=\"text-align: justify;\"><strong>Sul vostro sito, in merito alla raccolta delle firme, avete parlato di &#8220;20 cecchini a fissare i Turesi che sottoscrivevano la lista del M5S. Niente sole ma tanti raggi di cambiamento. Fanno cos\u00ec paura i numeri di questi cittadini LIBERI?&#8221;. Cosa \u00e8 successo? Chi erano i cosiddetti &#8220;cecchini&#8221;?<\/strong><\/p>\n<p style=\"text-align: justify;\">\u201cFanno paura i cittadini LIBERI? Tale domanda dovreste rivolgerla ai diretti interessati. I \u201ccecchini\u201d non so se fossero proprio 20, ma erano i cosiddetti \u201csegugi\u201d delle varie liste politiche, pronti a controllare se i loro sudditi stessero supportando il nemico. Ovviamente erano presenti anche il 12 aprile alla nostra presentazione di lista e in tutti gli altri nostri eventi, partendo dall&#8217;anno scorso\u201d.<\/p>\n<p style=\"text-align: justify;\"><strong>Come \u00e8 stata accolta la vostra entrata in scena dai politici locali e dai cittadini?<\/strong><\/p>\n<p style=\"text-align: justify;\">\u201cDa parte dei cittadini, pi\u00f9 che positiva, perch\u00e9 ci fermano e ci parlano dei problemi di Turi, ma come sappiamo le urne ci diranno la verit\u00e0.&nbsp; Sicuramente i politici locali non li abbiamo lasciati indifferenti nei nostri confronti, al contrario di quello che dicono i giornali locali\u201d.<\/p>\n<p style=\"text-align: justify;\"><strong>Se gi\u00e0 sapessi di aver vinto, qual \u00e8 la prima cosa che faresti per Turi?<\/strong><\/p>\n<p style=\"text-align: justify;\">\u201cCome detto da Francesco in presentazione di lista, daremo priorit\u00e0 alle richieste ricevute con l&#8217;evento \u201cquartieri in movimento\u201d: in primo luogo, cercheremo di portare la democrazia, che per noi \u00e8 la \u201ccosa pubblica\u201d in mano alle persone, eliminando quella distanza che si \u00e8 creata tra enti amministrativi e cittadini. Siamo noi i datori di lavoro dei nostri politici, ma non abbiamo il controllo di quello che fanno i nostri dipendenti con la nostra Azienda Comune. La seconda richiesta fatta dai turesi \u00e8 stata la vivibilit\u00e0, noi l&#8217;abbiamo interpreta nell&#8217;atto di riqualificare pi\u00f9 spazi pubblici possibili, attualmente dismessi, e riconsegnarli in modo decoroso ai nostri (a noi) cittadini\u201d.<\/p>\n<p style=\"text-align: justify;\"><strong>Credete di poter vincere?<\/strong><\/p>\n<p style=\"text-align: justify;\">\u201cCerto, se abbiamo deciso di metterci in gioco \u00e8 perch\u00e9 ci crediamo, nessuno partecipa ad una competizione con la voglia di perdere, ma anche solo far entrare uno di noi come consigliere per noi sarebbe una vittoria. Ci\u00f2 consentirebbe finalmente a noi cittadini di far sapere cosa combinano e controllare l\u2019operato dei nostri \u201cdelegati\/dipendenti al Comune\u201d.<\/p>\n","protected":false},"excerpt":{"rendered":"<p><img loading=\"lazy\" decoding=\"async\" src=\"https:\/\/farm3.staticflickr.com\/2931\/13943704022_fc5e108639_m.jpg\" width=\"240\" height=\"240\" alt=\"giuseppem5s\" \/><\/p>\n","protected":false},"author":1,"featured_media":0,"comment_status":"open","ping_status":"closed","sticky":false,"template":"","format":"standard","meta":{"colormag_page_container_layout":"default_layout","colormag_page_sidebar_layout":"default_layout","footnotes":""},"categories":[4],"tags":[],"class_list":["post-11844","post","type-post","status-publish","format-standard","hentry","category-politica"],"_links":{"self":[{"href":"https:\/\/archivioturi.lavocedelpaese.info\/index.php\/wp-json\/wp\/v2\/posts\/11844","targetHints":{"allow":["GET"]}}],"collection":[{"href":"https:\/\/archivioturi.lavocedelpaese.info\/index.php\/wp-json\/wp\/v2\/posts"}],"about":[{"href":"https:\/\/archivioturi.lavocedelpaese.info\/index.php\/wp-json\/wp\/v2\/types\/post"}],"author":[{"embeddable":true,"href":"https:\/\/archivioturi.lavocedelpaese.info\/index.php\/wp-json\/wp\/v2\/users\/1"}],"replies":[{"embeddable":true,"href":"https:\/\/archivioturi.lavocedelpaese.info\/index.php\/wp-json\/wp\/v2\/comments?post=11844"}],"version-history":[{"count":0,"href":"https:\/\/archivioturi.lavocedelpaese.info\/index.php\/wp-json\/wp\/v2\/posts\/11844\/revisions"}],"wp:attachment":[{"href":"https:\/\/archivioturi.lavocedelpaese.info\/index.php\/wp-json\/wp\/v2\/media?parent=11844"}],"wp:term":[{"taxonomy":"category","embeddable":true,"href":"https:\/\/archivioturi.lavocedelpaese.info\/index.php\/wp-json\/wp\/v2\/categories?post=11844"},{"taxonomy":"post_tag","embeddable":true,"href":"https:\/\/archivioturi.lavocedelpaese.info\/index.php\/wp-json\/wp\/v2\/tags?post=11844"}],"curies":[{"name":"wp","href":"https:\/\/api.w.org\/{rel}","templated":true}]}}