{"id":11842,"date":"2014-04-22T05:58:16","date_gmt":"2014-04-22T05:58:16","guid":{"rendered":"https:\/\/archivioturi.lavocedelpaese.info\/index.php\/2014\/04\/22\/metteremo-su-un-paese-smart\/"},"modified":"2014-04-22T05:58:16","modified_gmt":"2014-04-22T05:58:16","slug":"metteremo-su-un-paese-smart","status":"publish","type":"post","link":"https:\/\/archivioturi.lavocedelpaese.info\/index.php\/2014\/04\/22\/metteremo-su-un-paese-smart\/","title":{"rendered":"Metteremo su un \u201cpaese smart\u201d"},"content":{"rendered":"<p style=\"text-align: justify;\"><img loading=\"lazy\" decoding=\"async\" src=\"https:\/\/farm8.staticflickr.com\/7062\/13943511441_015230dd68_n.jpg\" alt=\"Impegno comune per Turi\" width=\"320\" height=\"213\" \/><\/p>\n<p style=\"text-align: justify;\">Mercoled\u00ec 16 aprile, ore 19.00, presso la sede del PD in piazza Aldo Moro s\u00ec \u00e8 tenuta la conferenza stampa per la presentazione del simbolo della coalizione \u201cImpegno comune per Turi\u201d. Presenti il dott. Menino Coppi, Lavinia Orlando, Piero Camposeo e Fabrizio Resta. \u201cImpegno comune per Turi\u201d, \u00e8 una coalizione che nasce con l\u2019idea di mettere insieme gruppi del centro-sinistra e di sinistra, ovvero il Partito Democratico, Rifondazione Comunista, Sinistra, Ecologia e Libert\u00e0 insieme ad una lista civica, Impegno per Turi.<\/p>\n<p style=\"text-align: justify;\">Il gruppo ha individuato nella figura di Menino Coppi il proprio candidato sindaco: \u201cdiciamo che questa per me \u00e8 stata una scelta non facile, perch\u00e9 da tempo avevo deciso di non essere pi\u00f9 coinvolto nelle vicende politiche. Ho sempre preferito, negli ultimi tempi, dare sostegno a chi invece era in prima linea. A un certo punto, anche per le varie sollecitazioni ricevute, ho pensato che, per senso di responsabilit\u00e0, fosse necessario un mio impegno personale. Abbiamo cos\u00ec voluto dare la possibilit\u00e0 ai cittadini turesi di scegliere e di non dover tornare sulle vecchie strade, che ci hanno portato in un vicolo cieco. Turi in questo momento \u00e8 in una situazione disastrosa, bisogna invece tornare ad essere turesi orgogliosi\u201d. Il gruppo afferma di essersi rimboccato le maniche, perch\u00e9 ritiene di poter dare un contributo che possa infondere speranza, \u201cnoi lavoriamo per il futuro di questa comunit\u00e0\u201d. Dal discorso fatto dal dott. Coppi, tre sono le questioni che si evincono: il senso di comunit\u00e0, l\u2019impegno e il cambiamento. Il paese non si sente pi\u00f9 una comunit\u00e0, perch\u00e9 non ha perso gli elementi connettivi per sentirsi tale: recuperare questo senso di appartenenza \u00e8 uno degli obiettivi principali che la coalizione si pone, facendo s\u00ec che tutte le risorse del paese siano messe in relazione, in modo da potersi sentire dentro una societ\u00e0 vera. L\u2019impegno deve essere principalmente di chi amministra, il quale ha bisogno di un consenso, che deve coinvolgere tutti: se non si lavora insieme per un obiettivo, non si raggiunger\u00e0 nulla. A tal riguardo, Menino richiama un leitmotiv kennediano: \u201cNon chiedete al Comune cosa pu\u00f2 fare per voi, ma cosa voi (cittadini) potete fare per Turi\u201d \u2013 e prosegue \u2013 \u201cbisogna lavorare insieme per raggiungere gli obiettivi. Se non cambia il clima che ci tiene insieme, non riusciremo a fare quel passo in avanti che \u00e8 assolutamente necessario in questo momento\u201d. Bisogna avere la mente aperta al mondo, \u201cpensare globalmente, operare localmente\u201d, c\u2019\u00e8 necessit\u00e0 di stabilire legami anche con le altre comunit\u00e0, si devono mettere in atto iniziative di collaborazione e cooperazione con i Comuni vicino a noi. Viene affrontata anche la questione dell\u2019afflusso di nuovi abitanti negli ultimi venti anni. Questo avvenimento ha cambiato profondamente la struttura sociale ed economica di Turi, ne \u00e8 divento un elemento di ricchezza, il \u201csangue vivo che d\u00e0 pi\u00f9 ossigeno\u201d. Questo fenomeno, inoltre, fa capire che Turi attrae per tanti motivi di cui gli stessi turesi non hanno consapevolezza. Turi deve diventare all\u2019altezza di ci\u00f2 che gi\u00e0 ha. \u201cSiamo un paese con bassissima autostima, dobbiamo crede in noi stessi e nelle cose che abbiamo\u201d. Si accenna brevemente anche alla mancanza dei servizi per le persone, la carenza dei luoghi in cui riunirsi: \u201cDobbiamo dare i servizi cos\u00ec da creare ulteriore attrattiva\u201d, incentivando la vendita delle case vuote e risollevando in generale il valore degli immobili di tutti i turesi, secondo un piano urbanistico ben preciso. Si deve puntare al recupero, bisogna recuperare quanto pi\u00f9 possibile a livello urbanistico, perch\u00e9 \u00e8 impensabile un\u2019ulteriore espansione, che \u00e8 gi\u00e0 stata eccessiva. \u201cQuesto \u00e8 un obiettivo importantissimo\u201d, ribadisce pi\u00f9 volte il dott. Menino. <img loading=\"lazy\" decoding=\"async\" style=\"margin-top: 10px; margin-bottom: 10px; margin-left: 10px; float: right;\" src=\"https:\/\/farm3.staticflickr.com\/2923\/13966662533_a5f62e9875_n.jpg\" alt=\"logo impegno comune per Turi \" width=\"320\" height=\"320\" \/>Non serve parlare del passato e di come si \u00e8 arrivati a questo punto: \u201cIl passato \u00e8 passato e ci mettiamo una pietra sopra. Esso \u00e8 davanti agli occhi di tutti noi, non serve che qualcuno metta la didascalia sotto la fotografia\u201d. Segue un piccolo elenco dei principi generali che saranno alla base del programma elettorale, ora in fase di preparazione. Quanto verr\u00e0 detto, trattato, realizzato, dovr\u00e0 fare i conti con la trasparenza, con l\u2019ascolto e la partecipazione, con l\u2019integrazione, l\u2019equit\u00e0, la valorizzazione economica delle risorse e del territorio, con la solidariet\u00e0, con la semplificazione della burocrazia, insieme a pi\u00f9 connettivit\u00e0 e pi\u00f9 informazione: \u201cCercheremo di mettere su un paese smart\u201d \u2013 asserisce Coppi. Terminata la presentazione, seguono le domande dei giornalisti, con cui il gruppo di coalizione chiarisce ulteriori punti, tra cui il problema della mancanza di luoghi di incontro per gli anziani, per cui \u201cla prima cosa da fare \u00e8 individuare spazi idonei a far incontrare le persone\u201d. Altra problematica sottoposta all\u2019attenzione dei rappresentanti dei partiti \u00e8 il bisogno di un sindaco che operi a tempo pieno; non \u00e8 mancata la rassicurazione dello stesso Menino: \u201cse eletto, far\u00f2 sicuramente il sindaco a tempo pieno. Di questo sono assolutamente convinto, perch\u00e9 lasciare la propria professione per fare altro non \u00e8 una cosa semplice. Non saprei fare altrimenti e non so come hanno fatto gli altri. \u00c8 impossibile fare il sindaco e un altro lavoro\u201d. Vengono chieste le motivazioni per cui l\u2019ex segretario del PD, l\u2019imprenditrice Annarita Rossi, non sia presente. Il problema, secondo il candidato sindaco, \u00e8 stato semplicemente una differenza di opinioni politiche e non personali, rispetto al fare o non fare un\u2019alleanza. Se l\u2019ex segretario riteneva di poter andare alle elezioni da sol, la maggioranza del PD propendeva invece a partecipare a questa formazione. Spinosa, come sempre, la questione dei finanziamenti dall\u2019Europa, che troppo spesso sono tornati indietro perch\u00e9 evidentemente negli ultimi anni nessuno \u00e8 stato capace di accedervi. Questo comporterebbe anche un riassetto all\u2019interno del Comune, cercando di compensare risorse e carenze. \u201cSe non hai una struttura amministrativa adeguata \u2013 aggiunge il candidato sindaco \u2013 le nostre parole sono fumo\u201d. Naturalmente \u00e8 stato ricordato anche il centro cittadino, che si \u00e8 svuotata di tutto, attivit\u00e0 commerciali, popolazione: \u201cStiamo lavorando su tutto questo. Non a caso ho parlato di recupero. Dobbiamo tornare a riguardare verso la parte pi\u00f9 vecchia del paese\u201d. L\u2019ultima domanda riguarda la lista dei candidati. Pare che la sua composizione sia a buon punto, si starebbe lavorando per \u201carricchirla\u201d, in modo da creare relazioni sane tra coloro che ne faranno parte: \u201cquesto \u00e8 il presupposto fondamentale\u201d \u2013 afferma Piero Camposeo \u2013 \u201cperch\u00e9 guardando indietro, abbiamo constatato che i problemi principali sono nati per via dei cattivi rapporti e delle cattive attitudini delle persone che si sono spese nella politica negli ultimi anni. Noi contiamo invece sulle relazioni sane tra di noi. Nessuno si deve guardare le spalle e tutti devono essere disposti ad aiutare. Queste caratteristiche umane vengono prima delle competenze tecniche, perch\u00e9 a queste ultime, in qualche modo, si pu\u00f2 sopperire. Noi puntiamo sulle capacit\u00e0 relazionali, costruire rapporti, superare gli attriti e le difficolt\u00e0 quotidiane\u201d. La lista, inoltre, sar\u00e0 un mix tra esperienza e nuove competenze: \u201cNoi non siamo i populisti del nuovismo, ma pensiamo che sia giusto un equilibrio\u201d.<\/p>\n","protected":false},"excerpt":{"rendered":"<p style=\"text-align: justify;\"><img loading=\"lazy\" decoding=\"async\" src=\"https:\/\/farm8.staticflickr.com\/7062\/13943511441_015230dd68_n.jpg\" alt=\"Impegno comune per Turi\" width=\"320\" height=\"213\" \/><\/p>\n","protected":false},"author":1,"featured_media":0,"comment_status":"open","ping_status":"closed","sticky":false,"template":"","format":"standard","meta":{"colormag_page_container_layout":"default_layout","colormag_page_sidebar_layout":"default_layout","footnotes":""},"categories":[4],"tags":[],"class_list":["post-11842","post","type-post","status-publish","format-standard","hentry","category-politica"],"_links":{"self":[{"href":"https:\/\/archivioturi.lavocedelpaese.info\/index.php\/wp-json\/wp\/v2\/posts\/11842","targetHints":{"allow":["GET"]}}],"collection":[{"href":"https:\/\/archivioturi.lavocedelpaese.info\/index.php\/wp-json\/wp\/v2\/posts"}],"about":[{"href":"https:\/\/archivioturi.lavocedelpaese.info\/index.php\/wp-json\/wp\/v2\/types\/post"}],"author":[{"embeddable":true,"href":"https:\/\/archivioturi.lavocedelpaese.info\/index.php\/wp-json\/wp\/v2\/users\/1"}],"replies":[{"embeddable":true,"href":"https:\/\/archivioturi.lavocedelpaese.info\/index.php\/wp-json\/wp\/v2\/comments?post=11842"}],"version-history":[{"count":0,"href":"https:\/\/archivioturi.lavocedelpaese.info\/index.php\/wp-json\/wp\/v2\/posts\/11842\/revisions"}],"wp:attachment":[{"href":"https:\/\/archivioturi.lavocedelpaese.info\/index.php\/wp-json\/wp\/v2\/media?parent=11842"}],"wp:term":[{"taxonomy":"category","embeddable":true,"href":"https:\/\/archivioturi.lavocedelpaese.info\/index.php\/wp-json\/wp\/v2\/categories?post=11842"},{"taxonomy":"post_tag","embeddable":true,"href":"https:\/\/archivioturi.lavocedelpaese.info\/index.php\/wp-json\/wp\/v2\/tags?post=11842"}],"curies":[{"name":"wp","href":"https:\/\/api.w.org\/{rel}","templated":true}]}}